{"id":56063,"date":"2024-04-26T12:41:13","date_gmt":"2024-04-26T15:41:13","guid":{"rendered":"https:\/\/www.portalalerta.com.br\/?p=56063"},"modified":"2024-04-26T12:41:14","modified_gmt":"2024-04-26T15:41:14","slug":"2-841-pessoas-foram-atendidas-durante-a-semana-de-saude-em-ribeira-do-pombal-ba","status":"publish","type":"post","link":"https:\/\/www.portalalerta.com.br\/index.php\/2024\/04\/26\/2-841-pessoas-foram-atendidas-durante-a-semana-de-saude-em-ribeira-do-pombal-ba\/","title":{"rendered":"2.841 pessoas foram atendidas durante a Semana de Sa\u00fade, em Ribeira do Pombal-BA"},"content":{"rendered":"\n<p>O Prefeito Eriksson Silva, e a Secret\u00e1ria de Sa\u00fade, Lakcelma Costa, comemoraram os 2.841 atendimentos em diversas especialidades m\u00e9dicas durante a Semana de Sa\u00fade, dias 22, 23 e 24 de abril 2024, em Ribeira do Pombal.<\/p>\n\n\n\n<!--more-->\n\n\n<div class=\"wp-block-image\">\n<figure class=\"alignleft size-large is-resized\"><img fetchpriority=\"high\" decoding=\"async\" src=\"https:\/\/www.portalalerta.com.br\/wp-content\/uploads\/2024\/04\/autoescola-emprego-1024x1024.jpg\" alt=\"\" class=\"wp-image-55693\" width=\"398\" height=\"398\" srcset=\"https:\/\/www.portalalerta.com.br\/wp-content\/uploads\/2024\/04\/autoescola-emprego-1024x1024.jpg 1024w, https:\/\/www.portalalerta.com.br\/wp-content\/uploads\/2024\/04\/autoescola-emprego-240x240.jpg 240w, https:\/\/www.portalalerta.com.br\/wp-content\/uploads\/2024\/04\/autoescola-emprego-768x768.jpg 768w, https:\/\/www.portalalerta.com.br\/wp-content\/uploads\/2024\/04\/autoescola-emprego.jpg 1080w\" sizes=\"(max-width: 398px) 100vw, 398px\" \/><\/figure><\/div>\n\n\n<p><strong><em>&#8220;Finalizamos com sentimento de gratid\u00e3o! Um compromisso com nossa popula\u00e7\u00e3o, valorizando a sa\u00fade, onde foram realizados centenas de consultas, exames, em diversas \u00e1reas m\u00e9dicas! Obrigada \u00e0 todos os profissionais envolvidos, equipe da secretaria, al\u00e9m da popula\u00e7\u00e3o que faz dessa semana ser sempre um sucesso!&#8221;<\/em><\/strong> disse a secret\u00e1ria.<\/p>\n\n\n\n<p><em>Fonte: Joilson Costa<\/em><\/p>\n","protected":false},"excerpt":{"rendered":"<p>O Prefeito Eriksson Silva, e a Secret\u00e1ria de Sa\u00fade, Lakcelma Costa, comemoraram os 2.841 atendimentos em diversas especialidades m\u00e9dicas durante a Semana de Sa\u00fade, dias 22, 23 e 24 de abril 2024, em Ribeira do Pombal.<\/p>\n","protected":false},"author":2,"featured_media":56062,"comment_status":"open","ping_status":"open","sticky":false,"template":"","format":"standard","meta":{"om_disable_all_campaigns":false,"_monsterinsights_skip_tracking":false,"_monsterinsights_sitenote_active":false,"_monsterinsights_sitenote_note":"","_monsterinsights_sitenote_category":0,"footnotes":""},"categories":[70,69,32,3,19],"tags":[100,71,48,75,4178,4180,129,107,4181,132,230,106,203,120,51,109,88,47,61,6861,834,111,190],"class_list":["post-56063","post","type-post","status-publish","format-standard","has-post-thumbnail","hentry","category-destaques","category-noticias2","category-regiao","category-ribeira-do-pombal","category-saude","tag-adustina","tag-antas","tag-araci","tag-cicero-dantas","tag-cipo-2","tag-crisopolis-2","tag-euclides-da-cunha","tag-fatima","tag-heliopolis-2","tag-itapicuru","tag-jeremoabo","tag-nova-soure","tag-novo-triunfo","tag-olindina","tag-paripiranga","tag-quijingue","tag-ribeira-do-amparo","tag-ribeira-do-pombal","tag-saude","tag-secrataria-municipal-de-saude","tag-semana-de-saude","tag-sitio-do-quinto","tag-tucano"],"aioseo_notices":[],"_links":{"self":[{"href":"https:\/\/www.portalalerta.com.br\/index.php\/wp-json\/wp\/v2\/posts\/56063","targetHints":{"allow":["GET"]}}],"collection":[{"href":"https:\/\/www.portalalerta.com.br\/index.php\/wp-json\/wp\/v2\/posts"}],"about":[{"href":"https:\/\/www.portalalerta.com.br\/index.php\/wp-json\/wp\/v2\/types\/post"}],"author":[{"embeddable":true,"href":"https:\/\/www.portalalerta.com.br\/index.php\/wp-json\/wp\/v2\/users\/2"}],"replies":[{"embeddable":true,"href":"https:\/\/www.portalalerta.com.br\/index.php\/wp-json\/wp\/v2\/comments?post=56063"}],"version-history":[{"count":1,"href":"https:\/\/www.portalalerta.com.br\/index.php\/wp-json\/wp\/v2\/posts\/56063\/revisions"}],"predecessor-version":[{"id":56064,"href":"https:\/\/www.portalalerta.com.br\/index.php\/wp-json\/wp\/v2\/posts\/56063\/revisions\/56064"}],"wp:featuredmedia":[{"embeddable":true,"href":"https:\/\/www.portalalerta.com.br\/index.php\/wp-json\/wp\/v2\/media\/56062"}],"wp:attachment":[{"href":"https:\/\/www.portalalerta.com.br\/index.php\/wp-json\/wp\/v2\/media?parent=56063"}],"wp:term":[{"taxonomy":"category","embeddable":true,"href":"https:\/\/www.portalalerta.com.br\/index.php\/wp-json\/wp\/v2\/categories?post=56063"},{"taxonomy":"post_tag","embeddable":true,"href":"https:\/\/www.portalalerta.com.br\/index.php\/wp-json\/wp\/v2\/tags?post=56063"}],"curies":[{"name":"wp","href":"https:\/\/api.w.org\/{rel}","templated":true}]}}