{"id":56065,"date":"2024-04-26T12:43:20","date_gmt":"2024-04-26T15:43:20","guid":{"rendered":"https:\/\/www.portalalerta.com.br\/?p=56065"},"modified":"2024-04-26T12:43:21","modified_gmt":"2024-04-26T15:43:21","slug":"mauro-cid-presta-novo-depoimento-a-pf-sobre-caso-das-joias-recebidas-por-bolsonaro","status":"publish","type":"post","link":"https:\/\/www.portalalerta.com.br\/index.php\/2024\/04\/26\/mauro-cid-presta-novo-depoimento-a-pf-sobre-caso-das-joias-recebidas-por-bolsonaro\/","title":{"rendered":"Mauro Cid presta novo depoimento \u00e0 PF sobre caso das joias recebidas por Bolsonaro"},"content":{"rendered":"\n<p>Depoimento ocorre por videoconfer\u00eancia na sede da corpora\u00e7\u00e3o em Bras\u00edlia j\u00e1 que agentes est\u00e3o nos EUA investigando o caso<\/p>\n\n\n\n<!--more-->\n\n\n\n<p>O\u00a0<strong>tenente-coronel Mauro Cid<\/strong>, ex-ajudante de ordens do\u00a0<strong>ex-presidente Jair Bolsonaro (PL)<\/strong>, prestar\u00e1 novo depoimento \u00e0 Pol\u00edcia Federal na tarde desta sexta-feira (26). A oitiva faz parte do inqu\u00e9rito das joias recebidas por Bolsonaro e sua\u00a0<strong>esposa, Michelle<\/strong>. De acordo com fontes ouvidas pela\u00a0<strong>RECORD<\/strong>, trata-se apenas de confirma\u00e7\u00f5es de informa\u00e7\u00f5es j\u00e1 prestadas por Cid. O tenente-coronel foi deslocado do batalh\u00e3o do Ex\u00e9rcito, onde est\u00e1 preso, para a sede da Pol\u00edcia Federal em Bras\u00edlia, de onde fala com os agentes por videoconfer\u00eancia, j\u00e1 que os policiais est\u00e3o nos Estados Unidos investigando a tentativa ilegal de venda das joias. A corpora\u00e7\u00e3o pretende encerrar o inqu\u00e9rito at\u00e9 maio.<\/p>\n\n\n<div class=\"wp-block-image\">\n<figure class=\"alignleft size-full\"><img fetchpriority=\"high\" decoding=\"async\" width=\"372\" height=\"786\" src=\"https:\/\/www.portalalerta.com.br\/wp-content\/uploads\/2024\/03\/Real-10x-100-juros-2024.jpg\" alt=\"\" class=\"wp-image-55190\" srcset=\"https:\/\/www.portalalerta.com.br\/wp-content\/uploads\/2024\/03\/Real-10x-100-juros-2024.jpg 372w, https:\/\/www.portalalerta.com.br\/wp-content\/uploads\/2024\/03\/Real-10x-100-juros-2024-114x240.jpg 114w\" sizes=\"(max-width: 372px) 100vw, 372px\" \/><\/figure><\/div>\n\n\n<p>Em 26 de mar\u00e7o, o\u00a0<strong>general Mauro Cesar Lourena Cid<\/strong>, pai de\u00a0<strong>Mauro Cid<\/strong>, prestou\u00a0<strong>depoimento \u00e0 Pol\u00edcia Federal<\/strong>. O militar tamb\u00e9m \u00e9 investigado pela suspeita de vender joias e presentes oficiais recebidos pelo casal Bolsonaro. Em agosto de 2023, a PF cumpriu quatro mandados de busca e apreens\u00e3o em uma opera\u00e7\u00e3o de combate a crimes de peculato e lavagem de dinheiro ligados ao caso das joias recebidas por Bolsonaro e sua esposa, Michelle. O general foi um dos alvos.<\/p>\n\n\n\n<p>De acordo com a PF, pai e filho teriam utilizado <strong><em>\u201ca estrutura do Estado brasileiro para desviar bens de alto valor patrimonial, entregues em miss\u00f5es oficiais por autoridades estrangeiras a representantes do Estado, por meio da venda desses itens no exterior\u201d<\/em><\/strong>. A Pol\u00edcia Federal identificou o rosto do general no reflexo de uma foto utilizada para negociar, nos Estados Unidos, esculturas recebidas como presente oficial. A imagem foi anexada ao documento de decis\u00e3o do ministro do Supremo Tribunal Federal Alexandre de Moraes.<\/p>\n\n\n\n<p>Em 22 de mar\u00e7o, o tenente-coronel Mauro Cid foi ouvido pelo STF sobre o \u00e1udio vazado em que ele fez cr\u00edticas ao ministro Alexandre de Moraes. No material, o militar alegou ter sido coagido pelos investigadores da PF. O tenente-coronel voltou a ser preso ap\u00f3s o depoimento. Desde ent\u00e3o, os benef\u00edcios da dela\u00e7\u00e3o est\u00e3o sob an\u00e1lise e podem ser rescindidos. O depoimento ao STF durou cerca de meia hora e o tenente-coronel chegou a desmaiar durante a oitiva.<\/p>\n\n\n\n<p>A PF sabe para quem Mauro Cid enviou os \u00e1udios em que criticou a conduta da corpora\u00e7\u00e3o e do ministro Alexandre de Moraes no acordo de dela\u00e7\u00e3o premiada. A informa\u00e7\u00e3o foi confirmada nesta segunda-feira (25) \u00e0&nbsp;<strong>RECORD<\/strong>, mas a identidade do interlocutor permanece em sigilo.<\/p>\n\n\n\n<p>O STF justificou o novo mandado de pris\u00e3o por descumprimento das medidas cautelares e obstru\u00e7\u00e3o \u00e0 Justi\u00e7a. A defesa de Cid, ex-ajudante de ordens de Jair Bolsonaro, divulgou uma nota na quinta-feira (21) negando que o millitar questione as investiga\u00e7\u00f5es da PF sobre ele. O comunicado diz que o tenente-coronel passa por um momento de ang\u00fastia pessoal devido \u00e0s apura\u00e7\u00f5es da corpora\u00e7\u00e3o.<\/p>\n\n\n\n<p><em>Fonte: R7<\/em><\/p>\n","protected":false},"excerpt":{"rendered":"<p>Depoimento ocorre por videoconfer\u00eancia na sede da corpora\u00e7\u00e3o em Bras\u00edlia j\u00e1 que agentes est\u00e3o nos EUA investigando o caso<\/p>\n","protected":false},"author":2,"featured_media":49088,"comment_status":"open","ping_status":"open","sticky":false,"template":"","format":"standard","meta":{"om_disable_all_campaigns":false,"_monsterinsights_skip_tracking":false,"_monsterinsights_sitenote_active":false,"_monsterinsights_sitenote_note":"","_monsterinsights_sitenote_category":0,"footnotes":""},"categories":[34,70,35,69,21],"tags":[100,71,48,75,4178,4180,327,129,107,4181,132,1395,230,6320,6016,106,203,120,51,173,109,88,47,111,190],"class_list":["post-56065","post","type-post","status-publish","format-standard","has-post-thumbnail","hentry","category-brasil","category-destaques","category-mundo","category-noticias2","category-politica","tag-adustina","tag-antas","tag-araci","tag-cicero-dantas","tag-cipo-2","tag-crisopolis-2","tag-eua","tag-euclides-da-cunha","tag-fatima","tag-heliopolis-2","tag-itapicuru","tag-jair-bolsonaro","tag-jeremoabo","tag-joias-2","tag-mauro-cid","tag-nova-soure","tag-novo-triunfo","tag-olindina","tag-paripiranga","tag-policia-federal","tag-quijingue","tag-ribeira-do-amparo","tag-ribeira-do-pombal","tag-sitio-do-quinto","tag-tucano"],"aioseo_notices":[],"_links":{"self":[{"href":"https:\/\/www.portalalerta.com.br\/index.php\/wp-json\/wp\/v2\/posts\/56065","targetHints":{"allow":["GET"]}}],"collection":[{"href":"https:\/\/www.portalalerta.com.br\/index.php\/wp-json\/wp\/v2\/posts"}],"about":[{"href":"https:\/\/www.portalalerta.com.br\/index.php\/wp-json\/wp\/v2\/types\/post"}],"author":[{"embeddable":true,"href":"https:\/\/www.portalalerta.com.br\/index.php\/wp-json\/wp\/v2\/users\/2"}],"replies":[{"embeddable":true,"href":"https:\/\/www.portalalerta.com.br\/index.php\/wp-json\/wp\/v2\/comments?post=56065"}],"version-history":[{"count":1,"href":"https:\/\/www.portalalerta.com.br\/index.php\/wp-json\/wp\/v2\/posts\/56065\/revisions"}],"predecessor-version":[{"id":56066,"href":"https:\/\/www.portalalerta.com.br\/index.php\/wp-json\/wp\/v2\/posts\/56065\/revisions\/56066"}],"wp:featuredmedia":[{"embeddable":true,"href":"https:\/\/www.portalalerta.com.br\/index.php\/wp-json\/wp\/v2\/media\/49088"}],"wp:attachment":[{"href":"https:\/\/www.portalalerta.com.br\/index.php\/wp-json\/wp\/v2\/media?parent=56065"}],"wp:term":[{"taxonomy":"category","embeddable":true,"href":"https:\/\/www.portalalerta.com.br\/index.php\/wp-json\/wp\/v2\/categories?post=56065"},{"taxonomy":"post_tag","embeddable":true,"href":"https:\/\/www.portalalerta.com.br\/index.php\/wp-json\/wp\/v2\/tags?post=56065"}],"curies":[{"name":"wp","href":"https:\/\/api.w.org\/{rel}","templated":true}]}}