{"id":56248,"date":"2024-05-03T07:00:00","date_gmt":"2024-05-03T10:00:00","guid":{"rendered":"https:\/\/www.portalalerta.com.br\/?p=56248"},"modified":"2024-05-02T22:44:32","modified_gmt":"2024-05-03T01:44:32","slug":"justica-da-48-horas-para-youtube-remover-video-em-que-lula-pede-votos-a-boulos","status":"publish","type":"post","link":"https:\/\/www.portalalerta.com.br\/index.php\/2024\/05\/03\/justica-da-48-horas-para-youtube-remover-video-em-que-lula-pede-votos-a-boulos\/","title":{"rendered":"Justi\u00e7a d\u00e1 48 horas para YouTube remover v\u00eddeo em que Lula pede votos a Boulos"},"content":{"rendered":"\n<p>V\u00eddeo com o pedido do presidente segue dispon\u00edvel no canal oficial do chefe do Executivo na plataforma digital<\/p>\n\n\n\n<!--more-->\n\n\n\n<p>O Tribunal Regional Eleitoral de S\u00e3o Paulo (TRE-SP) determinou, nesta quinta-feira (2), que o YouTube remova, em at\u00e9 48 horas, o v\u00eddeo dispon\u00edvel no canal oficial do presidente Luiz In\u00e1cio Lula da Silva (PT) em que o petista pede votos ao deputado federal e pr\u00e9-candidato \u00e0 Prefeitura de S\u00e3o Paulo pelo PSOL, Guilherme Boulos.<\/p>\n\n\n\n<p>O pedido de Lula ocorreu durante evento em comemora\u00e7\u00e3o ao Dia do Trabalho na zona leste de S\u00e3o Paulo, na quarta-feira (1\u00ba).<\/p>\n\n\n\n<p>Na ocasi\u00e3o, o petista afirmou: <strong><em>\u201cEu vou fazer um apelo: cada pessoa que votou no Lula em 1989, em 1994, em 1998, em 2006, em 2010, em 2018, em 2022, tem que votar no Boulos para prefeito de S\u00e3o Paulo.\u201d<\/em><\/strong><\/p>\n\n\n\n<p>Passadas 24 horas da fala de Lula, o v\u00eddeo em quest\u00e3o segue dispon\u00edvel no canal oficial do presidente no YouTube. O pedido de remo\u00e7\u00e3o da m\u00eddia foi apresentado pelo Partido Novo junto \u00e0 Justi\u00e7a Eleitoral.<\/p>\n\n\n\n<p><a href=\"https:\/\/www.cnnbrasil.com.br\/politica\/governo-retira-do-youtube-video-em-que-lula-pede-votos-para-boulos\/\" target=\"_blank\" rel=\"noreferrer noopener\">Na tarde de ontem, foi retirado da p\u00e1gina CanalGov, do YouTube, o v\u00eddeo da transmiss\u00e3o do evento do Dia do Trabalho<\/a>.<\/p>\n\n\n\n<p>Al\u00e9m do Novo, o MDB acionou a Justi\u00e7a Eleitoral nesta quinta contra Lula. Como mostrou a&nbsp;<strong>CNN<\/strong>,&nbsp;<a href=\"https:\/\/www.cnnbrasil.com.br\/blogs\/caio-junqueira\/politica\/analise-eventual-pedido-de-inelegibilidade-de-lula-por-campanha-de-nunes-esbarra-em-ministros-do-mdb-e-2026\/\" target=\"_blank\" rel=\"noreferrer noopener\">a legenda avalia entrar ainda com uma a\u00e7\u00e3o de investiga\u00e7\u00e3o na Justi\u00e7a Eleitoral por abuso de poder pol\u00edtico e econ\u00f4mico<\/a>&nbsp;que pode resultar na cassa\u00e7\u00e3o de registro de Boulos e na inelegibilidade de Lula.<\/p>\n\n\n\n<p><strong>O que diz a pr\u00e9-campanha de Boulos<\/strong><\/p>\n\n\n\n<p><strong><em>\u201cRicardo Nunes tenta criar uma cortina de fuma\u00e7a para despistar o uso de eventos oficiais da Prefeitura, realizados com dinheiro p\u00fablico, para a promo\u00e7\u00e3o de sua candidatura \u00e0 reelei\u00e7\u00e3o \u2013&nbsp;como j\u00e1 noticiado pela imprensa. Ele \u00e9 quem deve explica\u00e7\u00f5es \u00e0 sociedade\u201d<\/em><\/strong>, disse o coordenador da pr\u00e9-campanha de Boulos, Josu\u00e9 Rocha, \u00e0 reportagem.<\/p>\n\n\n\n<p>J\u00e1 a comunica\u00e7\u00e3o do Pal\u00e1cio do Planalto informou \u00e0&nbsp;<strong>CNN<\/strong>&nbsp;que s\u00f3 se manifestar\u00e1 <strong><em>\u201cpor via jur\u00eddica quando e se intimado\u201d.<\/em><\/strong><\/p>\n\n\n\n<p><em>Fonte: CNN<\/em><\/p>\n","protected":false},"excerpt":{"rendered":"<p>V\u00eddeo com o pedido do presidente segue dispon\u00edvel no canal oficial do chefe do Executivo na plataforma digital<\/p>\n","protected":false},"author":2,"featured_media":56227,"comment_status":"open","ping_status":"open","sticky":false,"template":"","format":"standard","meta":{"om_disable_all_campaigns":false,"_monsterinsights_skip_tracking":false,"_monsterinsights_sitenote_active":false,"_monsterinsights_sitenote_note":"","_monsterinsights_sitenote_category":0,"footnotes":""},"categories":[34,70,69,21],"tags":[100,71,48,6881,93,75,4178,4180,5695,129,107,4181,132,230,270,303,106,203,120,51,109,88,47,111,190],"class_list":["post-56248","post","type-post","status-publish","format-standard","has-post-thumbnail","hentry","category-brasil","category-destaques","category-noticias2","category-politica","tag-adustina","tag-antas","tag-araci","tag-boulos","tag-brasil","tag-cicero-dantas","tag-cipo-2","tag-crisopolis-2","tag-eleicoes-2024","tag-euclides-da-cunha","tag-fatima","tag-heliopolis-2","tag-itapicuru","tag-jeremoabo","tag-justica","tag-lula","tag-nova-soure","tag-novo-triunfo","tag-olindina","tag-paripiranga","tag-quijingue","tag-ribeira-do-amparo","tag-ribeira-do-pombal","tag-sitio-do-quinto","tag-tucano"],"aioseo_notices":[],"_links":{"self":[{"href":"https:\/\/www.portalalerta.com.br\/index.php\/wp-json\/wp\/v2\/posts\/56248","targetHints":{"allow":["GET"]}}],"collection":[{"href":"https:\/\/www.portalalerta.com.br\/index.php\/wp-json\/wp\/v2\/posts"}],"about":[{"href":"https:\/\/www.portalalerta.com.br\/index.php\/wp-json\/wp\/v2\/types\/post"}],"author":[{"embeddable":true,"href":"https:\/\/www.portalalerta.com.br\/index.php\/wp-json\/wp\/v2\/users\/2"}],"replies":[{"embeddable":true,"href":"https:\/\/www.portalalerta.com.br\/index.php\/wp-json\/wp\/v2\/comments?post=56248"}],"version-history":[{"count":1,"href":"https:\/\/www.portalalerta.com.br\/index.php\/wp-json\/wp\/v2\/posts\/56248\/revisions"}],"predecessor-version":[{"id":56249,"href":"https:\/\/www.portalalerta.com.br\/index.php\/wp-json\/wp\/v2\/posts\/56248\/revisions\/56249"}],"wp:featuredmedia":[{"embeddable":true,"href":"https:\/\/www.portalalerta.com.br\/index.php\/wp-json\/wp\/v2\/media\/56227"}],"wp:attachment":[{"href":"https:\/\/www.portalalerta.com.br\/index.php\/wp-json\/wp\/v2\/media?parent=56248"}],"wp:term":[{"taxonomy":"category","embeddable":true,"href":"https:\/\/www.portalalerta.com.br\/index.php\/wp-json\/wp\/v2\/categories?post=56248"},{"taxonomy":"post_tag","embeddable":true,"href":"https:\/\/www.portalalerta.com.br\/index.php\/wp-json\/wp\/v2\/tags?post=56248"}],"curies":[{"name":"wp","href":"https:\/\/api.w.org\/{rel}","templated":true}]}}