{"id":56252,"date":"2024-05-03T07:02:00","date_gmt":"2024-05-03T10:02:00","guid":{"rendered":"https:\/\/www.portalalerta.com.br\/?p=56252"},"modified":"2024-05-03T02:22:38","modified_gmt":"2024-05-03T05:22:38","slug":"micareta-de-ribeira-do-pombal-ba-comeca-nesta-sexta-feira-03-conheca-a-programacao-da-pombal-folia-2024","status":"publish","type":"post","link":"https:\/\/www.portalalerta.com.br\/index.php\/2024\/05\/03\/micareta-de-ribeira-do-pombal-ba-comeca-nesta-sexta-feira-03-conheca-a-programacao-da-pombal-folia-2024\/","title":{"rendered":"Micareta de Ribeira do Pombal-BA come\u00e7a nesta sexta-feira (03). Conhe\u00e7a a programa\u00e7\u00e3o da Pombal Folia 2024!"},"content":{"rendered":"\n<p>Chegou o grande dia em que Ribeira do Pombal-BA mais uma vez ser\u00e1 palco de uma grande festa, proporcionando alegria para os pombalenses e foli\u00f5es de toda a Bahia, o POMBAL FOLIA inicia nesta sexta-feira (03).<\/p>\n\n\n\n<!--more-->\n\n\n\n<p>Ser\u00e3o tr\u00eas dias com diversas bandas que ir\u00e3o se revezar em trios el\u00e9tricos na Av. Oliveira Brito em 40 horas de programa\u00e7\u00e3o. <strong>Confira:<\/strong><\/p>\n\n\n\n<p><strong><u>Sexta-feira (03)<\/u><\/strong><\/p>\n\n\n\n<p>21h \u2013 Abertura Oficial (filarm\u00f4nica XV de Outubro)<\/p>\n\n\n\n<p>22h \u2013 Lu\u00edz Caldas<\/p>\n\n\n\n<p>0h \u2013 Xandy Harmonia<\/p>\n\n\n<div class=\"wp-block-image\">\n<figure class=\"alignleft size-full\"><img fetchpriority=\"high\" decoding=\"async\" width=\"372\" height=\"786\" src=\"https:\/\/www.portalalerta.com.br\/wp-content\/uploads\/2024\/03\/Real-10x-100-juros-2024.jpg\" alt=\"\" class=\"wp-image-55190\" srcset=\"https:\/\/www.portalalerta.com.br\/wp-content\/uploads\/2024\/03\/Real-10x-100-juros-2024.jpg 372w, https:\/\/www.portalalerta.com.br\/wp-content\/uploads\/2024\/03\/Real-10x-100-juros-2024-114x240.jpg 114w\" sizes=\"(max-width: 372px) 100vw, 372px\" \/><\/figure><\/div>\n\n\n<p>2h \u2013 Edcity<\/p>\n\n\n\n<p>4h \u2013 Kbs\u00e3o<\/p>\n\n\n\n<p><strong><u>S\u00e1bado (04)<\/u><\/strong><\/p>\n\n\n\n<p>14h \u2013 Bloca Fervo Pombal (orquestra pombalense de Frevo)<\/p>\n\n\n\n<p>15h30 \u2013 Micaretinha (Rodrig\u00e3o)<\/p>\n\n\n\n<p>17h \u2013 Bloco Senado El\u00e9trico (Rix\u00f4 El\u00e9trico)<\/p>\n\n\n\n<p>18h30 \u2013 Bloco Elke (Elder e Banda Lothar)<\/p>\n\n\n\n<p>20h \u2013 Filhos de Jorge<\/p>\n\n\n\n<p>22h \u2013 Timbalada<\/p>\n\n\n\n<p>0h \u2013 Parangol\u00e9<\/p>\n\n\n\n<p>2h \u2013 O Kanalha<\/p>\n\n\n\n<p>4h \u2013 Peu Pirata<\/p>\n\n\n\n<p><strong><u>Domingo (05)<\/u><\/strong><\/p>\n\n\n\n<p>15h \u2013 Bloco Cultura na Folia (Brendon Ribeiro)<\/p>\n\n\n\n<p>16h \u2013 Bloco Flachopp Pombal (Nildo \u00e9 Show)<\/p>\n\n\n\n<p>17h30 \u2013 Bloco Zumba (Adelmo Pega\u00e7\u00e3o)<\/p>\n\n\n\n<p>19h \u2013 Jammil<\/p>\n\n\n\n<p>22h \u2013 Bell Marques<\/p>\n\n\n\n<p>0h \u2013 Vina Calmon e Lincoln Sena<\/p>\n\n\n\n<p>2h \u2013 O Pol\u00eamico<\/p>\n\n\n\n<p>04h \u2013 Famax\u00e9<\/p>\n\n\n\n<p><em>Reda\u00e7\u00e3o: Portal Alerta &nbsp;<\/em><\/p>\n","protected":false},"excerpt":{"rendered":"<p>Chegou o grande dia em que Ribeira do Pombal-BA mais uma vez ser\u00e1 palco de uma grande festa, proporcionando alegria para os pombalenses e foli\u00f5es de toda a Bahia, o POMBAL FOLIA inicia nesta sexta-feira (03).<\/p>\n","protected":false},"author":2,"featured_media":56257,"comment_status":"open","ping_status":"open","sticky":false,"template":"","format":"standard","meta":{"om_disable_all_campaigns":false,"_monsterinsights_skip_tracking":false,"_monsterinsights_sitenote_active":false,"_monsterinsights_sitenote_note":"","_monsterinsights_sitenote_category":0,"footnotes":""},"categories":[70,36,69,32,3],"tags":[100,71,48,75,4178,4180,129,107,4181,132,230,940,106,203,120,51,6031,6884,109,88,47,111,190],"class_list":["post-56252","post","type-post","status-publish","format-standard","has-post-thumbnail","hentry","category-destaques","category-lazer","category-noticias2","category-regiao","category-ribeira-do-pombal","tag-adustina","tag-antas","tag-araci","tag-cicero-dantas","tag-cipo-2","tag-crisopolis-2","tag-euclides-da-cunha","tag-fatima","tag-heliopolis-2","tag-itapicuru","tag-jeremoabo","tag-micareta","tag-nova-soure","tag-novo-triunfo","tag-olindina","tag-paripiranga","tag-pombal-folia","tag-programacao","tag-quijingue","tag-ribeira-do-amparo","tag-ribeira-do-pombal","tag-sitio-do-quinto","tag-tucano"],"aioseo_notices":[],"_links":{"self":[{"href":"https:\/\/www.portalalerta.com.br\/index.php\/wp-json\/wp\/v2\/posts\/56252","targetHints":{"allow":["GET"]}}],"collection":[{"href":"https:\/\/www.portalalerta.com.br\/index.php\/wp-json\/wp\/v2\/posts"}],"about":[{"href":"https:\/\/www.portalalerta.com.br\/index.php\/wp-json\/wp\/v2\/types\/post"}],"author":[{"embeddable":true,"href":"https:\/\/www.portalalerta.com.br\/index.php\/wp-json\/wp\/v2\/users\/2"}],"replies":[{"embeddable":true,"href":"https:\/\/www.portalalerta.com.br\/index.php\/wp-json\/wp\/v2\/comments?post=56252"}],"version-history":[{"count":1,"href":"https:\/\/www.portalalerta.com.br\/index.php\/wp-json\/wp\/v2\/posts\/56252\/revisions"}],"predecessor-version":[{"id":56253,"href":"https:\/\/www.portalalerta.com.br\/index.php\/wp-json\/wp\/v2\/posts\/56252\/revisions\/56253"}],"wp:featuredmedia":[{"embeddable":true,"href":"https:\/\/www.portalalerta.com.br\/index.php\/wp-json\/wp\/v2\/media\/56257"}],"wp:attachment":[{"href":"https:\/\/www.portalalerta.com.br\/index.php\/wp-json\/wp\/v2\/media?parent=56252"}],"wp:term":[{"taxonomy":"category","embeddable":true,"href":"https:\/\/www.portalalerta.com.br\/index.php\/wp-json\/wp\/v2\/categories?post=56252"},{"taxonomy":"post_tag","embeddable":true,"href":"https:\/\/www.portalalerta.com.br\/index.php\/wp-json\/wp\/v2\/tags?post=56252"}],"curies":[{"name":"wp","href":"https:\/\/api.w.org\/{rel}","templated":true}]}}