{"id":56272,"date":"2024-05-04T15:57:48","date_gmt":"2024-05-04T18:57:48","guid":{"rendered":"https:\/\/www.portalalerta.com.br\/?p=56272"},"modified":"2024-05-04T15:57:50","modified_gmt":"2024-05-04T18:57:50","slug":"concurso-publico-oferece-09-vagas-para-camara-de-vereadores-de-ribeira-do-pombal-ba","status":"publish","type":"post","link":"https:\/\/www.portalalerta.com.br\/index.php\/2024\/05\/04\/concurso-publico-oferece-09-vagas-para-camara-de-vereadores-de-ribeira-do-pombal-ba\/","title":{"rendered":"Concurso P\u00fablico oferece 09 vagas para C\u00e2mara de Vereadores de Ribeira do Pombal-BA"},"content":{"rendered":"\n<p>A C\u00e2mara Municipal de Ribeira do Pombal, situada no Estado da Bahia, anunciou a abertura de inscri\u00e7\u00f5es para seu novo concurso p\u00fablico. Este processo seletivo tem como objetivo preencher vagas em diversos cargos, abrangendo candidatos com forma\u00e7\u00e3o nos n\u00edveis fundamental e m\u00e9dio.<\/p>\n\n\n\n<!--more-->\n\n\n\n<p>A iniciativa visa a contrata\u00e7\u00e3o de profissionais para os cargos de <strong>agente administrativo (2 vagas), auxiliar de servi\u00e7os gerais, auxiliar administrativo (1 vaga), t\u00e9cnico legislativo (1 vaga), taqu\u00edgrafo e auxiliar legislativo<\/strong>.<\/p>\n\n\n\n<p>Os candidatos selecionados ser\u00e3o alocados em jornadas de trabalho que variam de 20 a 40 horas semanais, com remunera\u00e7\u00f5es que oscilam entre R$ <strong>1.412,00 e R$ 2.500,00<\/strong> ao m\u00eas, de acordo com o cargo ocupado. As inscri\u00e7\u00f5es podem ser realizadas a partir do dia 6 de maio at\u00e9 o dia 20 de maio, exclusivamente pelo site do Instituto Assage, entidade respons\u00e1vel pela organiza\u00e7\u00e3o do concurso.<\/p>\n\n\n\n<p>Para confirmar a participa\u00e7\u00e3o, \u00e9 necess\u00e1rio efetuar o pagamento de uma taxa de inscri\u00e7\u00e3o, cujos valores variam entre <strong>R$ 73 e R$ 94<\/strong>.<\/p>\n\n\n\n<p>O processo de sele\u00e7\u00e3o dos candidatos ser\u00e1 realizado por meio de prova objetiva, prevista para ser aplicada no dia 9 de junho. \u00c9 importante destacar que o concurso p\u00fablico ter\u00e1 validade de dois anos, podendo ser prorrogado por igual per\u00edodo, garantindo assim oportunidades futuras para aqueles que buscam ingressar no servi\u00e7o p\u00fablico municipal.<\/p>\n\n\n\n<p>Edital publicado no Di\u00e1rio Oficial da C\u00e2mara de Vereadores de Ribeira do Pombal.<\/p>\n\n\n\n<p><em>Fonte: Joilson Costa<\/em><\/p>\n\n\n\n<p><em>Com informa\u00e7\u00f5es: Folha Dirigida<\/em><\/p>\n","protected":false},"excerpt":{"rendered":"<p>A C\u00e2mara Municipal de Ribeira do Pombal, situada no Estado da Bahia, anunciou a abertura de inscri\u00e7\u00f5es para seu novo concurso p\u00fablico. Este processo seletivo tem como objetivo preencher vagas em diversos cargos, abrangendo candidatos com forma\u00e7\u00e3o nos n\u00edveis fundamental e m\u00e9dio.<\/p>\n","protected":false},"author":2,"featured_media":20489,"comment_status":"open","ping_status":"open","sticky":false,"template":"","format":"standard","meta":{"om_disable_all_campaigns":false,"_monsterinsights_skip_tracking":false,"_monsterinsights_sitenote_active":false,"_monsterinsights_sitenote_note":"","_monsterinsights_sitenote_category":0,"footnotes":""},"categories":[70,69,32,3],"tags":[100,71,48,211,75,4178,4180,129,107,4181,132,230,106,203,120,51,109,88,47,111,190],"class_list":["post-56272","post","type-post","status-publish","format-standard","has-post-thumbnail","hentry","category-destaques","category-noticias2","category-regiao","category-ribeira-do-pombal","tag-adustina","tag-antas","tag-araci","tag-camara-de-vereadores","tag-cicero-dantas","tag-cipo-2","tag-crisopolis-2","tag-euclides-da-cunha","tag-fatima","tag-heliopolis-2","tag-itapicuru","tag-jeremoabo","tag-nova-soure","tag-novo-triunfo","tag-olindina","tag-paripiranga","tag-quijingue","tag-ribeira-do-amparo","tag-ribeira-do-pombal","tag-sitio-do-quinto","tag-tucano"],"aioseo_notices":[],"_links":{"self":[{"href":"https:\/\/www.portalalerta.com.br\/index.php\/wp-json\/wp\/v2\/posts\/56272","targetHints":{"allow":["GET"]}}],"collection":[{"href":"https:\/\/www.portalalerta.com.br\/index.php\/wp-json\/wp\/v2\/posts"}],"about":[{"href":"https:\/\/www.portalalerta.com.br\/index.php\/wp-json\/wp\/v2\/types\/post"}],"author":[{"embeddable":true,"href":"https:\/\/www.portalalerta.com.br\/index.php\/wp-json\/wp\/v2\/users\/2"}],"replies":[{"embeddable":true,"href":"https:\/\/www.portalalerta.com.br\/index.php\/wp-json\/wp\/v2\/comments?post=56272"}],"version-history":[{"count":1,"href":"https:\/\/www.portalalerta.com.br\/index.php\/wp-json\/wp\/v2\/posts\/56272\/revisions"}],"predecessor-version":[{"id":56273,"href":"https:\/\/www.portalalerta.com.br\/index.php\/wp-json\/wp\/v2\/posts\/56272\/revisions\/56273"}],"wp:featuredmedia":[{"embeddable":true,"href":"https:\/\/www.portalalerta.com.br\/index.php\/wp-json\/wp\/v2\/media\/20489"}],"wp:attachment":[{"href":"https:\/\/www.portalalerta.com.br\/index.php\/wp-json\/wp\/v2\/media?parent=56272"}],"wp:term":[{"taxonomy":"category","embeddable":true,"href":"https:\/\/www.portalalerta.com.br\/index.php\/wp-json\/wp\/v2\/categories?post=56272"},{"taxonomy":"post_tag","embeddable":true,"href":"https:\/\/www.portalalerta.com.br\/index.php\/wp-json\/wp\/v2\/tags?post=56272"}],"curies":[{"name":"wp","href":"https:\/\/api.w.org\/{rel}","templated":true}]}}