{"id":56275,"date":"2024-05-06T15:11:14","date_gmt":"2024-05-06T18:11:14","guid":{"rendered":"https:\/\/www.portalalerta.com.br\/?p=56275"},"modified":"2024-05-06T15:11:15","modified_gmt":"2024-05-06T18:11:15","slug":"cidades-brasileiras-dominam-lista-de-mais-violentas-do-mundo-feira-de-santana-desponta-como-a-mais-violenta-do-pais","status":"publish","type":"post","link":"https:\/\/www.portalalerta.com.br\/index.php\/2024\/05\/06\/cidades-brasileiras-dominam-lista-de-mais-violentas-do-mundo-feira-de-santana-desponta-como-a-mais-violenta-do-pais\/","title":{"rendered":"Cidades Brasileiras Dominam Lista de Mais Violentas do Mundo. Feira de Santana desponta como a mais violenta do pa\u00eds"},"content":{"rendered":"\n<p>O Brasil enfrenta um desafio cr\u00edtico em seguran\u00e7a p\u00fablica, conforme revelado por um recente levantamento da ONG mexicana Conselho Cidad\u00e3o para a Seguran\u00e7a P\u00fablica e a Justi\u00e7a Penal. Dez munic\u00edpios brasileiros figuram entre os 50 mais violentos do globo, com Feira de Santana emergindo como a cidade mais violenta do pa\u00eds em 2023.<\/p>\n\n\n\n<!--more-->\n\n\n<div class=\"wp-block-image\">\n<figure class=\"alignleft size-large is-resized\"><img fetchpriority=\"high\" decoding=\"async\" src=\"https:\/\/www.portalalerta.com.br\/wp-content\/uploads\/2024\/04\/Sabino-Tijolo-576x1024.jpg\" alt=\"\" class=\"wp-image-56164\" width=\"429\" height=\"763\" srcset=\"https:\/\/www.portalalerta.com.br\/wp-content\/uploads\/2024\/04\/Sabino-Tijolo-576x1024.jpg 576w, https:\/\/www.portalalerta.com.br\/wp-content\/uploads\/2024\/04\/Sabino-Tijolo-135x240.jpg 135w, https:\/\/www.portalalerta.com.br\/wp-content\/uploads\/2024\/04\/Sabino-Tijolo.jpg 591w\" sizes=\"(max-width: 429px) 100vw, 429px\" \/><\/figure><\/div>\n\n\n<p>A cidade de Feira de Santana, que j\u00e1 ocupava uma posi\u00e7\u00e3o preocupante em 2022, viu sua taxa de homic\u00eddios escalar para 58.69 por 100 mil habitantes, colocando-a na 19\u00aa posi\u00e7\u00e3o no ranking mundial de viol\u00eancia urbana. Este n\u00famero n\u00e3o apenas reflete a gravidade da situa\u00e7\u00e3o local, mas tamb\u00e9m ressalta a necessidade urgente de a\u00e7\u00f5es efetivas para combater a criminalidade.<\/p>\n\n\n\n<p>O estudo aponta que, al\u00e9m do Brasil, pa\u00edses como M\u00e9xico, Col\u00f4mbia e Estados Unidos tamb\u00e9m t\u00eam m\u00faltiplas cidades listadas, com o M\u00e9xico liderando o ranking com 16 cidades. Colima, no M\u00e9xico, mant\u00e9m o t\u00edtulo indesejado da cidade mais violenta do mundo pelo segundo ano consecutivo.<\/p>\n\n\n\n<p>As estat\u00edsticas s\u00e3o um chamado \u00e0 reflex\u00e3o sobre as pol\u00edticas de seguran\u00e7a e bem-estar social em vigor. As cidades brasileiras listadas, que incluem Manaus, Salvador, Recife, Macap\u00e1, Macei\u00f3, Fortaleza, Porto Velho, Teresina e Caruaru, representam um espectro de viol\u00eancia que demanda aten\u00e7\u00e3o imediata e medidas preventivas robustas.<\/p>\n\n\n\n<p>A popula\u00e7\u00e3o brasileira \u00e9 instada a se conscientizar e participar ativamente na busca por solu\u00e7\u00f5es que possam reverter esse quadro alarmante. A seguran\u00e7a p\u00fablica \u00e9 um direito de todos e deve ser uma prioridade nas agendas pol\u00edticas e sociais do pa\u00eds.<\/p>\n\n\n\n<p><em>Fonte: Portal Euclidense<\/em><\/p>\n","protected":false},"excerpt":{"rendered":"<p>O Brasil enfrenta um desafio cr\u00edtico em seguran\u00e7a p\u00fablica, conforme revelado por um recente levantamento da ONG mexicana Conselho Cidad\u00e3o para a Seguran\u00e7a P\u00fablica e a Justi\u00e7a Penal. Dez munic\u00edpios brasileiros figuram entre os 50 mais violentos do globo, com Feira de Santana emergindo como a cidade mais violenta do pa\u00eds em 2023.<\/p>\n","protected":false},"author":2,"featured_media":3531,"comment_status":"open","ping_status":"open","sticky":false,"template":"","format":"standard","meta":{"om_disable_all_campaigns":false,"_monsterinsights_skip_tracking":false,"_monsterinsights_sitenote_active":false,"_monsterinsights_sitenote_note":"","_monsterinsights_sitenote_category":0,"footnotes":""},"categories":[33,34,70,35,69,22],"tags":[100,71,48,54,93,75,4178,4180,129,107,377,4181,2074,132,230,339,106,203,120,51,109,88,47,111,190,4943],"class_list":["post-56275","post","type-post","status-publish","format-standard","has-post-thumbnail","hentry","category-bahia","category-brasil","category-destaques","category-mundo","category-noticias2","category-seguranca","tag-adustina","tag-antas","tag-araci","tag-bahia","tag-brasil","tag-cicero-dantas","tag-cipo-2","tag-crisopolis-2","tag-euclides-da-cunha","tag-fatima","tag-feira-de-santana","tag-heliopolis-2","tag-homicidios","tag-itapicuru","tag-jeremoabo","tag-mundo","tag-nova-soure","tag-novo-triunfo","tag-olindina","tag-paripiranga","tag-quijingue","tag-ribeira-do-amparo","tag-ribeira-do-pombal","tag-sitio-do-quinto","tag-tucano","tag-violencia-2"],"aioseo_notices":[],"_links":{"self":[{"href":"https:\/\/www.portalalerta.com.br\/index.php\/wp-json\/wp\/v2\/posts\/56275","targetHints":{"allow":["GET"]}}],"collection":[{"href":"https:\/\/www.portalalerta.com.br\/index.php\/wp-json\/wp\/v2\/posts"}],"about":[{"href":"https:\/\/www.portalalerta.com.br\/index.php\/wp-json\/wp\/v2\/types\/post"}],"author":[{"embeddable":true,"href":"https:\/\/www.portalalerta.com.br\/index.php\/wp-json\/wp\/v2\/users\/2"}],"replies":[{"embeddable":true,"href":"https:\/\/www.portalalerta.com.br\/index.php\/wp-json\/wp\/v2\/comments?post=56275"}],"version-history":[{"count":1,"href":"https:\/\/www.portalalerta.com.br\/index.php\/wp-json\/wp\/v2\/posts\/56275\/revisions"}],"predecessor-version":[{"id":56276,"href":"https:\/\/www.portalalerta.com.br\/index.php\/wp-json\/wp\/v2\/posts\/56275\/revisions\/56276"}],"wp:featuredmedia":[{"embeddable":true,"href":"https:\/\/www.portalalerta.com.br\/index.php\/wp-json\/wp\/v2\/media\/3531"}],"wp:attachment":[{"href":"https:\/\/www.portalalerta.com.br\/index.php\/wp-json\/wp\/v2\/media?parent=56275"}],"wp:term":[{"taxonomy":"category","embeddable":true,"href":"https:\/\/www.portalalerta.com.br\/index.php\/wp-json\/wp\/v2\/categories?post=56275"},{"taxonomy":"post_tag","embeddable":true,"href":"https:\/\/www.portalalerta.com.br\/index.php\/wp-json\/wp\/v2\/tags?post=56275"}],"curies":[{"name":"wp","href":"https:\/\/api.w.org\/{rel}","templated":true}]}}