{"id":56286,"date":"2024-05-06T21:46:01","date_gmt":"2024-05-07T00:46:01","guid":{"rendered":"https:\/\/www.portalalerta.com.br\/?p=56286"},"modified":"2024-05-06T21:46:04","modified_gmt":"2024-05-07T00:46:04","slug":"governo-do-estado-inaugura-obras-de-educacao-saude-e-seguranca-em-fatima-ba","status":"publish","type":"post","link":"https:\/\/www.portalalerta.com.br\/index.php\/2024\/05\/06\/governo-do-estado-inaugura-obras-de-educacao-saude-e-seguranca-em-fatima-ba\/","title":{"rendered":"Governo do Estado inaugura obras de educa\u00e7\u00e3o, sa\u00fade e seguran\u00e7a em F\u00e1tima-BA"},"content":{"rendered":"\n<p>O munic\u00edpio de F\u00e1tima, no agreste baiano, agora conta com uma escola com estrutura completa para a realiza\u00e7\u00e3o de atividades em tempo integral. O novo Col\u00e9gio Estadual Professora Ana Mirena da Silva \u00e9 a 45\u00aa unidade a ser entregue pelo Governo do Estado e oferece 12 salas de aula, quatro laborat\u00f3rios, duas salas multifuncionais, restaurante estudantil, teatro, al\u00e9m de diversos equipamentos esportivos para beneficiar mais de 700 estudantes. A inaugura\u00e7\u00e3o aconteceu neste domingo (5), na presen\u00e7a do governador Jer\u00f4nimo Rodrigues e da secret\u00e1ria da educa\u00e7\u00e3o em exerc\u00edcio, Rowenna Brito.<\/p>\n\n\n\n<!--more-->\n\n\n\n<p>O investimento no col\u00e9gio foi de mais de R$ 24,2 milh\u00f5es e a obra foi realizada em parceria com a Secretaria de Educa\u00e7\u00e3o (SEC) e a Companhia de Desenvolvimento Urbano da Bahia (Conder). <strong><em>\u201dTodas as escolas que est\u00e3o prontas, a SEC est\u00e1 fazendo um calend\u00e1rio para a gente poder fazer as entregas. E todas elas que estejam prontas, n\u00f3s n\u00e3o esperamos abrir para eu poder vir inaugurar. Os estudantes j\u00e1 estavam dentro desde fevereiro. Ent\u00e3o, a gente vai fazer o ato de festa, alegria, compartilhar com o prefeito a entrega de equipamento desse. Isso motiva a educa\u00e7\u00e3o, isso motiva as fam\u00edlias e estudantes, porque s\u00e3o programas de ci\u00eancia, \u00e9 alimenta\u00e7\u00e3o escolar, \u00e9 programa de bolsa, ent\u00e3o n\u00e3o \u00e9 s\u00f3 o pr\u00e9dio\u201d<\/em><\/strong>, enfatizou o governador.<\/p>\n\n\n\n<p>O entorno da nova escola ganhou pavimenta\u00e7\u00e3o asf\u00e1ltica e a educa\u00e7\u00e3o do munic\u00edpio tamb\u00e9m foi beneficiada com a entrega de uma van e um \u00f4nibus escolar rural. \u201c\u00c9 um pr\u00e9dio f\u00edsico, um investimento do Governo do Estado em F\u00e1tima, mas ela \u00e9, sobretudo, um complexo de oportunidades para os nossos estudantes. Aqui a gente tem laborat\u00f3rios para que eles consigam desenvolver a inicia\u00e7\u00e3o cient\u00edfica. Aqui a gente tem um teatro com 200 lugares, esse restaurante estudantil, tem quadra, tem campo society, pista de atletismo. \u00c9 uma grande entrega que absorve estudantes do campo e da cidade e \u00e9 a unifica\u00e7\u00e3o de duas escolas\u201d, explicou a secret\u00e1ria Rowenna.<\/p>\n\n\n\n<p><strong>Seguran\u00e7a<\/strong><\/p>\n\n\n\n<figure class=\"wp-block-image size-full\"><img fetchpriority=\"high\" decoding=\"async\" width=\"900\" height=\"600\" src=\"https:\/\/www.portalalerta.com.br\/wp-content\/uploads\/2024\/05\/complexo-Policial-de-Fatima-2024.jpg\" alt=\"\" class=\"wp-image-56285\" srcset=\"https:\/\/www.portalalerta.com.br\/wp-content\/uploads\/2024\/05\/complexo-Policial-de-Fatima-2024.jpg 900w, https:\/\/www.portalalerta.com.br\/wp-content\/uploads\/2024\/05\/complexo-Policial-de-Fatima-2024-360x240.jpg 360w, https:\/\/www.portalalerta.com.br\/wp-content\/uploads\/2024\/05\/complexo-Policial-de-Fatima-2024-768x512.jpg 768w\" sizes=\"(max-width: 900px) 100vw, 900px\" \/><\/figure>\n\n\n\n<p>Outra importante inaugura\u00e7\u00e3o foi a da Unidade Integrada da Delegacia Territorial e Pelot\u00e3o da Pol\u00edcia Militar de F\u00e1tima, onde foram investidos mais de R$ 3,7 milh\u00f5es para abrigar os efetivos das Pol\u00edcias Civil e Militar e dar melhor estrutura \u00e0 seguran\u00e7a dos cerca de 18 mil habitantes. De acordo com o secret\u00e1rio da Seguran\u00e7a P\u00fablica, Marcelo Werner, a unidade \u00e9 79\u00aa entregue desde o in\u00edcio da gest\u00e3o em\u00a02023.<br><br><strong><em>\u201cNossa estrat\u00e9gia \u00e9 cada vez mais fortalecer a seguran\u00e7a p\u00fablica, n\u00e3o s\u00f3 na capital, mas tamb\u00e9m no interior do Estado. Hoje a gente entrega aqui uma unidade conjugada, mas como eu costumo dizer, na verdade, uma unidade integrada, entre a Pol\u00edcia Civil e a Pol\u00edcia Militar, dando melhores condi\u00e7\u00f5es de trabalho aos policiais, uma unidade moderna, e, l\u00f3gico, tamb\u00e9m dando melhor condi\u00e7\u00e3o de atendimento \u00e0 popula\u00e7\u00e3o\u201d<\/em><\/strong>, destacou Werner.<\/p>\n\n\n\n<p><strong>Sa\u00fade<\/strong><\/p>\n\n\n\n<p>Tamb\u00e9m foi inaugurada uma Unidade de Sa\u00fade da Fam\u00edlia (USF), fruto da parceria entre a Secretaria Estadual da Sa\u00fade (Sesab) e a Prefeitura de F\u00e1tima. O investimento total foi de R$ 1.075.672,73. O governo estadual ainda cedeul equipamentos, mobili\u00e1rios e kits de sa\u00fade para o funcionamento da USF, al\u00e9m de entregar duas ambul\u00e2ncias para o munic\u00edpio.<\/p>\n\n\n<div class=\"wp-block-image\">\n<figure class=\"alignleft size-large is-resized\"><img decoding=\"async\" src=\"https:\/\/www.portalalerta.com.br\/wp-content\/uploads\/2024\/04\/autoescola-emprego-1024x1024.jpg\" alt=\"\" class=\"wp-image-55693\" width=\"435\" height=\"435\" srcset=\"https:\/\/www.portalalerta.com.br\/wp-content\/uploads\/2024\/04\/autoescola-emprego-1024x1024.jpg 1024w, https:\/\/www.portalalerta.com.br\/wp-content\/uploads\/2024\/04\/autoescola-emprego-240x240.jpg 240w, https:\/\/www.portalalerta.com.br\/wp-content\/uploads\/2024\/04\/autoescola-emprego-768x768.jpg 768w, https:\/\/www.portalalerta.com.br\/wp-content\/uploads\/2024\/04\/autoescola-emprego.jpg 1080w\" sizes=\"(max-width: 435px) 100vw, 435px\" \/><\/figure><\/div>\n\n\n<p><strong>Autoriza\u00e7\u00f5es<\/strong><\/p>\n\n\n\n<p>Um conjunto de autoriza\u00e7\u00f5es para licitar obras de pavimenta\u00e7\u00e3o de rodovias foi anunciada. A Secretaria de Infraestrutura (Seinfra) foi autorizada a realizar o projeto de pavimenta\u00e7\u00e3o da BA-220, no trecho entre C\u00edcero Dantas, F\u00e1tima e Paripiranga. Tamb\u00e9m foi autorizada a licita\u00e7\u00e3o para recupera\u00e7\u00e3o da BA- 084 no acesso entre F\u00e1tima e Heli\u00f3polis.<\/p>\n\n\n\n<p>&nbsp;A SEC foi autorizada a celebrar conv\u00eanio com o munic\u00edpio para constru\u00e7\u00e3o de uma unidade escolar municipal no povoado Capim Duro.&nbsp; J\u00e1 a Sesab vai celebrar conv\u00eanio com a Prefeitura de F\u00e1tima para constru\u00e7\u00e3o de Unidade B\u00e1sica de Sa\u00fade (UBS) na comunidade de Bananeira.<\/p>\n\n\n\n<p><em>Fonte: Cicero Dantas Acontece<\/em><\/p>\n\n\n\n<p><em>Com informa\u00e7\u00f5es: Gov.br<\/em><\/p>\n","protected":false},"excerpt":{"rendered":"<p>O munic\u00edpio de F\u00e1tima, no agreste baiano, agora conta com uma escola com estrutura completa para a realiza\u00e7\u00e3o de atividades em tempo integral. O novo Col\u00e9gio Estadual Professora Ana Mirena da Silva \u00e9 a 45\u00aa unidade a ser entregue pelo Governo do Estado e oferece 12 salas de aula, quatro laborat\u00f3rios, duas salas multifuncionais, restaurante &hellip;<\/p>\n","protected":false},"author":2,"featured_media":56284,"comment_status":"open","ping_status":"open","sticky":false,"template":"","format":"standard","meta":{"om_disable_all_campaigns":false,"_monsterinsights_skip_tracking":false,"_monsterinsights_sitenote_active":false,"_monsterinsights_sitenote_note":"","_monsterinsights_sitenote_category":0,"footnotes":""},"categories":[70,20,10,69,21,32,19,22],"tags":[100,71,48,75,45,46,129,107,283,44,674,132,230,2500,106,203,120,6887,51,109,88,47,111,190],"class_list":["post-56286","post","type-post","status-publish","format-standard","has-post-thumbnail","hentry","category-destaques","category-educacao","category-fatima","category-noticias2","category-politica","category-regiao","category-saude","category-seguranca","tag-adustina","tag-antas","tag-araci","tag-cicero-dantas","tag-cipo","tag-crisopolis","tag-euclides-da-cunha","tag-fatima","tag-governador","tag-heliopolis","tag-inauguracoes","tag-itapicuru","tag-jeremoabo","tag-jeronimo-rodrigues","tag-nova-soure","tag-novo-triunfo","tag-olindina","tag-ordens-de-servico","tag-paripiranga","tag-quijingue","tag-ribeira-do-amparo","tag-ribeira-do-pombal","tag-sitio-do-quinto","tag-tucano"],"aioseo_notices":[],"_links":{"self":[{"href":"https:\/\/www.portalalerta.com.br\/index.php\/wp-json\/wp\/v2\/posts\/56286","targetHints":{"allow":["GET"]}}],"collection":[{"href":"https:\/\/www.portalalerta.com.br\/index.php\/wp-json\/wp\/v2\/posts"}],"about":[{"href":"https:\/\/www.portalalerta.com.br\/index.php\/wp-json\/wp\/v2\/types\/post"}],"author":[{"embeddable":true,"href":"https:\/\/www.portalalerta.com.br\/index.php\/wp-json\/wp\/v2\/users\/2"}],"replies":[{"embeddable":true,"href":"https:\/\/www.portalalerta.com.br\/index.php\/wp-json\/wp\/v2\/comments?post=56286"}],"version-history":[{"count":2,"href":"https:\/\/www.portalalerta.com.br\/index.php\/wp-json\/wp\/v2\/posts\/56286\/revisions"}],"predecessor-version":[{"id":56291,"href":"https:\/\/www.portalalerta.com.br\/index.php\/wp-json\/wp\/v2\/posts\/56286\/revisions\/56291"}],"wp:featuredmedia":[{"embeddable":true,"href":"https:\/\/www.portalalerta.com.br\/index.php\/wp-json\/wp\/v2\/media\/56284"}],"wp:attachment":[{"href":"https:\/\/www.portalalerta.com.br\/index.php\/wp-json\/wp\/v2\/media?parent=56286"}],"wp:term":[{"taxonomy":"category","embeddable":true,"href":"https:\/\/www.portalalerta.com.br\/index.php\/wp-json\/wp\/v2\/categories?post=56286"},{"taxonomy":"post_tag","embeddable":true,"href":"https:\/\/www.portalalerta.com.br\/index.php\/wp-json\/wp\/v2\/tags?post=56286"}],"curies":[{"name":"wp","href":"https:\/\/api.w.org\/{rel}","templated":true}]}}