{"id":56295,"date":"2024-05-06T22:17:37","date_gmt":"2024-05-07T01:17:37","guid":{"rendered":"https:\/\/www.portalalerta.com.br\/?p=56295"},"modified":"2024-05-06T22:17:38","modified_gmt":"2024-05-07T01:17:38","slug":"pombal-folia-2024-encerra-o-terceiro-dia-com-recorde-de-publico","status":"publish","type":"post","link":"https:\/\/www.portalalerta.com.br\/index.php\/2024\/05\/06\/pombal-folia-2024-encerra-o-terceiro-dia-com-recorde-de-publico\/","title":{"rendered":"Pombal Folia 2024 encerra o terceiro dia com recorde de p\u00fablico"},"content":{"rendered":"\n<p>A Pombal Folia chegou ao seu grandioso encerramento, marcando o cora\u00e7\u00e3o dos foli\u00f5es com uma explos\u00e3o de energia, m\u00fasica e emo\u00e7\u00e3o. A 11\u00aa edi\u00e7\u00e3o desta que \u00e9 considerada uma das maiores micaretas da Bahia, se despede em grande estilo, deixando uma lembran\u00e7a inesquec\u00edvel para todos os presentes.<\/p>\n\n\n\n<!--more-->\n\n\n\n<p>A \u00faltima noite da Micareta Pombal Folia come\u00e7ou com a Banda Jammil e seu vocalista carism\u00e1tico, Rafael, animando a multid\u00e3o com seus grandes sucessos que marcaram a hist\u00f3ria do grupo no Brasil.<\/p>\n\n\n<div class=\"wp-block-image\">\n<figure class=\"alignleft size-large is-resized\"><img fetchpriority=\"high\" decoding=\"async\" src=\"https:\/\/www.portalalerta.com.br\/wp-content\/uploads\/2024\/04\/Sabino-Tijolo-576x1024.jpg\" alt=\"\" class=\"wp-image-56164\" width=\"399\" height=\"709\" srcset=\"https:\/\/www.portalalerta.com.br\/wp-content\/uploads\/2024\/04\/Sabino-Tijolo-576x1024.jpg 576w, https:\/\/www.portalalerta.com.br\/wp-content\/uploads\/2024\/04\/Sabino-Tijolo-135x240.jpg 135w, https:\/\/www.portalalerta.com.br\/wp-content\/uploads\/2024\/04\/Sabino-Tijolo.jpg 591w\" sizes=\"(max-width: 399px) 100vw, 399px\" \/><\/figure><\/div>\n\n\n<p>O pagode do Parangol\u00e9 tomou conta da avenida em seguida, animando a galera. A banda baiana arrastou uma multid\u00e3o que dan\u00e7ou e cantou ao som dos hits antigos e atuais. O show foi um sucesso, marcando mais uma noite inesquec\u00edvel na festa.<\/p>\n\n\n\n<p>A chuva fina durante o show de Bell Marques n\u00e3o atrapalhou a anima\u00e7\u00e3o, mas se tornou um detalhe especial. O cantor expressou alegria por retornar a Ribeira do Pombal &nbsp;e relembrou sua primeira vez na cidade h\u00e1 42 anos. Sua energia contagiante dominou a avenida, com os foli\u00f5es pulando e cantando durante toda a apresenta\u00e7\u00e3o, transformando a avenida em um verdadeiro <strong>\u201cMar de gente\u201d<\/strong>. Certamente um recorde de p\u00fablico desta edi\u00e7\u00e3o.<\/p>\n\n\n\n<p>Mais tarde foi a vez de Lincoln Sena agitar os foli\u00f5es. O cantor que j\u00e1 participou de v\u00e1rios eventos na cidade, demonstrou seu carinho por Ribeira do Pombal e recebeu carinhosamente o titulo de cidad\u00e3o pombalense e seguiu sacudindo o circuito fazendo a multid\u00e3o dan\u00e7ar sem parar.<\/p>\n\n\n\n<p>Oh Pol\u00eamico fez sucesso na avenida com os hits \u2018Pitbull enraivado\u2019, \u2018Samba do Polly\u2019 e \u2018Rufo rufo\u2019, fazendo a multid\u00e3o dan\u00e7ar. Fol\u00f5es de todas as idades se uniram em alegria e celebra\u00e7\u00e3o da cultura baiana. Uma experi\u00eancia \u00fanica, com alegria sem limites.<\/p>\n\n\n\n<p>Para encerrar a Micareta Pombal Folia 2024, a Banda Pombalense Famax\u00e9 proporcionou uma despedida memor\u00e1vel, levando os foli\u00f5es a amanhecer o dia com muito ax\u00e9 e alegria.<\/p>\n\n\n\n<p>A Micareta Pombal Folia ofereceu tr\u00eas dias de celebra\u00e7\u00e3o intensa, m\u00fasica contagiante e muita emo\u00e7\u00e3o, consolidando sua tradi\u00e7\u00e3o e deixando todos ansiosos pela edi\u00e7\u00e3o de 2025.<\/p>\n\n\n\n<p>Fonte: SECOM\/ Ribeira do Pombal<\/p>\n","protected":false},"excerpt":{"rendered":"<p>A Pombal Folia chegou ao seu grandioso encerramento, marcando o cora\u00e7\u00e3o dos foli\u00f5es com uma explos\u00e3o de energia, m\u00fasica e emo\u00e7\u00e3o. A 11\u00aa edi\u00e7\u00e3o desta que \u00e9 considerada uma das maiores micaretas da Bahia, se despede em grande estilo, deixando uma lembran\u00e7a inesquec\u00edvel para todos os presentes.<\/p>\n","protected":false},"author":2,"featured_media":56294,"comment_status":"open","ping_status":"open","sticky":false,"template":"","format":"standard","meta":{"om_disable_all_campaigns":false,"_monsterinsights_skip_tracking":false,"_monsterinsights_sitenote_active":false,"_monsterinsights_sitenote_note":"","_monsterinsights_sitenote_category":0,"footnotes":""},"categories":[70,36,69,32,3],"tags":[100,71,48,75,4178,4180,129,107,4181,132,230,940,106,203,120,51,6031,109,88,47,111,190],"class_list":["post-56295","post","type-post","status-publish","format-standard","has-post-thumbnail","hentry","category-destaques","category-lazer","category-noticias2","category-regiao","category-ribeira-do-pombal","tag-adustina","tag-antas","tag-araci","tag-cicero-dantas","tag-cipo-2","tag-crisopolis-2","tag-euclides-da-cunha","tag-fatima","tag-heliopolis-2","tag-itapicuru","tag-jeremoabo","tag-micareta","tag-nova-soure","tag-novo-triunfo","tag-olindina","tag-paripiranga","tag-pombal-folia","tag-quijingue","tag-ribeira-do-amparo","tag-ribeira-do-pombal","tag-sitio-do-quinto","tag-tucano"],"aioseo_notices":[],"_links":{"self":[{"href":"https:\/\/www.portalalerta.com.br\/index.php\/wp-json\/wp\/v2\/posts\/56295","targetHints":{"allow":["GET"]}}],"collection":[{"href":"https:\/\/www.portalalerta.com.br\/index.php\/wp-json\/wp\/v2\/posts"}],"about":[{"href":"https:\/\/www.portalalerta.com.br\/index.php\/wp-json\/wp\/v2\/types\/post"}],"author":[{"embeddable":true,"href":"https:\/\/www.portalalerta.com.br\/index.php\/wp-json\/wp\/v2\/users\/2"}],"replies":[{"embeddable":true,"href":"https:\/\/www.portalalerta.com.br\/index.php\/wp-json\/wp\/v2\/comments?post=56295"}],"version-history":[{"count":1,"href":"https:\/\/www.portalalerta.com.br\/index.php\/wp-json\/wp\/v2\/posts\/56295\/revisions"}],"predecessor-version":[{"id":56297,"href":"https:\/\/www.portalalerta.com.br\/index.php\/wp-json\/wp\/v2\/posts\/56295\/revisions\/56297"}],"wp:featuredmedia":[{"embeddable":true,"href":"https:\/\/www.portalalerta.com.br\/index.php\/wp-json\/wp\/v2\/media\/56294"}],"wp:attachment":[{"href":"https:\/\/www.portalalerta.com.br\/index.php\/wp-json\/wp\/v2\/media?parent=56295"}],"wp:term":[{"taxonomy":"category","embeddable":true,"href":"https:\/\/www.portalalerta.com.br\/index.php\/wp-json\/wp\/v2\/categories?post=56295"},{"taxonomy":"post_tag","embeddable":true,"href":"https:\/\/www.portalalerta.com.br\/index.php\/wp-json\/wp\/v2\/tags?post=56295"}],"curies":[{"name":"wp","href":"https:\/\/api.w.org\/{rel}","templated":true}]}}