{"id":56300,"date":"2024-05-06T22:35:37","date_gmt":"2024-05-07T01:35:37","guid":{"rendered":"https:\/\/www.portalalerta.com.br\/?p=56300"},"modified":"2024-05-06T23:53:41","modified_gmt":"2024-05-07T02:53:41","slug":"tre-aceita-confirma-domicilio-eleitoral-de-zelito-maia-pre-candidato-a-prefeito-de-araci-ba","status":"publish","type":"post","link":"https:\/\/www.portalalerta.com.br\/index.php\/2024\/05\/06\/tre-aceita-confirma-domicilio-eleitoral-de-zelito-maia-pre-candidato-a-prefeito-de-araci-ba\/","title":{"rendered":"TRE confirma domic\u00edlio Eleitoral de Zelito Maia, pr\u00e9-candidato a prefeito de Araci-BA"},"content":{"rendered":"\n<p>Em nota \u00e0 imprensa, o advogado do pr\u00e9-candidato a prefeito em Araci-BA, pelo MDB (Movimento Democr\u00e1tico Brasileiro), Jos\u00e9 Edson maia Filho (Zelito Maia), afirmou que o Tribunal Regional Eleitoral julgou favoravelmente ao pr\u00e9-candidato, confirmando por unanimidade a regularidade da transfer\u00eancia de domic\u00edlio eleitoral, n\u00e3o acatando o recurso do PDT (Partido Democr\u00e1tico Trabalhista).<\/p>\n\n\n\n<!--more-->\n\n\n<div class=\"wp-block-image\">\n<figure class=\"alignleft size-large is-resized\"><img fetchpriority=\"high\" decoding=\"async\" src=\"https:\/\/www.portalalerta.com.br\/wp-content\/uploads\/2024\/04\/autoescola-emprego-1024x1024.jpg\" alt=\"\" class=\"wp-image-55693\" width=\"395\" height=\"395\" srcset=\"https:\/\/www.portalalerta.com.br\/wp-content\/uploads\/2024\/04\/autoescola-emprego-1024x1024.jpg 1024w, https:\/\/www.portalalerta.com.br\/wp-content\/uploads\/2024\/04\/autoescola-emprego-240x240.jpg 240w, https:\/\/www.portalalerta.com.br\/wp-content\/uploads\/2024\/04\/autoescola-emprego-768x768.jpg 768w, https:\/\/www.portalalerta.com.br\/wp-content\/uploads\/2024\/04\/autoescola-emprego.jpg 1080w\" sizes=\"(max-width: 395px) 100vw, 395px\" \/><\/figure><\/div>\n\n\n<p>Desde que lan\u00e7ou o seu nome como pr\u00e9-candidato em Araci-BA, Zelito que tamb\u00e9m \u00e9 irm\u00e3o do Deputado Federal Ricardo Maia (MDB), tem sido alvo de acusa\u00e7\u00f5es, em que supostamente teria falsificado assinaturas em um contrato de aluguel, o que seria uma fraude em seu domic\u00edlio eleitoral. O PDT, partido da atual prefeita Keinha, que \u00e9 pr\u00e9-candidata \u00e0 reelei\u00e7\u00e3o, se baseou numa per\u00edcia particular para fundamentar a den\u00fancia. <strong><a href=\"https:\/\/www.portalalerta.com.br\/index.php\/2024\/03\/27\/irmao-de-ricardo-maia-e-investigado-pelo-ministerio-publico-por-fraude-em-mudanca-de-domicilio-eleitoral\/\" title=\"\">Relembre<\/a><\/strong><\/p>\n\n\n\n<p>O advogado Lucas Ribeiro disse ainda que <strong><em>\u201c\u00e9 satisfat\u00f3rio ver a Justi\u00e7a Eleitoral se manifestando com firmeza, de forma t\u00e9cnica e isenta a sua posi\u00e7\u00e3o, reafirmando o que h\u00e1 anos sua pr\u00f3pria jurisprud\u00eancia j\u00e1 dizia, colocando fim a uma verdadeira fantasia criada pelo PDT, ratificando-se, assim, a pr\u00e9-candidatura de Zelito Maia a Prefeitura de Araci\u201d<\/em><\/strong>, concluiu.<\/p>\n\n\n\n<p>Confira <strong><a href=\"https:\/\/www.portalalerta.com.br\/wp-content\/uploads\/2024\/05\/Nota-a-Imprensa-Zelito-Maia1.pdf\" title=\"\">AQUI<\/a><\/strong> a nota na \u00edntegra!<\/p>\n\n\n\n<p><em>Reda\u00e7\u00e3o: Portal Alerta<\/em><\/p>\n","protected":false},"excerpt":{"rendered":"<p>Em nota \u00e0 imprensa, o advogado do pr\u00e9-candidato a prefeito em Araci-BA, pelo MDB (Movimento Democr\u00e1tico Brasileiro), Jos\u00e9 Edson maia Filho (Zelito Maia), afirmou que o Tribunal Regional Eleitoral julgou favoravelmente ao pr\u00e9-candidato, confirmando por unanimidade a regularidade da transfer\u00eancia de domic\u00edlio eleitoral, n\u00e3o acatando o recurso do PDT (Partido Democr\u00e1tico Trabalhista).<\/p>\n","protected":false},"author":2,"featured_media":55399,"comment_status":"open","ping_status":"open","sticky":false,"template":"","format":"standard","meta":{"om_disable_all_campaigns":false,"_monsterinsights_skip_tracking":false,"_monsterinsights_sitenote_active":false,"_monsterinsights_sitenote_note":"","_monsterinsights_sitenote_category":0,"footnotes":""},"categories":[41,70,69,21,32],"tags":[100,71,48,75,4178,4180,5459,129,107,4181,132,230,106,203,120,51,109,88,47,111,380,190,6757],"class_list":["post-56300","post","type-post","status-publish","format-standard","has-post-thumbnail","hentry","category-araci","category-destaques","category-noticias2","category-politica","category-regiao","tag-adustina","tag-antas","tag-araci","tag-cicero-dantas","tag-cipo-2","tag-crisopolis-2","tag-domicilio-eleitoral","tag-euclides-da-cunha","tag-fatima","tag-heliopolis-2","tag-itapicuru","tag-jeremoabo","tag-nova-soure","tag-novo-triunfo","tag-olindina","tag-paripiranga","tag-quijingue","tag-ribeira-do-amparo","tag-ribeira-do-pombal","tag-sitio-do-quinto","tag-tre","tag-tucano","tag-zelito-maia"],"aioseo_notices":[],"_links":{"self":[{"href":"https:\/\/www.portalalerta.com.br\/index.php\/wp-json\/wp\/v2\/posts\/56300","targetHints":{"allow":["GET"]}}],"collection":[{"href":"https:\/\/www.portalalerta.com.br\/index.php\/wp-json\/wp\/v2\/posts"}],"about":[{"href":"https:\/\/www.portalalerta.com.br\/index.php\/wp-json\/wp\/v2\/types\/post"}],"author":[{"embeddable":true,"href":"https:\/\/www.portalalerta.com.br\/index.php\/wp-json\/wp\/v2\/users\/2"}],"replies":[{"embeddable":true,"href":"https:\/\/www.portalalerta.com.br\/index.php\/wp-json\/wp\/v2\/comments?post=56300"}],"version-history":[{"count":2,"href":"https:\/\/www.portalalerta.com.br\/index.php\/wp-json\/wp\/v2\/posts\/56300\/revisions"}],"predecessor-version":[{"id":56321,"href":"https:\/\/www.portalalerta.com.br\/index.php\/wp-json\/wp\/v2\/posts\/56300\/revisions\/56321"}],"wp:featuredmedia":[{"embeddable":true,"href":"https:\/\/www.portalalerta.com.br\/index.php\/wp-json\/wp\/v2\/media\/55399"}],"wp:attachment":[{"href":"https:\/\/www.portalalerta.com.br\/index.php\/wp-json\/wp\/v2\/media?parent=56300"}],"wp:term":[{"taxonomy":"category","embeddable":true,"href":"https:\/\/www.portalalerta.com.br\/index.php\/wp-json\/wp\/v2\/categories?post=56300"},{"taxonomy":"post_tag","embeddable":true,"href":"https:\/\/www.portalalerta.com.br\/index.php\/wp-json\/wp\/v2\/tags?post=56300"}],"curies":[{"name":"wp","href":"https:\/\/api.w.org\/{rel}","templated":true}]}}