{"id":56302,"date":"2024-05-06T22:37:15","date_gmt":"2024-05-07T01:37:15","guid":{"rendered":"https:\/\/www.portalalerta.com.br\/?p=56302"},"modified":"2024-05-06T22:37:17","modified_gmt":"2024-05-07T01:37:17","slug":"bolsonaro-chega-a-hospital-em-sao-paulo-apos-ser-transferido-de-manaus","status":"publish","type":"post","link":"https:\/\/www.portalalerta.com.br\/index.php\/2024\/05\/06\/bolsonaro-chega-a-hospital-em-sao-paulo-apos-ser-transferido-de-manaus\/","title":{"rendered":"Bolsonaro chega a hospital em S\u00e3o Paulo ap\u00f3s ser transferido de Manaus"},"content":{"rendered":"\n<p>Ex-presidente dar\u00e1 seguimento a tratamento de obstru\u00e7\u00e3o intestinal e quadro de infec\u00e7\u00e3o na pele<\/p>\n\n\n\n<!--more-->\n\n\n\n<p>O ex-presidente Jair Bolsonaro (PL) chegou, na noite desta segunda-feira (6), ao Hospital Vila Nova Star, na zona sul de S\u00e3o Paulo, ap\u00f3s ser transferido de Manaus.<\/p>\n\n\n\n<p>A chegada do ex-presidente ao Vila Nova Star ocorreu por volta das 20h (hor\u00e1rio de Bras\u00edlia), confirmou o hospital. Ao chegar \u00e0 unidade, Bolsonaro desceu da ambul\u00e2ncia em uma cadeira de rodas.<\/p>\n\n\n\n<p>Bolsonaro ser\u00e1 atendido pelo cirurgi\u00e3o Antonio Luiz de Macedo, m\u00e9dico que o acompanha desde que levou uma\u00a0facada, em 2018, em meio \u00e0 companha eleitoral.<\/p>\n\n\n\n<p>O ex-presidente, inicialmente,\u00a0seria transferido para Bras\u00edlia. Por\u00e9m, dado o desconforto abdominal que sentiu na madrugada desta segunda,\u00a0optou-se pela ida a S\u00e3o Paulo.<\/p>\n\n\n\n<p>No hospital, o ex-presidente dar\u00e1 seguimento aos tratamentos de obstru\u00e7\u00e3o intestinal e\u00a0infec\u00e7\u00e3o na pele.<\/p>\n\n\n\n<p><strong>Interna\u00e7\u00e3o em Manaus<\/strong><\/p>\n\n\n\n<p>No final de semana, Bolsonaro foi internado em Manaus para tratar um quadro de\u00a0erisipela, uma infec\u00e7\u00e3o na pele que atinge sua perna e seu bra\u00e7o.<\/p>\n\n\n\n<p>Bolsonaro estava deste sexta-feira (3) no Amazonas, para onde foi na inten\u00e7\u00e3o de passar o dia e o final de semana em encontros com aliados pol\u00edticos no estado.<\/p>\n\n\n\n<p>De acordo com pessoas pr\u00f3ximas a Bolsonaro ouvidas pela&nbsp;<strong>CNN<\/strong>, o ex-presidente apresentou quadro de desidrata\u00e7\u00e3o antes mesmo de viajar para Manaus.<\/p>\n\n\n\n<p>No s\u00e1bado (4), durante um evento do PL Mulher do Amazonas, o ex-presidente discursou a apoiadores com o bra\u00e7o enfaixado.<\/p>\n\n\n\n<p><strong><em>\u201cQuando cai a imunidade da gente por problemas variados, a erisipela \u00e9 comum de acontecer\u201d<\/em><\/strong>, disse o ex-mandat\u00e1rio.<\/p>\n\n\n\n<p><em>Fonte: CNN<\/em><\/p>\n","protected":false},"excerpt":{"rendered":"<p>Ex-presidente dar\u00e1 seguimento a tratamento de obstru\u00e7\u00e3o intestinal e quadro de infec\u00e7\u00e3o na pele<\/p>\n","protected":false},"author":2,"featured_media":56303,"comment_status":"open","ping_status":"open","sticky":false,"template":"","format":"standard","meta":{"om_disable_all_campaigns":false,"_monsterinsights_skip_tracking":false,"_monsterinsights_sitenote_active":false,"_monsterinsights_sitenote_note":"","_monsterinsights_sitenote_category":0,"footnotes":""},"categories":[34,70,69,21],"tags":[100,71,48,93,75,4178,4180,129,107,4181,132,1395,230,1582,106,203,120,51,109,88,47,111,168,190],"class_list":["post-56302","post","type-post","status-publish","format-standard","has-post-thumbnail","hentry","category-brasil","category-destaques","category-noticias2","category-politica","tag-adustina","tag-antas","tag-araci","tag-brasil","tag-cicero-dantas","tag-cipo-2","tag-crisopolis-2","tag-euclides-da-cunha","tag-fatima","tag-heliopolis-2","tag-itapicuru","tag-jair-bolsonaro","tag-jeremoabo","tag-manaus","tag-nova-soure","tag-novo-triunfo","tag-olindina","tag-paripiranga","tag-quijingue","tag-ribeira-do-amparo","tag-ribeira-do-pombal","tag-sitio-do-quinto","tag-transferencia","tag-tucano"],"aioseo_notices":[],"_links":{"self":[{"href":"https:\/\/www.portalalerta.com.br\/index.php\/wp-json\/wp\/v2\/posts\/56302","targetHints":{"allow":["GET"]}}],"collection":[{"href":"https:\/\/www.portalalerta.com.br\/index.php\/wp-json\/wp\/v2\/posts"}],"about":[{"href":"https:\/\/www.portalalerta.com.br\/index.php\/wp-json\/wp\/v2\/types\/post"}],"author":[{"embeddable":true,"href":"https:\/\/www.portalalerta.com.br\/index.php\/wp-json\/wp\/v2\/users\/2"}],"replies":[{"embeddable":true,"href":"https:\/\/www.portalalerta.com.br\/index.php\/wp-json\/wp\/v2\/comments?post=56302"}],"version-history":[{"count":1,"href":"https:\/\/www.portalalerta.com.br\/index.php\/wp-json\/wp\/v2\/posts\/56302\/revisions"}],"predecessor-version":[{"id":56304,"href":"https:\/\/www.portalalerta.com.br\/index.php\/wp-json\/wp\/v2\/posts\/56302\/revisions\/56304"}],"wp:featuredmedia":[{"embeddable":true,"href":"https:\/\/www.portalalerta.com.br\/index.php\/wp-json\/wp\/v2\/media\/56303"}],"wp:attachment":[{"href":"https:\/\/www.portalalerta.com.br\/index.php\/wp-json\/wp\/v2\/media?parent=56302"}],"wp:term":[{"taxonomy":"category","embeddable":true,"href":"https:\/\/www.portalalerta.com.br\/index.php\/wp-json\/wp\/v2\/categories?post=56302"},{"taxonomy":"post_tag","embeddable":true,"href":"https:\/\/www.portalalerta.com.br\/index.php\/wp-json\/wp\/v2\/tags?post=56302"}],"curies":[{"name":"wp","href":"https:\/\/api.w.org\/{rel}","templated":true}]}}