{"id":56307,"date":"2024-05-07T07:00:00","date_gmt":"2024-05-07T10:00:00","guid":{"rendered":"https:\/\/www.portalalerta.com.br\/?p=56307"},"modified":"2024-05-06T23:01:17","modified_gmt":"2024-05-07T02:01:17","slug":"chuvas-no-rs-camara-reconhece-calamidade-para-dar-celeridade-ao-repasse-de-verbas","status":"publish","type":"post","link":"https:\/\/www.portalalerta.com.br\/index.php\/2024\/05\/07\/chuvas-no-rs-camara-reconhece-calamidade-para-dar-celeridade-ao-repasse-de-verbas\/","title":{"rendered":"Chuvas no RS: C\u00e2mara reconhece calamidade para dar celeridade ao repasse de verbas"},"content":{"rendered":"\n<p>Texto agora vai para o Senado; estado tem sido atingido por fortes chuvas e enchentes<\/p>\n\n\n\n<!--more-->\n\n\n\n<p>A C\u00e2mara aprovou, nesta segunda-feira (6), um projeto de decreto legislativo que reconhece o estado de calamidade p\u00fablica no Rio Grande do Sul, que tem sido assolado por fortes chuvas e enchentes.<\/p>\n\n\n\n<p>O texto foi aprovado de forma simb\u00f3lica.<\/p>\n\n\n\n<p>Na pr\u00e1tica, o decreto legislativo permite que o repasse de verbas para o estado seja acelerado. O&nbsp;<a href=\"https:\/\/www.cnnbrasil.com.br\/politica\/chuvas-no-rs-camara-reconhece-calamidade-saiba-quais-sao-os-proximos-passos\/\" target=\"_blank\" rel=\"noreferrer noopener\">texto agora vai ao Senado<\/a>. Segundo o presidente da C\u00e2mara, Arthur Lira (PP-AL), j\u00e1 foi assinado of\u00edcio encaminhando o tema ao Senado.<\/p>\n\n\n\n<p>De acordo com o projeto, fica reconhecida a&nbsp;<a href=\"https:\/\/www.cnnbrasil.com.br\/nacional\/chuvas-no-rs-numero-de-mortos-sobe-para-83-sao-111-desaparecidos\/\" target=\"_blank\" rel=\"noreferrer noopener\">calamidade p\u00fablica no Rio Grande do Sul<\/a>&nbsp;at\u00e9 31 de dezembro de 2024.<\/p>\n\n\n\n<p>Durante a leitura do parecer, o relator do texto, deputado Osmar Terra (MDB-RS), acolheu uma sugest\u00e3o da deputada Adriana Ventura (Novo-SP) que n\u00e3o estava presente na vers\u00e3o enviada pelo governo.<\/p>\n\n\n\n<p>Segundo Adriana, o texto apresentado pelo governo permite que o Executivo n\u00e3o cumpra a meta fiscal de 2024.<\/p>\n\n\n\n<p>Na pr\u00e1tica, o dispositivo inclu\u00eddo pelo relator refor\u00e7a que o governo s\u00f3 poder\u00e1 extrapolar a meta com as despesas relacionadas ao Rio Grande do Sul.<\/p>\n\n\n\n<p>O&nbsp;<a href=\"https:\/\/www.cnnbrasil.com.br\/politica\/lula-envia-projeto-ao-congresso-para-atender-necessidades-do-rs\/\">ato foi assinado por Lula nesta segunda<\/a>, durante reuni\u00e3o no Pal\u00e1cio do Planalto com o presidente do Senado, Rodrigo Pacheco (PSD-MG), o presidente da C\u00e2mara, Arthur Lira (PP-AL), o vice-presidente do Supremo Tribunal Federal (STF), Edson Fachin, e ministros do governo.<\/p>\n\n\n\n<p><strong>Alternativa<\/strong><\/p>\n\n\n\n<p>A decis\u00e3o de socorrer o Rio Grande do Sul por meio de um projeto de decreto legislativo foi tomada depois que integrantes do governo&nbsp;<a href=\"https:\/\/www.cnnbrasil.com.br\/blogs\/iuri-pitta\/economia\/governo-avalia-auxilio-ao-rio-grande-do-sul-que-dispense-aprovacao-de-pec\/\" target=\"_blank\" rel=\"noreferrer noopener\">apresentaram resist\u00eancias \u00e0 aprova\u00e7\u00e3o de uma proposta de emenda \u00e0 Constitui\u00e7\u00e3o (PEC)<\/a>. Por se tratar de altera\u00e7\u00f5es \u00e0 Constitui\u00e7\u00e3o, uma proposta desse tipo \u00e9 mais dif\u00edcil de ser aprovada.<\/p>\n\n\n<div class=\"wp-block-image\">\n<figure class=\"alignleft size-large is-resized\"><img fetchpriority=\"high\" decoding=\"async\" src=\"https:\/\/www.portalalerta.com.br\/wp-content\/uploads\/2024\/04\/Sabino-Tijolo-576x1024.jpg\" alt=\"\" class=\"wp-image-56164\" width=\"402\" height=\"715\" srcset=\"https:\/\/www.portalalerta.com.br\/wp-content\/uploads\/2024\/04\/Sabino-Tijolo-576x1024.jpg 576w, https:\/\/www.portalalerta.com.br\/wp-content\/uploads\/2024\/04\/Sabino-Tijolo-135x240.jpg 135w, https:\/\/www.portalalerta.com.br\/wp-content\/uploads\/2024\/04\/Sabino-Tijolo.jpg 591w\" sizes=\"(max-width: 402px) 100vw, 402px\" \/><\/figure><\/div>\n\n\n<p>A avalia\u00e7\u00e3o tamb\u00e9m foi de que o projeto evitaria que fossem inclu\u00eddos gastos extras, como ocorreu com a PEC da Guerra, em 2020, quando o Congresso autorizou o uso de recursos p\u00fablicos fora das regras de controle fiscal para combater a pandemia.<\/p>\n\n\n\n<p>Segundo integrantes do governo, o projeto de decreto legislativo ainda evita que seja criada uma bomba fiscal.<\/p>\n\n\n\n<p>O entendimento no Planalto \u00e9 de que a legisla\u00e7\u00e3o atual prev\u00ea a flexibiliza\u00e7\u00e3o das regras fiscais no caso de calamidade p\u00fablica reconhecida pelo Congresso.<\/p>\n\n\n\n<p><strong><em>\u201cEssa sistem\u00e1tica autoriza, entre outras regras, a dispensa de atingimento de metas fiscais ou a limita\u00e7\u00e3o de empenho, o afastamento de regras espec\u00edficas da mencionada Lei Complementar e a dispensa de condicionantes para concess\u00e3o de benef\u00edcios fiscais ou institui\u00e7\u00e3o de despesas obrigat\u00f3rias\u201d<\/em><\/strong>, disse o governo em mensagem enviada ao Congresso.<\/p>\n\n\n\n<p><strong>Pr\u00f3ximos passos<\/strong><\/p>\n\n\n\n<p>O texto ainda precisa ser aprovado pelo Senado Federal para passar a valer.<\/p>\n\n\n\n<p>Depois de conclu\u00edda a vota\u00e7\u00e3o da proposta no Congresso, o governo poder\u00e1 publicar medidas com a abertura de cr\u00e9dito extraordin\u00e1rio para atender o estado.<\/p>\n\n\n\n<p><em>Fonte: CNN<\/em><\/p>\n","protected":false},"excerpt":{"rendered":"<p>Texto agora vai para o Senado; estado tem sido atingido por fortes chuvas e enchentes<\/p>\n","protected":false},"author":2,"featured_media":56305,"comment_status":"open","ping_status":"open","sticky":false,"template":"","format":"standard","meta":{"om_disable_all_campaigns":false,"_monsterinsights_skip_tracking":false,"_monsterinsights_sitenote_active":false,"_monsterinsights_sitenote_note":"","_monsterinsights_sitenote_category":0,"footnotes":""},"categories":[34,70,69],"tags":[100,71,48,93,186,1977,75,4178,4180,3414,129,107,4181,132,230,106,203,120,51,109,88,47,854,111,190],"class_list":["post-56307","post","type-post","status-publish","format-standard","has-post-thumbnail","hentry","category-brasil","category-destaques","category-noticias2","tag-adustina","tag-antas","tag-araci","tag-brasil","tag-camara-dos-deputados","tag-chuvas","tag-cicero-dantas","tag-cipo-2","tag-crisopolis-2","tag-estado-de-calamidade","tag-euclides-da-cunha","tag-fatima","tag-heliopolis-2","tag-itapicuru","tag-jeremoabo","tag-nova-soure","tag-novo-triunfo","tag-olindina","tag-paripiranga","tag-quijingue","tag-ribeira-do-amparo","tag-ribeira-do-pombal","tag-rio-grande-do-sul","tag-sitio-do-quinto","tag-tucano"],"aioseo_notices":[],"_links":{"self":[{"href":"https:\/\/www.portalalerta.com.br\/index.php\/wp-json\/wp\/v2\/posts\/56307","targetHints":{"allow":["GET"]}}],"collection":[{"href":"https:\/\/www.portalalerta.com.br\/index.php\/wp-json\/wp\/v2\/posts"}],"about":[{"href":"https:\/\/www.portalalerta.com.br\/index.php\/wp-json\/wp\/v2\/types\/post"}],"author":[{"embeddable":true,"href":"https:\/\/www.portalalerta.com.br\/index.php\/wp-json\/wp\/v2\/users\/2"}],"replies":[{"embeddable":true,"href":"https:\/\/www.portalalerta.com.br\/index.php\/wp-json\/wp\/v2\/comments?post=56307"}],"version-history":[{"count":1,"href":"https:\/\/www.portalalerta.com.br\/index.php\/wp-json\/wp\/v2\/posts\/56307\/revisions"}],"predecessor-version":[{"id":56309,"href":"https:\/\/www.portalalerta.com.br\/index.php\/wp-json\/wp\/v2\/posts\/56307\/revisions\/56309"}],"wp:featuredmedia":[{"embeddable":true,"href":"https:\/\/www.portalalerta.com.br\/index.php\/wp-json\/wp\/v2\/media\/56305"}],"wp:attachment":[{"href":"https:\/\/www.portalalerta.com.br\/index.php\/wp-json\/wp\/v2\/media?parent=56307"}],"wp:term":[{"taxonomy":"category","embeddable":true,"href":"https:\/\/www.portalalerta.com.br\/index.php\/wp-json\/wp\/v2\/categories?post=56307"},{"taxonomy":"post_tag","embeddable":true,"href":"https:\/\/www.portalalerta.com.br\/index.php\/wp-json\/wp\/v2\/tags?post=56307"}],"curies":[{"name":"wp","href":"https:\/\/api.w.org\/{rel}","templated":true}]}}