{"id":56312,"date":"2024-05-07T16:02:00","date_gmt":"2024-05-07T19:02:00","guid":{"rendered":"https:\/\/www.portalalerta.com.br\/?p=56312"},"modified":"2024-05-07T02:08:15","modified_gmt":"2024-05-07T05:08:15","slug":"tregua-em-gaza-e-incerta-israel-promete-seguir-com-operacao-em-rafah","status":"publish","type":"post","link":"https:\/\/www.portalalerta.com.br\/index.php\/2024\/05\/07\/tregua-em-gaza-e-incerta-israel-promete-seguir-com-operacao-em-rafah\/","title":{"rendered":"Tr\u00e9gua em Gaza \u00e9 incerta; Israel promete seguir com opera\u00e7\u00e3o em Rafah"},"content":{"rendered":"\n<p><strong><em>Em comunicado, Hamas disse que aceitou proposta<\/em><\/strong><\/p>\n\n\n\n<!--more-->\n\n\n\n<p>O grupo militante palestino Hamas concordou nesta segunda-feira (6) com uma proposta dos mediadores por um cessar-fogo em Gaza, mas Israel afirmou que os termos n\u00e3o cumprem suas demandas e seguiu com ataques contra Rafah, ao mesmo tempo em que planeja continuar as negocia\u00e7\u00f5es por um acordo.<\/p>\n\n\n\n<p>O desdobramento da guerra de sete meses ocorre ap\u00f3s for\u00e7as israelenses atingirem Rafah, no extremo sul de Gaza, pelo ar e pela terra, e ordenarem que moradores se retirassem de \u00e1reas da cidade, que at\u00e9 ent\u00e3o tem sido um ref\u00fagio para mais de 1 milh\u00e3o de palestinos deslocados.<\/p>\n\n\n\n<p>O Hamas disse em um breve comunicado que o seu chefe, Ismail Haniyeh, informou mediadores do Catar e do Egito que&nbsp;<a href=\"https:\/\/agenciabrasil.ebc.com.br\/internacional\/noticia\/2024-05\/hamas-diz-concordar-com-proposta-de-cessar-fogo-na-guerra-de-gaza\" target=\"_blank\" rel=\"noreferrer noopener\"><strong>o grupo aceitou a proposta deles<\/strong><\/a>&nbsp;por um cessar-fogo.<\/p>\n\n\n\n<p>O gabinete do primeiro-ministro israelense, Benjamin Netanyahu, disse posteriormente que a \u00faltima proposta de tr\u00e9gua do Hamas n\u00e3o cumpre as demandas de Israel, mas que ir\u00e1 enviar uma delega\u00e7\u00e3o para se reunir com os negociadores e tentar um acordo.<\/p>\n\n\n\n<p>Em comunicado, o gabinete de Netanyahu acrescentou que seu gabinete de guerra aprovou a continuidade da opera\u00e7\u00e3o em Rafah.<\/p>\n\n\n\n<p><strong><em>&#8220;O gabinete de guerra decidiu por unanimidade que Israel continue a opera\u00e7\u00e3o em Rafah para exercer press\u00e3o militar sobre o Hamas e avan\u00e7ar com a liberta\u00e7\u00e3o dos nossos ref\u00e9ns e outros objetivos da guerra&#8221;,<\/em><\/strong> afirmou o comunicado.<\/p>\n\n\n\n<p>O secret\u00e1rio-geral da ONU, Ant\u00f3nio Guterres, pediu que Israel e Hamas &#8220;fa\u00e7am o esfor\u00e7o extra necess\u00e1rio para chegar a um acordo&#8221;, segundo seu porta-voz.<\/p>\n\n\n\n<p>Sob condi\u00e7\u00e3o de anonimato, uma autoridade israelense afirmou que a proposta aceita pelo Hamas \u00e9 uma vers\u00e3o dilu\u00edda de uma oferta eg\u00edpcia e inclu\u00eda elementos que Israel n\u00e3o poderia aceitar.<\/p>\n\n\n\n<p><strong><em>&#8220;Isso parece ser um estratagema com o objetivo de fazer Israel parecer o lado que est\u00e1 recusando um acordo&#8221;<\/em><\/strong>, disse a autoridade israelense.<\/p>\n\n\n\n<p>Mas uma outra autoridade informada sobre as negocia\u00e7\u00f5es de paz, tamb\u00e9m sob condi\u00e7\u00e3o de anonimato, disse que a proposta aceita pelo Hamas era efetivamente a mesma com a qual Israel concordou no fim de abril.<\/p>\n\n\n\n<p><strong>Rafah<\/strong><\/p>\n\n\n\n<p>Qualquer tr\u00e9gua seria a primeira pausa dos conflitos desde um cessar-fogo de uma semana em novembro, durante o qual o Hamas libertou cerca de metade dos ref\u00e9ns.<\/p>\n\n\n<div class=\"wp-block-image\">\n<figure class=\"alignleft size-large is-resized\"><img fetchpriority=\"high\" decoding=\"async\" src=\"https:\/\/www.portalalerta.com.br\/wp-content\/uploads\/2024\/04\/autoescola-emprego-1024x1024.jpg\" alt=\"\" class=\"wp-image-55693\" width=\"435\" height=\"435\" srcset=\"https:\/\/www.portalalerta.com.br\/wp-content\/uploads\/2024\/04\/autoescola-emprego-1024x1024.jpg 1024w, https:\/\/www.portalalerta.com.br\/wp-content\/uploads\/2024\/04\/autoescola-emprego-240x240.jpg 240w, https:\/\/www.portalalerta.com.br\/wp-content\/uploads\/2024\/04\/autoescola-emprego-768x768.jpg 768w, https:\/\/www.portalalerta.com.br\/wp-content\/uploads\/2024\/04\/autoescola-emprego.jpg 1080w\" sizes=\"(max-width: 435px) 100vw, 435px\" \/><\/figure><\/div>\n\n\n<p>Mais cedo nesta segunda-feira, Israel&nbsp;<a href=\"https:\/\/agenciabrasil.ebc.com.br\/internacional\/noticia\/2024-05\/israel-pede-habitantes-de-rafah-que-se-dirijam-areas-humanitarias\" target=\"_blank\" rel=\"noreferrer noopener\"><strong>ordenou a retirada de pessoas<\/strong><\/a>&nbsp;de \u00e1reas de Rafah, cidade na fronteira com Egito que serviu como \u00faltimo santu\u00e1rio para aproximadamente metade da popula\u00e7\u00e3o de 2,3 milh\u00f5es de Gaza.<\/p>\n\n\n\n<p>Israel afirmou nesta segunda-feira que conduziria opera\u00e7\u00f5es limitadas na regi\u00e3o leste de Rafah. Elas foram acompanhadas por intensos ataques a\u00e9reos, segundo moradores palestinos.<\/p>\n\n\n\n<p><strong><em>&#8220;Eles est\u00e3o atirando desde a noite passada e hoje, ap\u00f3s as ordens de retirada, os bombardeios ficaram mais intensos porque eles querem nos assustar para irmos embora&#8221;<\/em><\/strong>, disse \u00e0 Reuters Jaber Abu Nazly, um pai de 40 anos de dois filhos, por meio de aplicativo de mensagens.<\/p>\n\n\n\n<p><strong><em>&#8220;Outros est\u00e3o se perguntando se existe algum lugar seguro em toda a Faixa de Gaza&#8221;<\/em><\/strong>, acrescentou.<\/p>\n\n\n\n<p>Fonte: CNN<\/p>\n","protected":false},"excerpt":{"rendered":"<p>Em comunicado, Hamas disse que aceitou proposta<\/p>\n","protected":false},"author":2,"featured_media":56308,"comment_status":"open","ping_status":"open","sticky":false,"template":"","format":"standard","meta":{"om_disable_all_campaigns":false,"_monsterinsights_skip_tracking":false,"_monsterinsights_sitenote_active":false,"_monsterinsights_sitenote_note":"","_monsterinsights_sitenote_category":0,"footnotes":""},"categories":[70,35,69],"tags":[100,71,48,75,45,46,129,107,6405,44,132,230,339,106,203,120,51,109,88,47,111,6439,190],"class_list":["post-56312","post","type-post","status-publish","format-standard","has-post-thumbnail","hentry","category-destaques","category-mundo","category-noticias2","tag-adustina","tag-antas","tag-araci","tag-cicero-dantas","tag-cipo","tag-crisopolis","tag-euclides-da-cunha","tag-fatima","tag-gaza","tag-heliopolis","tag-itapicuru","tag-jeremoabo","tag-mundo","tag-nova-soure","tag-novo-triunfo","tag-olindina","tag-paripiranga","tag-quijingue","tag-ribeira-do-amparo","tag-ribeira-do-pombal","tag-sitio-do-quinto","tag-tregua","tag-tucano"],"aioseo_notices":[],"_links":{"self":[{"href":"https:\/\/www.portalalerta.com.br\/index.php\/wp-json\/wp\/v2\/posts\/56312","targetHints":{"allow":["GET"]}}],"collection":[{"href":"https:\/\/www.portalalerta.com.br\/index.php\/wp-json\/wp\/v2\/posts"}],"about":[{"href":"https:\/\/www.portalalerta.com.br\/index.php\/wp-json\/wp\/v2\/types\/post"}],"author":[{"embeddable":true,"href":"https:\/\/www.portalalerta.com.br\/index.php\/wp-json\/wp\/v2\/users\/2"}],"replies":[{"embeddable":true,"href":"https:\/\/www.portalalerta.com.br\/index.php\/wp-json\/wp\/v2\/comments?post=56312"}],"version-history":[{"count":1,"href":"https:\/\/www.portalalerta.com.br\/index.php\/wp-json\/wp\/v2\/posts\/56312\/revisions"}],"predecessor-version":[{"id":56313,"href":"https:\/\/www.portalalerta.com.br\/index.php\/wp-json\/wp\/v2\/posts\/56312\/revisions\/56313"}],"wp:featuredmedia":[{"embeddable":true,"href":"https:\/\/www.portalalerta.com.br\/index.php\/wp-json\/wp\/v2\/media\/56308"}],"wp:attachment":[{"href":"https:\/\/www.portalalerta.com.br\/index.php\/wp-json\/wp\/v2\/media?parent=56312"}],"wp:term":[{"taxonomy":"category","embeddable":true,"href":"https:\/\/www.portalalerta.com.br\/index.php\/wp-json\/wp\/v2\/categories?post=56312"},{"taxonomy":"post_tag","embeddable":true,"href":"https:\/\/www.portalalerta.com.br\/index.php\/wp-json\/wp\/v2\/tags?post=56312"}],"curies":[{"name":"wp","href":"https:\/\/api.w.org\/{rel}","templated":true}]}}