{"id":56326,"date":"2024-05-07T22:12:57","date_gmt":"2024-05-08T01:12:57","guid":{"rendered":"https:\/\/www.portalalerta.com.br\/?p=56326"},"modified":"2024-05-07T22:12:58","modified_gmt":"2024-05-08T01:12:58","slug":"cameras-corporais-comecam-a-ser-utilizadas-por-policiais-militares-em-salvador-ba","status":"publish","type":"post","link":"https:\/\/www.portalalerta.com.br\/index.php\/2024\/05\/07\/cameras-corporais-comecam-a-ser-utilizadas-por-policiais-militares-em-salvador-ba\/","title":{"rendered":"C\u00e2meras corporais come\u00e7am a ser utilizadas por policiais militares em Salvador-BA"},"content":{"rendered":"\n<p>A partir desta ter\u00e7a-feira (7), as c\u00e2meras corporais operacionais come\u00e7am a ser implementadas nas fardas dos agentes das for\u00e7as de seguran\u00e7a da Bahia. Nesta primeira etapa, 448 c\u00e2meras ser\u00e3o utilizadas por policiais das Companhias Independentes da Pol\u00edcia Militar (CIPM) nos bairros de Piraj\u00e1, Tancredo Neves e Liberdade, na capital baiana. De acordo com a Secretaria da Seguran\u00e7a P\u00fablica (SSP), os locais foram escolhidos com base em crit\u00e9rios t\u00e9cnicos, priorizando \u00e1reas com maior n\u00famero de atendimentos.<\/p>\n\n\n\n<!--more-->\n\n\n<div class=\"wp-block-image\">\n<figure class=\"alignleft size-large is-resized\"><img fetchpriority=\"high\" decoding=\"async\" src=\"https:\/\/www.portalalerta.com.br\/wp-content\/uploads\/2024\/04\/Sabino-Tijolo-576x1024.jpg\" alt=\"\" class=\"wp-image-56164\" width=\"403\" height=\"716\" srcset=\"https:\/\/www.portalalerta.com.br\/wp-content\/uploads\/2024\/04\/Sabino-Tijolo-576x1024.jpg 576w, https:\/\/www.portalalerta.com.br\/wp-content\/uploads\/2024\/04\/Sabino-Tijolo-135x240.jpg 135w, https:\/\/www.portalalerta.com.br\/wp-content\/uploads\/2024\/04\/Sabino-Tijolo.jpg 591w\" sizes=\"(max-width: 403px) 100vw, 403px\" \/><\/figure><\/div>\n\n\n<p>Para o secret\u00e1rio da Seguran\u00e7a P\u00fablica, Marcelo Werner, a iniciativa tem como objetivo aumentar a transpar\u00eancia e a seguran\u00e7a das a\u00e7\u00f5es policiais, tanto para os agentes quanto para a popula\u00e7\u00e3o.<\/p>\n\n\n\n<p>Segundo a SSP, as c\u00e2meras corporais registrar\u00e3o de forma cont\u00ednua e inviol\u00e1vel a atua\u00e7\u00e3o dos agentes, com o objetivo de garantir mais clareza e precis\u00e3o nas ocorr\u00eancias. O acesso \u00e0s imagens s\u00f3 ser\u00e1 autorizado por ordem judicial ou por requisi\u00e7\u00e3o fundamentada \u00e0 Secretaria de Seguran\u00e7a P\u00fablica.&nbsp;<\/p>\n\n\n\n<p><em>Fonte: Not\u00edcias de Santaluz<\/em><em><\/em><\/p>\n","protected":false},"excerpt":{"rendered":"<p>A partir desta ter\u00e7a-feira (7), as c\u00e2meras corporais operacionais come\u00e7am a ser implementadas nas fardas dos agentes das for\u00e7as de seguran\u00e7a da Bahia. Nesta primeira etapa, 448 c\u00e2meras ser\u00e3o utilizadas por policiais das Companhias Independentes da Pol\u00edcia Militar (CIPM) nos bairros de Piraj\u00e1, Tancredo Neves e Liberdade, na capital baiana. De acordo com a Secretaria &hellip;<\/p>\n","protected":false},"author":2,"featured_media":56325,"comment_status":"open","ping_status":"open","sticky":false,"template":"","format":"standard","meta":{"om_disable_all_campaigns":false,"_monsterinsights_skip_tracking":false,"_monsterinsights_sitenote_active":false,"_monsterinsights_sitenote_note":"","_monsterinsights_sitenote_category":0,"footnotes":""},"categories":[33,70,69,22],"tags":[100,71,48,4421,75,4178,4180,129,6891,107,4181,132,230,106,203,120,51,79,109,88,47,111,190],"class_list":["post-56326","post","type-post","status-publish","format-standard","has-post-thumbnail","hentry","category-bahia","category-destaques","category-noticias2","category-seguranca","tag-adustina","tag-antas","tag-araci","tag-cameras","tag-cicero-dantas","tag-cipo-2","tag-crisopolis-2","tag-euclides-da-cunha","tag-fardas","tag-fatima","tag-heliopolis-2","tag-itapicuru","tag-jeremoabo","tag-nova-soure","tag-novo-triunfo","tag-olindina","tag-paripiranga","tag-policia-militar","tag-quijingue","tag-ribeira-do-amparo","tag-ribeira-do-pombal","tag-sitio-do-quinto","tag-tucano"],"aioseo_notices":[],"_links":{"self":[{"href":"https:\/\/www.portalalerta.com.br\/index.php\/wp-json\/wp\/v2\/posts\/56326","targetHints":{"allow":["GET"]}}],"collection":[{"href":"https:\/\/www.portalalerta.com.br\/index.php\/wp-json\/wp\/v2\/posts"}],"about":[{"href":"https:\/\/www.portalalerta.com.br\/index.php\/wp-json\/wp\/v2\/types\/post"}],"author":[{"embeddable":true,"href":"https:\/\/www.portalalerta.com.br\/index.php\/wp-json\/wp\/v2\/users\/2"}],"replies":[{"embeddable":true,"href":"https:\/\/www.portalalerta.com.br\/index.php\/wp-json\/wp\/v2\/comments?post=56326"}],"version-history":[{"count":1,"href":"https:\/\/www.portalalerta.com.br\/index.php\/wp-json\/wp\/v2\/posts\/56326\/revisions"}],"predecessor-version":[{"id":56327,"href":"https:\/\/www.portalalerta.com.br\/index.php\/wp-json\/wp\/v2\/posts\/56326\/revisions\/56327"}],"wp:featuredmedia":[{"embeddable":true,"href":"https:\/\/www.portalalerta.com.br\/index.php\/wp-json\/wp\/v2\/media\/56325"}],"wp:attachment":[{"href":"https:\/\/www.portalalerta.com.br\/index.php\/wp-json\/wp\/v2\/media?parent=56326"}],"wp:term":[{"taxonomy":"category","embeddable":true,"href":"https:\/\/www.portalalerta.com.br\/index.php\/wp-json\/wp\/v2\/categories?post=56326"},{"taxonomy":"post_tag","embeddable":true,"href":"https:\/\/www.portalalerta.com.br\/index.php\/wp-json\/wp\/v2\/tags?post=56326"}],"curies":[{"name":"wp","href":"https:\/\/api.w.org\/{rel}","templated":true}]}}