{"id":56332,"date":"2024-05-07T22:22:43","date_gmt":"2024-05-08T01:22:43","guid":{"rendered":"https:\/\/www.portalalerta.com.br\/?p=56332"},"modified":"2024-05-07T22:22:44","modified_gmt":"2024-05-08T01:22:44","slug":"comandante-da-guarda-municipal-prende-o-proprio-filho-por-participacao-em-assalto-a-loja-em-queimadas-ba-eu-nao-o-defendi","status":"publish","type":"post","link":"https:\/\/www.portalalerta.com.br\/index.php\/2024\/05\/07\/comandante-da-guarda-municipal-prende-o-proprio-filho-por-participacao-em-assalto-a-loja-em-queimadas-ba-eu-nao-o-defendi\/","title":{"rendered":"Comandante da Guarda Municipal prende o pr\u00f3prio filho por participa\u00e7\u00e3o em assalto a loja em Queimadas-BA: \u201cEu n\u00e3o o defendi\u201d"},"content":{"rendered":"\n<p>O comandante da Guarda Municipal de Queimadas, Adalberto Jos\u00e9 de Souza, prendeu o pr\u00f3prio filho, Daniel Pedreira, de 23 anos, na tarde de segunda-feira (6), ap\u00f3s reconhec\u00ea-lo em imagens de c\u00e2meras de seguran\u00e7a de um bazar e papelaria assaltado no centro da cidade.<\/p>\n\n\n\n<!--more-->\n\n\n<div class=\"wp-block-image\">\n<figure class=\"alignleft size-full\"><img fetchpriority=\"high\" decoding=\"async\" width=\"372\" height=\"786\" src=\"https:\/\/www.portalalerta.com.br\/wp-content\/uploads\/2024\/03\/Real-10x-100-juros-2024.jpg\" alt=\"\" class=\"wp-image-55190\" srcset=\"https:\/\/www.portalalerta.com.br\/wp-content\/uploads\/2024\/03\/Real-10x-100-juros-2024.jpg 372w, https:\/\/www.portalalerta.com.br\/wp-content\/uploads\/2024\/03\/Real-10x-100-juros-2024-114x240.jpg 114w\" sizes=\"(max-width: 372px) 100vw, 372px\" \/><\/figure><\/div>\n\n\n<p>O roubo, que durou menos de um minuto, aconteceu por volta das 14h06. As imagens mostram dois indiv\u00edduos, um deles usando capacete e o outro capuz, chegando ao local em uma motocicleta. Ao entrarem na loja, anunciaram o assalto e apontaram armas de fogo para duas funcion\u00e1rias. Ap\u00f3s roubarem uma quantia em dinheiro, os assaltantes fugiram em alta velocidade, com um deles disparando um tiro para o alto depois de sair do estabelecimento.<\/p>\n\n\n\n<p>Adalberto, que estava em dilig\u00eancias com a Pol\u00edcia Civil em busca dos suspeitos, reconheceu o filho nas imagens. <strong><em>\u201cA gente est\u00e1 sempre dando apoio \u00e0 delegacia. Me ligaram [quando o crime ocorreu]. Peguei a viatura e sa\u00ed com o colega em busca de informa\u00e7\u00f5es. Sa\u00edmos em dilig\u00eancias e n\u00e3o tivemos \u00eaxito na pris\u00e3o. Voltamos para a loja para pegar mais informa\u00e7\u00f5es. Como j\u00e1 temos experi\u00eancia nessas apura\u00e7\u00f5es, ao ver o v\u00eddeo, eu reconheci meu filho Daniel, mesmo encapuzado. No computador, observei melhor. Eu o localizei em uma pra\u00e7a e dei voz de pris\u00e3o\u201d<\/em><\/strong>, relatou o comandante ao jornalista Jean Mendes, do Not\u00edcias de Queimadas e Regi\u00e3o.<\/p>\n\n\n\n<p>O suspeito foi conduzido \u00e0 delegacia pelo pr\u00f3prio pai e liberado ap\u00f3s prestar depoimento. Ele disse que as armas utilizadas no assalto e o dinheiro roubado estavam com o comparsa, que ainda n\u00e3o foi localizado. A Pol\u00edcia Civil instaurou um inqu\u00e9rito e Daniel responder\u00e1 pelo crime em liberdade.<\/p>\n\n\n\n<p><strong><em>\u201cMeu filho demonstrou arrependimento. Ele me disse que est\u00e3o cobrando d\u00edvidas que ele possui e, por isso, resolveu fazer o assalto. Tem muitas pessoas me dizendo que agi certo, em prender. Eu n\u00e3o o defendi\u201d<\/em><\/strong>, completou Adalberto.<\/p>\n\n\n\n<p><em>Fonte: Not\u00edcias de SantaLuz<\/em><\/p>\n","protected":false},"excerpt":{"rendered":"<p>O comandante da Guarda Municipal de Queimadas, Adalberto Jos\u00e9 de Souza, prendeu o pr\u00f3prio filho, Daniel Pedreira, de 23 anos, na tarde de segunda-feira (6), ap\u00f3s reconhec\u00ea-lo em imagens de c\u00e2meras de seguran\u00e7a de um bazar e papelaria assaltado no centro da cidade.<\/p>\n","protected":false},"author":2,"featured_media":56333,"comment_status":"open","ping_status":"open","sticky":false,"template":"","format":"standard","meta":{"om_disable_all_campaigns":false,"_monsterinsights_skip_tracking":false,"_monsterinsights_sitenote_active":false,"_monsterinsights_sitenote_note":"","_monsterinsights_sitenote_category":0,"footnotes":""},"categories":[33,70,69,22],"tags":[100,71,48,75,4178,4180,129,107,313,4181,132,230,106,203,120,51,77,570,109,88,47,367,111,190],"class_list":["post-56332","post","type-post","status-publish","format-standard","has-post-thumbnail","hentry","category-bahia","category-destaques","category-noticias2","category-seguranca","tag-adustina","tag-antas","tag-araci","tag-cicero-dantas","tag-cipo-2","tag-crisopolis-2","tag-euclides-da-cunha","tag-fatima","tag-gcm","tag-heliopolis-2","tag-itapicuru","tag-jeremoabo","tag-nova-soure","tag-novo-triunfo","tag-olindina","tag-paripiranga","tag-preso","tag-queimadas","tag-quijingue","tag-ribeira-do-amparo","tag-ribeira-do-pombal","tag-roubo","tag-sitio-do-quinto","tag-tucano"],"aioseo_notices":[],"_links":{"self":[{"href":"https:\/\/www.portalalerta.com.br\/index.php\/wp-json\/wp\/v2\/posts\/56332","targetHints":{"allow":["GET"]}}],"collection":[{"href":"https:\/\/www.portalalerta.com.br\/index.php\/wp-json\/wp\/v2\/posts"}],"about":[{"href":"https:\/\/www.portalalerta.com.br\/index.php\/wp-json\/wp\/v2\/types\/post"}],"author":[{"embeddable":true,"href":"https:\/\/www.portalalerta.com.br\/index.php\/wp-json\/wp\/v2\/users\/2"}],"replies":[{"embeddable":true,"href":"https:\/\/www.portalalerta.com.br\/index.php\/wp-json\/wp\/v2\/comments?post=56332"}],"version-history":[{"count":1,"href":"https:\/\/www.portalalerta.com.br\/index.php\/wp-json\/wp\/v2\/posts\/56332\/revisions"}],"predecessor-version":[{"id":56334,"href":"https:\/\/www.portalalerta.com.br\/index.php\/wp-json\/wp\/v2\/posts\/56332\/revisions\/56334"}],"wp:featuredmedia":[{"embeddable":true,"href":"https:\/\/www.portalalerta.com.br\/index.php\/wp-json\/wp\/v2\/media\/56333"}],"wp:attachment":[{"href":"https:\/\/www.portalalerta.com.br\/index.php\/wp-json\/wp\/v2\/media?parent=56332"}],"wp:term":[{"taxonomy":"category","embeddable":true,"href":"https:\/\/www.portalalerta.com.br\/index.php\/wp-json\/wp\/v2\/categories?post=56332"},{"taxonomy":"post_tag","embeddable":true,"href":"https:\/\/www.portalalerta.com.br\/index.php\/wp-json\/wp\/v2\/tags?post=56332"}],"curies":[{"name":"wp","href":"https:\/\/api.w.org\/{rel}","templated":true}]}}