{"id":56497,"date":"2024-05-15T07:01:00","date_gmt":"2024-05-15T10:01:00","guid":{"rendered":"https:\/\/www.portalalerta.com.br\/?p=56497"},"modified":"2024-05-14T22:06:58","modified_gmt":"2024-05-15T01:06:58","slug":"verao-de-2023-foi-o-mais-quente-em-2-mil-anos-no-hemisferio-norte-diz-estudo","status":"publish","type":"post","link":"https:\/\/www.portalalerta.com.br\/index.php\/2024\/05\/15\/verao-de-2023-foi-o-mais-quente-em-2-mil-anos-no-hemisferio-norte-diz-estudo\/","title":{"rendered":"Ver\u00e3o de 2023 foi o mais quente em 2 mil anos no hemisf\u00e9rio norte, diz estudo"},"content":{"rendered":"\n<p>As temperaturas globais foram 2,2 \u00b0C acima da m\u00e9dia registrada ao longo dos anos de 1 a 1890<\/p>\n\n\n\n<!--more-->\n\n\n\n<p>O calor intenso do ver\u00e3o no hemisf\u00e9rio norte que causou inc\u00eandios no Mediterr\u00e2neo, fechou estradas no Texas e rompeu redes el\u00e9tricas na China no ano passado fizeram com que n\u00e3o fosse apenas o ver\u00e3o mais quente j\u00e1 registrado \u2013\u00a0mas o mais quente em cerca de 2 mil anos, aponta uma nova pesquisa.<\/p>\n\n\n<div class=\"wp-block-image\">\n<figure class=\"alignleft size-large is-resized\"><img fetchpriority=\"high\" decoding=\"async\" src=\"https:\/\/www.portalalerta.com.br\/wp-content\/uploads\/2024\/04\/autoescola-emprego-1024x1024.jpg\" alt=\"\" class=\"wp-image-55693\" width=\"405\" height=\"405\" srcset=\"https:\/\/www.portalalerta.com.br\/wp-content\/uploads\/2024\/04\/autoescola-emprego-1024x1024.jpg 1024w, https:\/\/www.portalalerta.com.br\/wp-content\/uploads\/2024\/04\/autoescola-emprego-240x240.jpg 240w, https:\/\/www.portalalerta.com.br\/wp-content\/uploads\/2024\/04\/autoescola-emprego-768x768.jpg 768w, https:\/\/www.portalalerta.com.br\/wp-content\/uploads\/2024\/04\/autoescola-emprego.jpg 1080w\" sizes=\"(max-width: 405px) 100vw, 405px\" \/><\/figure><\/div>\n\n\n<p>A descoberta vem de um dos dois novos estudos divulgados nesta ter\u00e7a-feira (14).<\/p>\n\n\n\n<p>Os cientistas rapidamente declararam o per\u00edodo de junho a agosto do ano passado como o mais quente desde o in\u00edcio dos registros na d\u00e9cada de 1940.<\/p>\n\n\n\n<p>O novo documento publicado na revista Nature sugere que o calor de 2023 colapsou as temperaturas e bateu recordes hist\u00f3ricos, ao comparar registros meteorol\u00f3gicos de meados de 1800.<\/p>\n\n\n\n<p><strong><em>\u201cQuando voc\u00ea olha para a hist\u00f3ria, voc\u00ea pode ver o qu\u00e3o dram\u00e1tico \u00e9 o aquecimento global\u201d,<\/em><\/strong> disse o coautor do estudo Jan Esper, cientista clim\u00e1tico da Universidade Johannes Gutenberg, na Alemanha.<\/p>\n\n\n\n<p>As temperaturas da temporada de ver\u00e3o do ano passado\u00a0no hemisf\u00e9rio norte foram 2,07 \u00b0C mais altas do que as m\u00e9dias pr\u00e9-industriais, disse o estudo.<\/p>\n\n\n\n<p>Com base nos dados do anel arb\u00f3reo, os meses de ver\u00e3o em 2023 foram, em m\u00e9dia, 2,2 \u00b0C mais quentes do que a temperatura m\u00e9dia estimada ao longo dos anos de 1 a 1890.<\/p>\n\n\n\n<p>A descoberta, no entanto, n\u00e3o foi uma surpresa. Em janeiro, cientistas do Servi\u00e7o de Mudan\u00e7a Clim\u00e1tica Copernicus da Uni\u00e3o Europeia disseram que o ano de 2023 era \u201cmuito prov\u00e1vel\u201d ter sido o mais quente em cerca de 100 mil anos.<\/p>\n\n\n\n<p>No entanto, provar um recorde t\u00e3o longo \u00e9 muito dif\u00edcil, disse Esper. Ele e dois outros cientistas europeus argumentaram em um artigo no ano passado que as compara\u00e7\u00f5es ano a ano n\u00e3o poderiam ser estabelecidas em uma escala de tempo t\u00e3o vasta com os m\u00e9todos cient\u00edficos atuais.<\/p>\n\n\n\n<p><strong><em>\u201cN\u00e3o temos esses dados\u201d<\/em><\/strong>, disse Esper. <strong><em>\u201cIsso foi um exagero.\u201d<\/em><\/strong><\/p>\n\n\n\n<p>O calor intenso do ver\u00e3o do ano passado foi amplificado pelo padr\u00e3o clim\u00e1tico El Nino, que normalmente coincide com temperaturas globais mais quentes, gerando \u201condas de calor mais longas, mais severas e longos per\u00edodos de seca\u201d, disse Esper.<\/p>\n\n\n\n<p>As ondas de calor j\u00e1 est\u00e3o afetando a sa\u00fade das pessoas.\u00a0Mais de 150 mil mortes em 43 pa\u00edses ligadas a ondas de calor\u00a0foram registradas entre 1990 e 2019, de acordo com os detalhes de um segundo estudo publicado nesta ter\u00e7a-feira (14), na revista PLOS Medicine.<\/p>\n\n\n\n<p>Isso representa cerca de 1% das mortes globais \u2013 aproximadamente o mesmo n\u00famero de v\u00edtimas da pandemia da Covid-19.<\/p>\n\n\n\n<p>Mais da metade dessas mortes relacionadas\u00a0a ondas de calor ocorreram na \u00c1sia.<\/p>\n\n\n\n<p>Quando os dados s\u00e3o ajustados para o tamanho da popula\u00e7\u00e3o, a Europa teve o maior n\u00famero per capita, com uma m\u00e9dia de 655 mortes relacionadas ao calor por ano, a cada 10 milh\u00f5es de habitantes. Na regi\u00e3o da Gr\u00e9cia, Malta e It\u00e1lia foram registrados o maior n\u00famero de mortes.<\/p>\n\n\n\n<p>O calor extremo pode desencadear problemas card\u00edacos e dificuldade respirat\u00f3ria.<\/p>\n\n\n\n<p><em>Fonte: CNN<\/em><\/p>\n","protected":false},"excerpt":{"rendered":"<p>As temperaturas globais foram 2,2 \u00b0C acima da m\u00e9dia registrada ao longo dos anos de 1 a 1890<\/p>\n","protected":false},"author":2,"featured_media":29950,"comment_status":"open","ping_status":"open","sticky":false,"template":"","format":"standard","meta":{"om_disable_all_campaigns":false,"_monsterinsights_skip_tracking":false,"_monsterinsights_sitenote_active":false,"_monsterinsights_sitenote_note":"","_monsterinsights_sitenote_category":0,"footnotes":""},"categories":[70,35,69],"tags":[100,71,48,6393,75,4178,4180,129,107,4181,132,230,339,106,203,120,51,109,88,47,111,190],"class_list":["post-56497","post","type-post","status-publish","format-standard","has-post-thumbnail","hentry","category-destaques","category-mundo","category-noticias2","tag-adustina","tag-antas","tag-araci","tag-calor","tag-cicero-dantas","tag-cipo-2","tag-crisopolis-2","tag-euclides-da-cunha","tag-fatima","tag-heliopolis-2","tag-itapicuru","tag-jeremoabo","tag-mundo","tag-nova-soure","tag-novo-triunfo","tag-olindina","tag-paripiranga","tag-quijingue","tag-ribeira-do-amparo","tag-ribeira-do-pombal","tag-sitio-do-quinto","tag-tucano"],"aioseo_notices":[],"_links":{"self":[{"href":"https:\/\/www.portalalerta.com.br\/index.php\/wp-json\/wp\/v2\/posts\/56497","targetHints":{"allow":["GET"]}}],"collection":[{"href":"https:\/\/www.portalalerta.com.br\/index.php\/wp-json\/wp\/v2\/posts"}],"about":[{"href":"https:\/\/www.portalalerta.com.br\/index.php\/wp-json\/wp\/v2\/types\/post"}],"author":[{"embeddable":true,"href":"https:\/\/www.portalalerta.com.br\/index.php\/wp-json\/wp\/v2\/users\/2"}],"replies":[{"embeddable":true,"href":"https:\/\/www.portalalerta.com.br\/index.php\/wp-json\/wp\/v2\/comments?post=56497"}],"version-history":[{"count":1,"href":"https:\/\/www.portalalerta.com.br\/index.php\/wp-json\/wp\/v2\/posts\/56497\/revisions"}],"predecessor-version":[{"id":56498,"href":"https:\/\/www.portalalerta.com.br\/index.php\/wp-json\/wp\/v2\/posts\/56497\/revisions\/56498"}],"wp:featuredmedia":[{"embeddable":true,"href":"https:\/\/www.portalalerta.com.br\/index.php\/wp-json\/wp\/v2\/media\/29950"}],"wp:attachment":[{"href":"https:\/\/www.portalalerta.com.br\/index.php\/wp-json\/wp\/v2\/media?parent=56497"}],"wp:term":[{"taxonomy":"category","embeddable":true,"href":"https:\/\/www.portalalerta.com.br\/index.php\/wp-json\/wp\/v2\/categories?post=56497"},{"taxonomy":"post_tag","embeddable":true,"href":"https:\/\/www.portalalerta.com.br\/index.php\/wp-json\/wp\/v2\/tags?post=56497"}],"curies":[{"name":"wp","href":"https:\/\/api.w.org\/{rel}","templated":true}]}}