{"id":56501,"date":"2024-05-15T07:03:00","date_gmt":"2024-05-15T10:03:00","guid":{"rendered":"https:\/\/www.portalalerta.com.br\/?p=56501"},"modified":"2024-05-14T22:11:45","modified_gmt":"2024-05-15T01:11:45","slug":"governo-demite-jean-paul-prates-da-presidencia-da-petrobras","status":"publish","type":"post","link":"https:\/\/www.portalalerta.com.br\/index.php\/2024\/05\/15\/governo-demite-jean-paul-prates-da-presidencia-da-petrobras\/","title":{"rendered":"Governo demite Jean Paul Prates da presid\u00eancia da Petrobras"},"content":{"rendered":"\n<p>Comunicado foi feito pelo pr\u00f3prio Prates a alguns aliados mais pr\u00f3ximos; Magda Chateaubriand deve assumir cargo<\/p>\n\n\n\n<!--more-->\n\n\n\n<p>O presidente da Petrobras, Jean Paul Prates, foi demitido do comando da estatal pelo presidente Lula. O comunicado foi feito pelo pr\u00f3prio Prates a alguns aliados mais pr\u00f3ximos e integrantes de sua equipe, apurou a&nbsp;<strong>CNN<\/strong>.<\/p>\n\n\n\n<p>Jean Paul Prates deve ser substitu\u00eddo por Magda Chateaubriand, segundo relataram fontes pr\u00f3ximas ao comando da empresa.<\/p>\n\n\n<div class=\"wp-block-image\">\n<figure class=\"alignleft size-large is-resized\"><img fetchpriority=\"high\" decoding=\"async\" src=\"https:\/\/www.portalalerta.com.br\/wp-content\/uploads\/2024\/04\/Sabino-Tijolo-576x1024.jpg\" alt=\"\" class=\"wp-image-56164\" width=\"406\" height=\"722\" srcset=\"https:\/\/www.portalalerta.com.br\/wp-content\/uploads\/2024\/04\/Sabino-Tijolo-576x1024.jpg 576w, https:\/\/www.portalalerta.com.br\/wp-content\/uploads\/2024\/04\/Sabino-Tijolo-135x240.jpg 135w, https:\/\/www.portalalerta.com.br\/wp-content\/uploads\/2024\/04\/Sabino-Tijolo.jpg 591w\" sizes=\"(max-width: 406px) 100vw, 406px\" \/><\/figure><\/div>\n\n\n<p>Em nota, a Petrobras confirmou a sa\u00edda de Prates ap\u00f3s pedido para que o conselho de administra\u00e7\u00e3o \u201cse re\u00fana para apreciar o encerramento antecipado de seu mandato como Presidente da Petrobras de forma negociada\u201d.<\/p>\n\n\n\n<p>\u201cAdicionalmente, o Sr. Jean Paul informou que, se e uma vez aprovado o encerramento indicado, ele pretende posteriormente apresentar sua ren\u00fancia ao cargo de membro do Conselho de Administra\u00e7\u00e3o da Petrobras\u201d, afirma o comunicado.<\/p>\n\n\n\n<p>Prates estava no comando da estatal desde o in\u00edcio do governo Lula, em 2023.<\/p>\n\n\n\n<p><strong>Pol\u00eamica com dividendos<\/strong><\/p>\n\n\n\n<p>A sa\u00edda ocorre cerca de um m\u00eas ap\u00f3s rumores da demiss\u00e3o de Prates em meio a debates entre membros do governo sobre a distribui\u00e7\u00e3o de dividendos extraordin\u00e1rios referentes ao exerc\u00edcio de 2023.<\/p>\n\n\n\n<p>\u00c0 \u00e9poca, o nome do presidente do Banco Nacional de Desenvolvimento Econ\u00f4mico e Social (BNDES), Aloizio Mercadante, foi cotado para assumir o comando da petroleira.<\/p>\n\n\n\n<p>Em mar\u00e7o,\u00a0ao divulgar que teve lucro de R$ 124,6 bilh\u00f5es em 2023, a Petrobras informou que o conselho de administra\u00e7\u00e3o havia aprovado a distribui\u00e7\u00e3o de R$ 14,2 bilh\u00f5es em dividendos.<\/p>\n\n\n\n<p>A decis\u00e3o repercutiu negativamente no mercado financeiro e exp\u00f4s entraves entre o presidente e o ministro de Minas e Energia, Alexandre Silveira.<\/p>\n\n\n\n<p>A decis\u00e3o foi revista posteriormente e o conselho de administra\u00e7\u00e3o da\u00a0Petrobras aprovou no fim do m\u00eas passado a distribui\u00e7\u00e3o de R$ 21,9 bilh\u00f5es, correspondendo a 50% dos dividendos extraordin\u00e1rios.<\/p>\n\n\n\n<p>A estatal teve o segundo maior lucro de sua hist\u00f3ria no ano passado, o que permitiria o pagamento de dividendos extraordin\u00e1rios da ordem de 43,9 bilh\u00f5es de reais, caso 100% do montante fosse pago.<\/p>\n\n\n\n<p>Inicialmente, em reuni\u00e3o em mar\u00e7o, o conselho havia decidido reter 100% dos dividendos extras poss\u00edveis em uma reserva estatut\u00e1ria, manifestando preocupa\u00e7\u00f5es com a capacidade de investimento da empresa.<\/p>\n\n\n\n<p>A aprova\u00e7\u00e3o dos 50% dos dividendos poss\u00edveis atende a recomenda\u00e7\u00e3o da diretoria executiva da Petrobras, que desde o in\u00edcio defendeu este percentual.<\/p>\n\n\n\n<p>O valor remanescente do montante poss\u00edvel para dividendo extraordin\u00e1rio dever\u00e1 ser enviado para a reserva estatut\u00e1ria.<\/p>\n\n\n\n<p>Tamb\u00e9m no final de abril, o\u00a0presidente Lula afirmou que a Petrobras \u201cnunca teve crise\u201d.<\/p>\n\n\n\n<p><strong><em>\u201cA crise da Petrobras \u00e9 o fato de ela ser uma empresa muito grande\u201d,<\/em><\/strong> falou. <strong><em>\u201cA Petrobras tem essa crise, uma crise de crescimento\u201d<\/em><\/strong>, afirmou em caf\u00e9 da manh\u00e3 com jornalistas.<\/p>\n\n\n\n<p><strong><em>\u201cO fato de voc\u00ea ter um desentendimento, uma diverg\u00eancia, uma coloca\u00e7\u00e3o equivocada, faz parte da exist\u00eancia do ser humano\u201d<\/em><\/strong>, disse ele. <strong><em>\u201cA Petrobras est\u00e1 tranquila.\u201d<\/em><\/strong><\/p>\n\n\n\n<p><em>Fonte: CNN<\/em><\/p>\n","protected":false},"excerpt":{"rendered":"<p>Comunicado foi feito pelo pr\u00f3prio Prates a alguns aliados mais pr\u00f3ximos; Magda Chateaubriand deve assumir cargo<\/p>\n","protected":false},"author":2,"featured_media":56495,"comment_status":"open","ping_status":"open","sticky":false,"template":"","format":"standard","meta":{"om_disable_all_campaigns":false,"_monsterinsights_skip_tracking":false,"_monsterinsights_sitenote_active":false,"_monsterinsights_sitenote_note":"","_monsterinsights_sitenote_category":0,"footnotes":""},"categories":[34,70,69,21],"tags":[100,71,48,93,75,4178,4180,616,129,107,4181,132,5248,230,106,203,120,51,329,109,88,47,111,190],"class_list":["post-56501","post","type-post","status-publish","format-standard","has-post-thumbnail","hentry","category-brasil","category-destaques","category-noticias2","category-politica","tag-adustina","tag-antas","tag-araci","tag-brasil","tag-cicero-dantas","tag-cipo-2","tag-crisopolis-2","tag-demissao","tag-euclides-da-cunha","tag-fatima","tag-heliopolis-2","tag-itapicuru","tag-jean-paul-prates","tag-jeremoabo","tag-nova-soure","tag-novo-triunfo","tag-olindina","tag-paripiranga","tag-petrobras","tag-quijingue","tag-ribeira-do-amparo","tag-ribeira-do-pombal","tag-sitio-do-quinto","tag-tucano"],"aioseo_notices":[],"_links":{"self":[{"href":"https:\/\/www.portalalerta.com.br\/index.php\/wp-json\/wp\/v2\/posts\/56501","targetHints":{"allow":["GET"]}}],"collection":[{"href":"https:\/\/www.portalalerta.com.br\/index.php\/wp-json\/wp\/v2\/posts"}],"about":[{"href":"https:\/\/www.portalalerta.com.br\/index.php\/wp-json\/wp\/v2\/types\/post"}],"author":[{"embeddable":true,"href":"https:\/\/www.portalalerta.com.br\/index.php\/wp-json\/wp\/v2\/users\/2"}],"replies":[{"embeddable":true,"href":"https:\/\/www.portalalerta.com.br\/index.php\/wp-json\/wp\/v2\/comments?post=56501"}],"version-history":[{"count":1,"href":"https:\/\/www.portalalerta.com.br\/index.php\/wp-json\/wp\/v2\/posts\/56501\/revisions"}],"predecessor-version":[{"id":56502,"href":"https:\/\/www.portalalerta.com.br\/index.php\/wp-json\/wp\/v2\/posts\/56501\/revisions\/56502"}],"wp:featuredmedia":[{"embeddable":true,"href":"https:\/\/www.portalalerta.com.br\/index.php\/wp-json\/wp\/v2\/media\/56495"}],"wp:attachment":[{"href":"https:\/\/www.portalalerta.com.br\/index.php\/wp-json\/wp\/v2\/media?parent=56501"}],"wp:term":[{"taxonomy":"category","embeddable":true,"href":"https:\/\/www.portalalerta.com.br\/index.php\/wp-json\/wp\/v2\/categories?post=56501"},{"taxonomy":"post_tag","embeddable":true,"href":"https:\/\/www.portalalerta.com.br\/index.php\/wp-json\/wp\/v2\/tags?post=56501"}],"curies":[{"name":"wp","href":"https:\/\/api.w.org\/{rel}","templated":true}]}}