{"id":56503,"date":"2024-05-15T11:00:00","date_gmt":"2024-05-15T14:00:00","guid":{"rendered":"https:\/\/www.portalalerta.com.br\/?p=56503"},"modified":"2024-05-14T22:39:28","modified_gmt":"2024-05-15T01:39:28","slug":"pf-prende-ex-deputado-wlad-costa-pela-segunda-vez-em-menos-de-um-mes","status":"publish","type":"post","link":"https:\/\/www.portalalerta.com.br\/index.php\/2024\/05\/15\/pf-prende-ex-deputado-wlad-costa-pela-segunda-vez-em-menos-de-um-mes\/","title":{"rendered":"PF prende ex-deputado Wlad Costa pela segunda vez em menos de um m\u00eas"},"content":{"rendered":"\n<p>Ex-parlamentar foi detido em 18 de abril por viol\u00eancia pol\u00edtica, mas conseguiu habeas corpus dias depois; ele foi preso novamente nesta ter\u00e7a por descumprir medidas determinadas pela Justi\u00e7a<\/p>\n\n\n\n<!--more-->\n\n\n\n<p>O ex-deputado federal Wladimir Afonso da Costa Rabelo, conhecido como Wlad Costa, foi preso novamente na tarde desta ter\u00e7a-feira (14) pela Pol\u00edcia Federal.<\/p>\n\n\n<div class=\"wp-block-image\">\n<figure class=\"alignleft size-full\"><img fetchpriority=\"high\" decoding=\"async\" width=\"372\" height=\"786\" src=\"https:\/\/www.portalalerta.com.br\/wp-content\/uploads\/2024\/03\/Real-10x-100-juros-2024.jpg\" alt=\"\" class=\"wp-image-55190\" srcset=\"https:\/\/www.portalalerta.com.br\/wp-content\/uploads\/2024\/03\/Real-10x-100-juros-2024.jpg 372w, https:\/\/www.portalalerta.com.br\/wp-content\/uploads\/2024\/03\/Real-10x-100-juros-2024-114x240.jpg 114w\" sizes=\"(max-width: 372px) 100vw, 372px\" \/><\/figure><\/div>\n\n\n<p>\u00c9 a segunda vez que a PF prende o ex-parlamentar em menos de um m\u00eas.<\/p>\n\n\n\n<p>Em 18 de abril passado,\u00a0Costa foi preso em raz\u00e3o da pr\u00e1tica reiterada, entre outros, dos crimes eleitorais de viol\u00eancia pol\u00edtica\u00a0praticados contra a deputada federal Renilce Nicodemos (MDB-PA) nas redes sociais.<\/p>\n\n\n\n<p>A pris\u00e3o foi revogada em decis\u00e3o liminar concedida em um habeas corpus no dia 25 de abril, mas restabelecida nesta ter\u00e7a por descumprimento de medidas cautelares.<\/p>\n\n\n\n<p>Segundo a PF, o ex-deputado apresentou-se voluntariamente \u00e0 Superintend\u00eancia da PF no Par\u00e1 por volta das 13h desta ter\u00e7a-feira e j\u00e1 foi encaminhado ao sistema prisional do estado.<\/p>\n\n\n\n<p>A&nbsp;<strong>CNN<\/strong>&nbsp;n\u00e3o conseguiu contato com a defesa ou assessoria do ex-deputado.<\/p>\n\n\n\n<p><strong>Primeira pris\u00e3o<\/strong><\/p>\n\n\n\n<p>A PF prendeu Wlad pela primeira vez quando ele desembarcava no aeroporto de Bel\u00e9m (PA).<\/p>\n\n\n\n<p>Segundo o inqu\u00e9rito da PF, o ex-deputado fez xingamentos contra a deputada Renilce Nicodemos, produziu m\u00fasica ofensiva contra ela, espalhou faixas pelas ruas de Bel\u00e9m e at\u00e9 contratou um carro de som para proferir nas ruas palavr\u00f5es contra a deputada. Em lives na internet, o ex-parlamentar tamb\u00e9m sugeriria que os seguidores a apedrejassem.<\/p>\n\n\n\n<p>A decis\u00e3o judicial tamb\u00e9m ordenou a exclus\u00e3o das postagens nas redes sociais que motivaram o mandado de pris\u00e3o.<\/p>\n\n\n\n<p>Quando era parlamentar, Wladimir ficou conhecido por tatuar, no ombro, o nome do ent\u00e3o presidente Michel Temer (MDB), em 2017.<\/p>\n\n\n\n<p>O deputado apareceu com a tatuagem \u2013 e uma bandeira do Brasil \u2013 quando estava sem camisa em Salin\u00f3polis (PA), durante a entrega de caminh\u00f5es de coleta de lixo. Ele teve o mandato cassado no fim daquele ano.<\/p>\n\n\n\n<p>Em conversa com a&nbsp;<strong>CNN<\/strong>, a deputada Renilce Nicodemos comentou a investiga\u00e7\u00e3o.<\/p>\n\n\n\n<p><strong><em>\u201cH\u00e1 seis meses que venho sendo v\u00edtima de toda sorte de crimes por parte do cidad\u00e3o acima mencionado, motivo pelo qual decidimos por n\u00e3o ir ao campo do debate p\u00fablico e defender o direito \u00e0 minha intimidade no Poder Judici\u00e1rio. Com isso, oferecemos not\u00edcia crime \u00e0 Justi\u00e7a Eleitoral, que ensejou na instaura\u00e7\u00e3o de inqu\u00e9rito na Pol\u00edcia Federal que descambou na opera\u00e7\u00e3o realizada na data de hoje\u201d<\/em><\/strong>, disse ela \u00e0 reportagem, quando Costa foi preso pela primeira vez.<\/p>\n\n\n\n<p><strong><em>\u201cMe manifesto agradecendo muito o trabalho das autoridades e depositando minha inteira confian\u00e7a na Pol\u00edcia Federal e na Justi\u00e7a Eleitoral que compreenderam a import\u00e2ncia de se atuar com firmeza nesse caso\u201d<\/em><\/strong>, finalizou a deputada.<\/p>\n\n\n\n<p><em>Fonte: CNN<\/em><\/p>\n","protected":false},"excerpt":{"rendered":"<p>Ex-parlamentar foi detido em 18 de abril por viol\u00eancia pol\u00edtica, mas conseguiu habeas corpus dias depois; ele foi preso novamente nesta ter\u00e7a por descumprir medidas determinadas pela Justi\u00e7a<\/p>\n","protected":false},"author":2,"featured_media":10476,"comment_status":"open","ping_status":"open","sticky":false,"template":"","format":"standard","meta":{"om_disable_all_campaigns":false,"_monsterinsights_skip_tracking":false,"_monsterinsights_sitenote_active":false,"_monsterinsights_sitenote_note":"","_monsterinsights_sitenote_category":0,"footnotes":""},"categories":[34,70,69,21],"tags":[100,71,48,93,75,4178,4180,129,2118,107,4181,132,230,106,203,120,51,173,77,109,88,47,111,190,1581],"class_list":["post-56503","post","type-post","status-publish","format-standard","has-post-thumbnail","hentry","category-brasil","category-destaques","category-noticias2","category-politica","tag-adustina","tag-antas","tag-araci","tag-brasil","tag-cicero-dantas","tag-cipo-2","tag-crisopolis-2","tag-euclides-da-cunha","tag-ex-deputado","tag-fatima","tag-heliopolis-2","tag-itapicuru","tag-jeremoabo","tag-nova-soure","tag-novo-triunfo","tag-olindina","tag-paripiranga","tag-policia-federal","tag-preso","tag-quijingue","tag-ribeira-do-amparo","tag-ribeira-do-pombal","tag-sitio-do-quinto","tag-tucano","tag-wladimir-costa"],"aioseo_notices":[],"_links":{"self":[{"href":"https:\/\/www.portalalerta.com.br\/index.php\/wp-json\/wp\/v2\/posts\/56503","targetHints":{"allow":["GET"]}}],"collection":[{"href":"https:\/\/www.portalalerta.com.br\/index.php\/wp-json\/wp\/v2\/posts"}],"about":[{"href":"https:\/\/www.portalalerta.com.br\/index.php\/wp-json\/wp\/v2\/types\/post"}],"author":[{"embeddable":true,"href":"https:\/\/www.portalalerta.com.br\/index.php\/wp-json\/wp\/v2\/users\/2"}],"replies":[{"embeddable":true,"href":"https:\/\/www.portalalerta.com.br\/index.php\/wp-json\/wp\/v2\/comments?post=56503"}],"version-history":[{"count":1,"href":"https:\/\/www.portalalerta.com.br\/index.php\/wp-json\/wp\/v2\/posts\/56503\/revisions"}],"predecessor-version":[{"id":56504,"href":"https:\/\/www.portalalerta.com.br\/index.php\/wp-json\/wp\/v2\/posts\/56503\/revisions\/56504"}],"wp:featuredmedia":[{"embeddable":true,"href":"https:\/\/www.portalalerta.com.br\/index.php\/wp-json\/wp\/v2\/media\/10476"}],"wp:attachment":[{"href":"https:\/\/www.portalalerta.com.br\/index.php\/wp-json\/wp\/v2\/media?parent=56503"}],"wp:term":[{"taxonomy":"category","embeddable":true,"href":"https:\/\/www.portalalerta.com.br\/index.php\/wp-json\/wp\/v2\/categories?post=56503"},{"taxonomy":"post_tag","embeddable":true,"href":"https:\/\/www.portalalerta.com.br\/index.php\/wp-json\/wp\/v2\/tags?post=56503"}],"curies":[{"name":"wp","href":"https:\/\/api.w.org\/{rel}","templated":true}]}}