{"id":56551,"date":"2024-05-16T15:37:05","date_gmt":"2024-05-16T18:37:05","guid":{"rendered":"https:\/\/www.portalalerta.com.br\/?p=56551"},"modified":"2024-05-16T15:37:07","modified_gmt":"2024-05-16T18:37:07","slug":"tse-suspende-julgamento-que-pode-cassar-moro","status":"publish","type":"post","link":"https:\/\/www.portalalerta.com.br\/index.php\/2024\/05\/16\/tse-suspende-julgamento-que-pode-cassar-moro\/","title":{"rendered":"TSE suspende julgamento que pode cassar Moro"},"content":{"rendered":"\n<p>Julgamento ser\u00e1 retomado na ter\u00e7a-feira (21); nenhum ministro votou ainda<\/p>\n\n\n\n<!--more-->\n\n\n\n<p>O senador Sergio Moro (Uni\u00e3o-PR)Waldemir Barreto\/Ag\u00eancia Senado<\/p>\n\n\n\n<p>O Tribunal Superior Eleitoral (TSE) suspendeu nesta quinta-feira (16) o julgamento que pode cassar o mandato do senador Sergio Moro (Uni\u00e3o Brasil-PR), por causa do hor\u00e1rio.<\/p>\n\n\n<div class=\"wp-block-image\">\n<figure class=\"alignleft size-large is-resized\"><img fetchpriority=\"high\" decoding=\"async\" src=\"https:\/\/www.portalalerta.com.br\/wp-content\/uploads\/2024\/04\/Sabino-Tijolo-576x1024.jpg\" alt=\"\" class=\"wp-image-56164\" width=\"393\" height=\"698\" srcset=\"https:\/\/www.portalalerta.com.br\/wp-content\/uploads\/2024\/04\/Sabino-Tijolo-576x1024.jpg 576w, https:\/\/www.portalalerta.com.br\/wp-content\/uploads\/2024\/04\/Sabino-Tijolo-135x240.jpg 135w, https:\/\/www.portalalerta.com.br\/wp-content\/uploads\/2024\/04\/Sabino-Tijolo.jpg 591w\" sizes=\"(max-width: 393px) 100vw, 393px\" \/><\/figure><\/div>\n\n\n<p>A an\u00e1lise ser\u00e1 retomada na pr\u00f3xima ter\u00e7a-feira (21), a partir das 19h. Ser\u00e1 o \u00fanico item da pauta. At\u00e9 o momento, nenhum ministro votou no caso.<\/p>\n\n\n\n<p>Moro \u00e9 acusado de abuso de poder econ\u00f4mico nas elei\u00e7\u00f5es de 2022. Ele foi absolvido pelo Tribunal Regional Eleitoral do Paran\u00e1 (TRE-PR).<\/p>\n\n\n\n<p>A sess\u00e3o no TSE foi aberta com a leitura do resumo do processo pelo relator, ministro Floriano de Azevedo Marques.<\/p>\n\n\n\n<p>As falas dos advogados de acusa\u00e7\u00e3o e de defesa ficaram para a pr\u00f3xima ter\u00e7a (21).<\/p>\n\n\n\n<p>Tamb\u00e9m se manifestar\u00e1 na ocasi\u00e3o o Minist\u00e9rio P\u00fablico Eleitoral, que \u00e9\u00a0contra a cassa\u00e7\u00e3o de Moro. O vice-procurador-geral eleitoral Alexandre Espinosa Bravo Barbosa defendeu, em parecer \u00e0 Corte, a rejei\u00e7\u00e3o dos recursos e a absolvi\u00e7\u00e3o do senador das acusa\u00e7\u00f5es.<\/p>\n\n\n\n<p>Depois das manifesta\u00e7\u00f5es, a pr\u00f3xima sess\u00e3o dever\u00e1 ter o voto do relator. Na sequ\u00eancia, votam os ministros, nesta ordem: Andr\u00e9 Ramos Tavares, Isabel Gallotti, Raul Ara\u00fajo, Nunes Marques, C\u00e1rmen L\u00facia e Alexandre de Moraes.<\/p>\n\n\n\n<p>Caso haja condena\u00e7\u00e3o, al\u00e9m de perder o mandato Moro tamb\u00e9m ficar\u00e1 ineleg\u00edvel por oito anos (at\u00e9 2030).<\/p>\n\n\n\n<p>Se este cen\u00e1rio se confirmar, dever\u00e1 ser convocada uma nova elei\u00e7\u00e3o no Paran\u00e1 para definir o substituto de Moro no Senado<\/p>\n\n\n\n<p>O TSE come\u00e7ou a analisar nesta quinta (16) os\u00a0dois recursos contra a absolvi\u00e7\u00e3o de Moro pelo TRE-PR.<\/p>\n\n\n\n<p>As\u00a0a\u00e7\u00f5es foram movidas pelo Partido Liberal (PL), de Jair Bolsonaro, e pela federa\u00e7\u00e3o que elegeu o presidente Luiz In\u00e1cio Lula da Silva (PT). As agremia\u00e7\u00f5es recorreram ao TSE da decis\u00e3o no Paran\u00e1.<\/p>\n\n\n\n<p>Moro \u00e9 acusado de abuso de poder econ\u00f4mico por gastos supostamente excessivos durante a pr\u00e9-campanha das elei\u00e7\u00f5es de 2022. Os partidos que entraram com as a\u00e7\u00f5es entendem que houve desequil\u00edbrio na disputa ao Senado do Paran\u00e1.<\/p>\n\n\n\n<p>No final de 2021 e come\u00e7o de 2022, Moro esteve em pr\u00e9-campanha \u00e0 Presid\u00eancia da Rep\u00fablica. Depois, desistiu e tentou ainda disputar o Senado por S\u00e3o Paulo at\u00e9 ser barrado pela Justi\u00e7a Eleitoral. S\u00f3 ent\u00e3o passou a concorrer em seu estado de origem.<\/p>\n\n\n\n<p><strong>Absolvi\u00e7\u00e3o<\/strong><\/p>\n\n\n\n<p>O\u00a0TRE-PR absolveu Moro em abril, por um placar de 5 votos a 2. A maioria dos integrantes do tribunal seguiu o entendimento do relator Luciano Carrasco Falavinha.<\/p>\n\n\n\n<p>Para Falavinha, a tese trazida pela acusa\u00e7\u00e3o \u2013 de abuso de poder econ\u00f4mico durante a pr\u00e9-campanha \u2013 n\u00e3o foi comprovada durante a tramita\u00e7\u00e3o do processo.<\/p>\n\n\n\n<p>Em seu voto, ele considerou que a pr\u00e9-campanha de Moro a senador pelo Paran\u00e1 gastou, ao todo, R$ 224 mil, o que corresponde a 5,5% dos gastos empregados na sua campanha.<\/p>\n\n\n\n<p>\u201cEntender que estes valores seriam abuso do poder econ\u00f4mico \u00e9 hip\u00e9rbole que o direito n\u00e3o contempla\u201d, afirmou.<\/p>\n\n\n\n<p>O valor difere dos citados pelas acusa\u00e7\u00f5es, que chegaram a calcular de R$ 7 milh\u00f5es a R$ 21 milh\u00f5es. O MPE no Paran\u00e1 chegou ao valor de R$ 2 milh\u00f5es.<\/p>\n\n\n\n<p><em>Fonte: CNN<\/em><\/p>\n","protected":false},"excerpt":{"rendered":"<p>Julgamento ser\u00e1 retomado na ter\u00e7a-feira (21); nenhum ministro votou ainda<\/p>\n","protected":false},"author":2,"featured_media":40469,"comment_status":"open","ping_status":"open","sticky":false,"template":"","format":"standard","meta":{"om_disable_all_campaigns":false,"_monsterinsights_skip_tracking":false,"_monsterinsights_sitenote_active":false,"_monsterinsights_sitenote_note":"","_monsterinsights_sitenote_category":0,"footnotes":""},"categories":[34,70,69,21],"tags":[100,71,48,93,644,75,4178,4180,129,107,4181,132,230,302,106,203,120,51,109,88,47,233,443,111,549,190],"class_list":["post-56551","post","type-post","status-publish","format-standard","has-post-thumbnail","hentry","category-brasil","category-destaques","category-noticias2","category-politica","tag-adustina","tag-antas","tag-araci","tag-brasil","tag-cassacao","tag-cicero-dantas","tag-cipo-2","tag-crisopolis-2","tag-euclides-da-cunha","tag-fatima","tag-heliopolis-2","tag-itapicuru","tag-jeremoabo","tag-julgamento","tag-nova-soure","tag-novo-triunfo","tag-olindina","tag-paripiranga","tag-quijingue","tag-ribeira-do-amparo","tag-ribeira-do-pombal","tag-senador","tag-sergio-moro","tag-sitio-do-quinto","tag-tse","tag-tucano"],"aioseo_notices":[],"_links":{"self":[{"href":"https:\/\/www.portalalerta.com.br\/index.php\/wp-json\/wp\/v2\/posts\/56551","targetHints":{"allow":["GET"]}}],"collection":[{"href":"https:\/\/www.portalalerta.com.br\/index.php\/wp-json\/wp\/v2\/posts"}],"about":[{"href":"https:\/\/www.portalalerta.com.br\/index.php\/wp-json\/wp\/v2\/types\/post"}],"author":[{"embeddable":true,"href":"https:\/\/www.portalalerta.com.br\/index.php\/wp-json\/wp\/v2\/users\/2"}],"replies":[{"embeddable":true,"href":"https:\/\/www.portalalerta.com.br\/index.php\/wp-json\/wp\/v2\/comments?post=56551"}],"version-history":[{"count":2,"href":"https:\/\/www.portalalerta.com.br\/index.php\/wp-json\/wp\/v2\/posts\/56551\/revisions"}],"predecessor-version":[{"id":56553,"href":"https:\/\/www.portalalerta.com.br\/index.php\/wp-json\/wp\/v2\/posts\/56551\/revisions\/56553"}],"wp:featuredmedia":[{"embeddable":true,"href":"https:\/\/www.portalalerta.com.br\/index.php\/wp-json\/wp\/v2\/media\/40469"}],"wp:attachment":[{"href":"https:\/\/www.portalalerta.com.br\/index.php\/wp-json\/wp\/v2\/media?parent=56551"}],"wp:term":[{"taxonomy":"category","embeddable":true,"href":"https:\/\/www.portalalerta.com.br\/index.php\/wp-json\/wp\/v2\/categories?post=56551"},{"taxonomy":"post_tag","embeddable":true,"href":"https:\/\/www.portalalerta.com.br\/index.php\/wp-json\/wp\/v2\/tags?post=56551"}],"curies":[{"name":"wp","href":"https:\/\/api.w.org\/{rel}","templated":true}]}}