{"id":56558,"date":"2024-05-16T15:51:14","date_gmt":"2024-05-16T18:51:14","guid":{"rendered":"https:\/\/www.portalalerta.com.br\/?p=56558"},"modified":"2024-05-16T19:23:54","modified_gmt":"2024-05-16T22:23:54","slug":"rs-se-antecipa-a-governo-federal-e-comeca-a-pagar-auxilio-a-desabrigados","status":"publish","type":"post","link":"https:\/\/www.portalalerta.com.br\/index.php\/2024\/05\/16\/rs-se-antecipa-a-governo-federal-e-comeca-a-pagar-auxilio-a-desabrigados\/","title":{"rendered":"RS se antecipa a governo federal e come\u00e7a a pagar aux\u00edlio a desabrigados"},"content":{"rendered":"\n<p>As primeiras remessas de ambos devem come\u00e7ar a ser pagas nesta sexta-feira, segundo o governo<\/p>\n\n\n\n<!--more-->\n\n\n\n<p>O governo do Rio Grande do Sul se antecipou ao governo federal e come\u00e7ou a pagar aux\u00edlios para os desabrigados pelas enchentes. S\u00e3o dois programas. Um se chama \u201cVolta por Cima\u201d, j\u00e1 existe no estado desde as enchentes de 2023 e foi abastecido com recursos estaduais, resultando no pagamento de R$ 2,5 mil por fam\u00edlia desabrigada. O estado direcionou R$ 50 milh\u00f5es para o programa a partir dos eventos deste ano.<\/p>\n\n\n<div class=\"wp-block-image\">\n<figure class=\"alignleft size-large is-resized\"><img fetchpriority=\"high\" decoding=\"async\" src=\"https:\/\/www.portalalerta.com.br\/wp-content\/uploads\/2024\/04\/autoescola-emprego-1024x1024.jpg\" alt=\"\" class=\"wp-image-55693\" width=\"398\" height=\"398\" srcset=\"https:\/\/www.portalalerta.com.br\/wp-content\/uploads\/2024\/04\/autoescola-emprego-1024x1024.jpg 1024w, https:\/\/www.portalalerta.com.br\/wp-content\/uploads\/2024\/04\/autoescola-emprego-240x240.jpg 240w, https:\/\/www.portalalerta.com.br\/wp-content\/uploads\/2024\/04\/autoescola-emprego-768x768.jpg 768w, https:\/\/www.portalalerta.com.br\/wp-content\/uploads\/2024\/04\/autoescola-emprego.jpg 1080w\" sizes=\"(max-width: 398px) 100vw, 398px\" \/><\/figure><\/div>\n\n\n<p>Outro chamado SOS Enchentes tem valor de R$ 2 mil por fam\u00edlia desabrigada, sendo abastecido com doa\u00e7\u00f5es de PIX. As primeiras remessas de ambos devem come\u00e7ar a ser pagas nesta sexta-feira, segundo o governo.<\/p>\n\n\n\n<p>Cada um dos dois deve atingir cerca de 40 mil fam\u00edlias nos pr\u00f3ximos dias. O aux\u00edlio prometido pelo governo federal de R$ 5,1 mil ainda n\u00e3o tem data para come\u00e7ar a ser pago.<\/p>\n\n\n\n<p>Para ampliar o alcance dos programas e evitar que a mesma fam\u00edlia receba os dois benef\u00edcios, o estado definiu que benefici\u00e1rios do Volta por Cima n\u00e3o receberiam o SOS Enchentes.&nbsp;Tamb\u00e9m foi desenvolvido um modelo que n\u00e3o torna necess\u00e1rio o cadastro pr\u00e9vio das fam\u00edlias. Haver\u00e1 um cruzamento de inscritos no Cadastro \u00danico, onde constam as fam\u00edlias mais carentes do pa\u00eds, com o georreferenciamento das \u00e1reas alagadas.<\/p>\n\n\n\n<p><strong><em>\u201cOs dados de georreferenciamento foram originados das manchas de inunda\u00e7\u00e3o. Pelo endere\u00e7o, foram identificadas fam\u00edlias desabrigadas ou desalojadas. Esses dados come\u00e7aram a ser repassados \u00e0 Caixa, que entregar\u00e1 cart\u00f5es aos beneficiados quando os recursos j\u00e1 estiverem depositados\u201d<\/em><\/strong>, disse \u00e0&nbsp;<strong>CNN<\/strong>&nbsp;a secret\u00e1ria de Planejamento do Rio Grande do Sul, Danielle Calazans.<\/p>\n\n\n\n<p><em>Fonte: CNN<\/em><\/p>\n","protected":false},"excerpt":{"rendered":"<p>As primeiras remessas de ambos devem come\u00e7ar a ser pagas nesta sexta-feira, segundo o governo<\/p>\n","protected":false},"author":2,"featured_media":56336,"comment_status":"open","ping_status":"open","sticky":false,"template":"","format":"standard","meta":{"om_disable_all_campaigns":false,"_monsterinsights_skip_tracking":false,"_monsterinsights_sitenote_active":false,"_monsterinsights_sitenote_note":"","_monsterinsights_sitenote_category":0,"footnotes":""},"categories":[34,70,69],"tags":[100,71,48,3662,93,75,4178,4180,129,107,4181,132,230,106,203,120,51,109,88,47,854,111,190],"class_list":["post-56558","post","type-post","status-publish","format-standard","has-post-thumbnail","hentry","category-brasil","category-destaques","category-noticias2","tag-adustina","tag-antas","tag-araci","tag-auxilio","tag-brasil","tag-cicero-dantas","tag-cipo-2","tag-crisopolis-2","tag-euclides-da-cunha","tag-fatima","tag-heliopolis-2","tag-itapicuru","tag-jeremoabo","tag-nova-soure","tag-novo-triunfo","tag-olindina","tag-paripiranga","tag-quijingue","tag-ribeira-do-amparo","tag-ribeira-do-pombal","tag-rio-grande-do-sul","tag-sitio-do-quinto","tag-tucano"],"aioseo_notices":[],"_links":{"self":[{"href":"https:\/\/www.portalalerta.com.br\/index.php\/wp-json\/wp\/v2\/posts\/56558","targetHints":{"allow":["GET"]}}],"collection":[{"href":"https:\/\/www.portalalerta.com.br\/index.php\/wp-json\/wp\/v2\/posts"}],"about":[{"href":"https:\/\/www.portalalerta.com.br\/index.php\/wp-json\/wp\/v2\/types\/post"}],"author":[{"embeddable":true,"href":"https:\/\/www.portalalerta.com.br\/index.php\/wp-json\/wp\/v2\/users\/2"}],"replies":[{"embeddable":true,"href":"https:\/\/www.portalalerta.com.br\/index.php\/wp-json\/wp\/v2\/comments?post=56558"}],"version-history":[{"count":2,"href":"https:\/\/www.portalalerta.com.br\/index.php\/wp-json\/wp\/v2\/posts\/56558\/revisions"}],"predecessor-version":[{"id":56564,"href":"https:\/\/www.portalalerta.com.br\/index.php\/wp-json\/wp\/v2\/posts\/56558\/revisions\/56564"}],"wp:featuredmedia":[{"embeddable":true,"href":"https:\/\/www.portalalerta.com.br\/index.php\/wp-json\/wp\/v2\/media\/56336"}],"wp:attachment":[{"href":"https:\/\/www.portalalerta.com.br\/index.php\/wp-json\/wp\/v2\/media?parent=56558"}],"wp:term":[{"taxonomy":"category","embeddable":true,"href":"https:\/\/www.portalalerta.com.br\/index.php\/wp-json\/wp\/v2\/categories?post=56558"},{"taxonomy":"post_tag","embeddable":true,"href":"https:\/\/www.portalalerta.com.br\/index.php\/wp-json\/wp\/v2\/tags?post=56558"}],"curies":[{"name":"wp","href":"https:\/\/api.w.org\/{rel}","templated":true}]}}