{"id":56612,"date":"2024-05-17T07:00:00","date_gmt":"2024-05-17T10:00:00","guid":{"rendered":"https:\/\/www.portalalerta.com.br\/?p=56612"},"modified":"2024-05-16T22:55:25","modified_gmt":"2024-05-17T01:55:25","slug":"tragedia-no-rs-pimenta-diz-que-aeroporto-de-porto-alegre-fica-fechado-por-ao-menos-6-meses","status":"publish","type":"post","link":"https:\/\/www.portalalerta.com.br\/index.php\/2024\/05\/17\/tragedia-no-rs-pimenta-diz-que-aeroporto-de-porto-alegre-fica-fechado-por-ao-menos-6-meses\/","title":{"rendered":"Trag\u00e9dia no RS: Pimenta diz que aeroporto de Porto Alegre fica fechado por ao menos 6 meses"},"content":{"rendered":"\n<p>Em entrevista ao Balan\u00e7o Geral RS, ministro detalhou a\u00e7\u00f5es do governo federal para reconstruir o estado, devastado por enchentes<\/p>\n\n\n\n<!--more-->\n\n\n\n<p>O\u00a0<strong>ministro extraordin\u00e1rio da Reconstru\u00e7\u00e3o do Rio Grande do Sul, Paulo Pimenta<\/strong>, afirmou nesta quinta-feira (16) em entrevista ao\u00a0<em>Balan\u00e7o Geral RS<\/em>\u00a0que o\u00a0<strong>aeroporto de Porto Alegre (RS)<\/strong>\u00a0deve ficar fechado ao menos por seis meses. O Aeroporto Salgado Filho est\u00e1 inoperante desde 3 de maio, por conta das fortes chuvas e\u00a0<strong>enchentes que atingem o Rio Grande do Sul<\/strong>\u00a0e j\u00e1 mataram 151 pessoas, segundo a atualiza\u00e7\u00e3o mais recente da Defesa Civil local. Segundo o ministro, 53 voos com destino ao RS j\u00e1 voltaram a funcionar, at\u00e9 o momento.<\/p>\n\n\n\n<p><strong><em>\u201cEm menos de seis meses n\u00e3o acredito que volte a funcionar. A pista est\u00e1 embaixo d\u2019\u00e1gua. Quando baixar, tem aquela parte que a gente conhece, operacional, mas vai ter de ser eito um grande estudo. Essa pista virou uma esp\u00e9cie de esponja. Possivelmente ter\u00e1 de ser feito um trabalho de sondagem para refor\u00e7o dessa pista. N\u00e3o sou t\u00e9cnico da \u00e1rea, mas pelo que estou acompanhando, sinceramente, acho que, dificilmente, em menos de seis meses esse aeroporto volte a funcionar\u201d<\/em><\/strong>, admitiu Pimenta ao apresentador Samuel Vettori.<\/p>\n\n\n\n<p>O ministro era respons\u00e1vel pela Secom (Secretaria de Comunica\u00e7\u00e3o Social da Presid\u00eancia) do presidente Luiz In\u00e1cio Lula da Silva desde o in\u00edcio do mandato. Nessa quarta-feira (15), por\u00e9m, Lula criou a Secretaria Extraordin\u00e1ria para Apoio \u00e0 Reconstru\u00e7\u00e3o do Rio Grande do Sul, com status de minist\u00e9rio, e colocou Pimenta \u00e0 frente da nova pasta, a 39\u00aa da gest\u00e3o petista.<\/p>\n\n\n\n<p>O ministro tamb\u00e9m informou que o governo federal vai usar bombas d\u2019\u00e1gua do Cear\u00e1, Alagoas e S\u00e3o Paulo para esvaziar os diques das cidades ga\u00fachas afetadas. Pimenta afirmou que as estruturas v\u00e3o ser transportadas ao estado pela FAB (For\u00e7a A\u00e9rea Brasileira). Segundo o ministro, as ferramentas do Cear\u00e1 s\u00e3o usadas na transposi\u00e7\u00e3o do Rio S\u00e3o Francisco e as de S\u00e3o Paulo s\u00e3o da Sabesp (Companhia de Saneamento B\u00e1sico de S\u00e3o Paulo). Pimenta informou que as bombas d\u2019\u00e1gua j\u00e1 est\u00e3o em dire\u00e7\u00e3o ao Rio Grande do Sul, mas n\u00e3o detalhou quando os itens devem chegar ao estado.<\/p>\n\n\n\n<p>Segundo Pimenta, o governo federal vai bancar a contrata\u00e7\u00e3o de bombas d\u2019\u00e1guas pelas prefeituras ga\u00fachas afetadas. A a\u00e7\u00e3o do Executivo tamb\u00e9m tem focado a reconstru\u00e7\u00e3o das estruturas danificadas pelas chuvas, para que a \u00e1gua n\u00e3o retorne aos diques.<\/p>\n\n\n\n<p><strong><em>\u201cTemos um problema grav\u00edssimo. A \u00e1gua entrou pelo dique, porque o dique rompeu. O rio baixa, mas a \u00e1gua n\u00e3o sai, [ent\u00e3o] o dique virou uma barreira. Um dos focos principais do meu trabalho, junto com o ministro [da Integra\u00e7\u00e3o e do Desenvolvimento Regional] Waldez G\u00f3es e prefeitos, \u00e9 ajudar a viabilizar esse sistema de bombas. Estou mobilizando a FAB para trazer essas bombas, identificamos bombas no Cear\u00e1, utilizadas na transposi\u00e7\u00e3o do S\u00e3o Francisco, em Alagoas e tem tamb\u00e9m sistemas de bombas em S\u00e3o Paulo, na Sabesp. Parte delas j\u00e1 est\u00e1 vindo para o RS. vamos permitir que as prefeituras incluam no plano de trabalho a contrata\u00e7\u00e3o de empresas para tirar \u00e1gua. O governo federal vai pagar integralmente [essas contrata\u00e7\u00f5es]. Paralelo a isso, tem que fechar os diques, sen\u00e3o tiro a \u00e1gua de um lado e ela volta pelo buraco. Ent\u00e3o, vamos autorizar tamb\u00e9m os munic\u00edpios a incluir no plano de trabalho deles o fechamento dos diques. Essas duas coisas s\u00e3o urgentes, at\u00e9 para a gente saber como v\u00e3o ficar os bairros\u201d<\/em><\/strong>, detalhou.<\/p>\n\n\n\n<p><em>Fonte: R7<\/em><\/p>\n","protected":false},"excerpt":{"rendered":"<p>Em entrevista ao Balan\u00e7o Geral RS, ministro detalhou a\u00e7\u00f5es do governo federal para reconstruir o estado, devastado por enchentes<\/p>\n","protected":false},"author":2,"featured_media":56613,"comment_status":"open","ping_status":"open","sticky":false,"template":"","format":"standard","meta":{"om_disable_all_campaigns":false,"_monsterinsights_skip_tracking":false,"_monsterinsights_sitenote_active":false,"_monsterinsights_sitenote_note":"","_monsterinsights_sitenote_category":0,"footnotes":""},"categories":[34,70,69],"tags":[100,506,71,48,75,4178,4180,129,107,4181,132,230,106,203,120,51,3791,109,88,47,854,111,190],"class_list":["post-56612","post","type-post","status-publish","format-standard","has-post-thumbnail","hentry","category-brasil","category-destaques","category-noticias2","tag-adustina","tag-aeroporto","tag-antas","tag-araci","tag-cicero-dantas","tag-cipo-2","tag-crisopolis-2","tag-euclides-da-cunha","tag-fatima","tag-heliopolis-2","tag-itapicuru","tag-jeremoabo","tag-nova-soure","tag-novo-triunfo","tag-olindina","tag-paripiranga","tag-paulo-pimenta","tag-quijingue","tag-ribeira-do-amparo","tag-ribeira-do-pombal","tag-rio-grande-do-sul","tag-sitio-do-quinto","tag-tucano"],"aioseo_notices":[],"_links":{"self":[{"href":"https:\/\/www.portalalerta.com.br\/index.php\/wp-json\/wp\/v2\/posts\/56612","targetHints":{"allow":["GET"]}}],"collection":[{"href":"https:\/\/www.portalalerta.com.br\/index.php\/wp-json\/wp\/v2\/posts"}],"about":[{"href":"https:\/\/www.portalalerta.com.br\/index.php\/wp-json\/wp\/v2\/types\/post"}],"author":[{"embeddable":true,"href":"https:\/\/www.portalalerta.com.br\/index.php\/wp-json\/wp\/v2\/users\/2"}],"replies":[{"embeddable":true,"href":"https:\/\/www.portalalerta.com.br\/index.php\/wp-json\/wp\/v2\/comments?post=56612"}],"version-history":[{"count":1,"href":"https:\/\/www.portalalerta.com.br\/index.php\/wp-json\/wp\/v2\/posts\/56612\/revisions"}],"predecessor-version":[{"id":56614,"href":"https:\/\/www.portalalerta.com.br\/index.php\/wp-json\/wp\/v2\/posts\/56612\/revisions\/56614"}],"wp:featuredmedia":[{"embeddable":true,"href":"https:\/\/www.portalalerta.com.br\/index.php\/wp-json\/wp\/v2\/media\/56613"}],"wp:attachment":[{"href":"https:\/\/www.portalalerta.com.br\/index.php\/wp-json\/wp\/v2\/media?parent=56612"}],"wp:term":[{"taxonomy":"category","embeddable":true,"href":"https:\/\/www.portalalerta.com.br\/index.php\/wp-json\/wp\/v2\/categories?post=56612"},{"taxonomy":"post_tag","embeddable":true,"href":"https:\/\/www.portalalerta.com.br\/index.php\/wp-json\/wp\/v2\/tags?post=56612"}],"curies":[{"name":"wp","href":"https:\/\/api.w.org\/{rel}","templated":true}]}}