{"id":56950,"date":"2024-05-27T19:28:17","date_gmt":"2024-05-27T22:28:17","guid":{"rendered":"https:\/\/www.portalalerta.com.br\/?p=56950"},"modified":"2024-05-27T19:28:19","modified_gmt":"2024-05-27T22:28:19","slug":"casa-branca-diz-que-ataque-de-israel-em-rafah-e-desolador","status":"publish","type":"post","link":"https:\/\/www.portalalerta.com.br\/index.php\/2024\/05\/27\/casa-branca-diz-que-ataque-de-israel-em-rafah-e-desolador\/","title":{"rendered":"Casa Branca diz que ataque de Israel em Rafah \u00e9 \u201cdesolador\u201d"},"content":{"rendered":"\n<p>A\u00e7\u00e3o matou mais de 40 civis, segundo autoridades palestinas; Israel diz que dois integrantes importantes do Hamas morreram<\/p>\n\n\n\n<!--more-->\n\n\n\n<p>O ataque israelense em Rafah, cidade no sul da Faixa de Gaza,\u00a0que deixou mais de 40 civis mortos \u00e9 \u201cdesolador\u201d, disse um porta-voz do Conselho de Seguran\u00e7a Nacional dos Estados Unidos nesta segunda-feira (27).<\/p>\n\n\n<div class=\"wp-block-image\">\n<figure class=\"alignleft size-large is-resized\"><img fetchpriority=\"high\" decoding=\"async\" src=\"https:\/\/www.portalalerta.com.br\/wp-content\/uploads\/2024\/04\/autoescola-emprego-1024x1024.jpg\" alt=\"\" class=\"wp-image-55693\" width=\"413\" height=\"413\" srcset=\"https:\/\/www.portalalerta.com.br\/wp-content\/uploads\/2024\/04\/autoescola-emprego-1024x1024.jpg 1024w, https:\/\/www.portalalerta.com.br\/wp-content\/uploads\/2024\/04\/autoescola-emprego-240x240.jpg 240w, https:\/\/www.portalalerta.com.br\/wp-content\/uploads\/2024\/04\/autoescola-emprego-768x768.jpg 768w, https:\/\/www.portalalerta.com.br\/wp-content\/uploads\/2024\/04\/autoescola-emprego.jpg 1080w\" sizes=\"(max-width: 413px) 100vw, 413px\" \/><\/figure><\/div>\n\n\n<p>Ele pontuou que os EUA est\u00e3o se \u201cenvolvendo ativamente\u201d com autoridades em Israel para determinar exatamente o que aconteceu.<\/p>\n\n\n\n<p><strong><em>\u201cAs imagens devastadoras ap\u00f3s o ataque das FDI [For\u00e7as de Defesa de Israel] em Rafah na noite passada, que matou dezenas de palestinos inocentes, s\u00e3o desoladoras\u201d<\/em><\/strong>, disse o porta-voz, que n\u00e3o foi identificado, em um comunicado.<\/p>\n\n\n\n<p><strong><em>\u201cIsrael tem o direito de perseguir o Hamas, e entendemos que este ataque matou dois importantes terroristas do Hamas, que s\u00e3o respons\u00e1veis por ataques contra civis israelenses\u201d<\/em><\/strong>, prossegue o comunicado.<\/p>\n\n\n\n<p><strong><em>\u201cMas, como j\u00e1 deixamos claro, Israel deve tomar todas as precau\u00e7\u00f5es poss\u00edveis para proteger os civis\u201d<\/em><\/strong>, alertou.<\/p>\n\n\n\n<p>O porta-voz acrescentou que os EUA est\u00e3o ativamente envolvidos com as For\u00e7as de Defesa de Israel no terreno <strong><em>\u201cpara avaliar o que aconteceu e compreender que as FDI est\u00e3o conduzindo uma investiga\u00e7\u00e3o\u201d.<\/em><\/strong><\/p>\n\n\n\n<p><strong>Netanyahu diz que houve \u201cerro tr\u00e1gico\u201d<\/strong><\/p>\n\n\n\n<p>O primeiro-ministro de Israel,\u00a0Benjamin Netanyahu,\u00a0disse que a opera\u00e7\u00e3o n\u00e3o tinha como objetivo causar v\u00edtimas civis e ser\u00e1 investigada.<\/p>\n\n\n\n<p><strong><em>\u201cEm Rafah, j\u00e1 retiramos cerca de 1 milh\u00e3o de residentes n\u00e3o combatentes e, apesar de nosso maior esfor\u00e7o para n\u00e3o prejudicar os n\u00e3o combatentes, algo infelizmente deu errado tragicamente\u201d<\/em><\/strong>, pontuou em discurso no Parlamento que foi interrompido por gritos de parlamentares da oposi\u00e7\u00e3o.<\/p>\n\n\n\n<p><strong><em>\u201cEstamos investigando o incidente e chegaremos a conclus\u00f5es, porque essa \u00e9 a nossa pol\u00edtica\u201d,<\/em><\/strong> adicionou.<\/p>\n\n\n\n<p><em>Fonte: CNN<\/em><\/p>\n","protected":false},"excerpt":{"rendered":"<p>A\u00e7\u00e3o matou mais de 40 civis, segundo autoridades palestinas; Israel diz que dois integrantes importantes do Hamas morreram<\/p>\n","protected":false},"author":2,"featured_media":56949,"comment_status":"open","ping_status":"open","sticky":false,"template":"","format":"standard","meta":{"om_disable_all_campaigns":false,"_monsterinsights_skip_tracking":false,"_monsterinsights_sitenote_active":false,"_monsterinsights_sitenote_note":"","_monsterinsights_sitenote_category":0,"footnotes":""},"categories":[70,35,69,21,22],"tags":[100,71,48,226,75,4178,4180,327,129,107,835,4181,858,132,230,439,106,203,120,51,109,6967,88,47,111,190],"class_list":["post-56950","post","type-post","status-publish","format-standard","has-post-thumbnail","hentry","category-destaques","category-mundo","category-noticias2","category-politica","category-seguranca","tag-adustina","tag-antas","tag-araci","tag-ataque","tag-cicero-dantas","tag-cipo-2","tag-crisopolis-2","tag-eua","tag-euclides-da-cunha","tag-fatima","tag-guerra","tag-heliopolis-2","tag-israel","tag-itapicuru","tag-jeremoabo","tag-mortes","tag-nova-soure","tag-novo-triunfo","tag-olindina","tag-paripiranga","tag-quijingue","tag-rafah","tag-ribeira-do-amparo","tag-ribeira-do-pombal","tag-sitio-do-quinto","tag-tucano"],"aioseo_notices":[],"_links":{"self":[{"href":"https:\/\/www.portalalerta.com.br\/index.php\/wp-json\/wp\/v2\/posts\/56950","targetHints":{"allow":["GET"]}}],"collection":[{"href":"https:\/\/www.portalalerta.com.br\/index.php\/wp-json\/wp\/v2\/posts"}],"about":[{"href":"https:\/\/www.portalalerta.com.br\/index.php\/wp-json\/wp\/v2\/types\/post"}],"author":[{"embeddable":true,"href":"https:\/\/www.portalalerta.com.br\/index.php\/wp-json\/wp\/v2\/users\/2"}],"replies":[{"embeddable":true,"href":"https:\/\/www.portalalerta.com.br\/index.php\/wp-json\/wp\/v2\/comments?post=56950"}],"version-history":[{"count":1,"href":"https:\/\/www.portalalerta.com.br\/index.php\/wp-json\/wp\/v2\/posts\/56950\/revisions"}],"predecessor-version":[{"id":56951,"href":"https:\/\/www.portalalerta.com.br\/index.php\/wp-json\/wp\/v2\/posts\/56950\/revisions\/56951"}],"wp:featuredmedia":[{"embeddable":true,"href":"https:\/\/www.portalalerta.com.br\/index.php\/wp-json\/wp\/v2\/media\/56949"}],"wp:attachment":[{"href":"https:\/\/www.portalalerta.com.br\/index.php\/wp-json\/wp\/v2\/media?parent=56950"}],"wp:term":[{"taxonomy":"category","embeddable":true,"href":"https:\/\/www.portalalerta.com.br\/index.php\/wp-json\/wp\/v2\/categories?post=56950"},{"taxonomy":"post_tag","embeddable":true,"href":"https:\/\/www.portalalerta.com.br\/index.php\/wp-json\/wp\/v2\/tags?post=56950"}],"curies":[{"name":"wp","href":"https:\/\/api.w.org\/{rel}","templated":true}]}}