{"id":56990,"date":"2024-05-29T11:02:00","date_gmt":"2024-05-29T14:02:00","guid":{"rendered":"https:\/\/www.portalalerta.com.br\/?p=56990"},"modified":"2024-05-28T23:13:29","modified_gmt":"2024-05-29T02:13:29","slug":"homem-e-preso-com-arma-de-fogo-apos-ameacar-comerciante-em-crisopolis-ba","status":"publish","type":"post","link":"https:\/\/www.portalalerta.com.br\/index.php\/2024\/05\/29\/homem-e-preso-com-arma-de-fogo-apos-ameacar-comerciante-em-crisopolis-ba\/","title":{"rendered":"Homem \u00e9 preso com arma de fogo ap\u00f3s amea\u00e7ar comerciante em Cris\u00f3polis-BA"},"content":{"rendered":"\n<p>Por volta das 23h da \u00faltima segunda-feira (27), policiais militares do munic\u00edpio de Cris\u00f3polis-BA, foram solicitados por um propriet\u00e1rio de um bar, que um homem teria passado em frente ao estabelecimento, e portando uma arma de fogo teria o amea\u00e7ado.<\/p>\n\n\n\n<!--more-->\n\n\n\n<p>Os policiais se dirigiram at\u00e9 o local, passando a realizar buscas pelo suspeito, que foi encontrado em um ve\u00edculo. Durante as buscas, a arma de fogo, um rev\u00f3lver cal. 32 contendo 06 muni\u00e7\u00f5es, foi encontrado embaixo do tapete do carro.<\/p>\n\n\n\n<p>Tanto o homem quanto a arma de fogo, foram conduzidos e apresentados em flagrante na Delegacia de Pol\u00edcia Civil de Algoinhas-BA, para a ado\u00e7\u00e3o das medidas cab\u00edveis.<\/p>\n\n\n\n<p><em>Reda\u00e7\u00e3o: Portal Alerta<\/em><\/p>\n","protected":false},"excerpt":{"rendered":"<p>Por volta das 23h da \u00faltima segunda-feira (27), policiais militares do munic\u00edpio de Cris\u00f3polis-BA, foram solicitados por um propriet\u00e1rio de um bar, que um homem teria passado em frente ao estabelecimento, e portando uma arma de fogo teria o amea\u00e7ado.<\/p>\n","protected":false},"author":2,"featured_media":56988,"comment_status":"open","ping_status":"open","sticky":false,"template":"","format":"standard","meta":{"om_disable_all_campaigns":false,"_monsterinsights_skip_tracking":false,"_monsterinsights_sitenote_active":false,"_monsterinsights_sitenote_note":"","_monsterinsights_sitenote_category":0,"footnotes":""},"categories":[42,70,69,32,22],"tags":[181,100,59,71,48,75,4178,4180,129,107,4181,132,230,106,203,120,51,79,83,77,109,88,47,111,190],"class_list":["post-56990","post","type-post","status-publish","format-standard","has-post-thumbnail","hentry","category-crisopolis","category-destaques","category-noticias2","category-regiao","category-seguranca","tag-6a-cipm","tag-adustina","tag-ameaca","tag-antas","tag-araci","tag-cicero-dantas","tag-cipo-2","tag-crisopolis-2","tag-euclides-da-cunha","tag-fatima","tag-heliopolis-2","tag-itapicuru","tag-jeremoabo","tag-nova-soure","tag-novo-triunfo","tag-olindina","tag-paripiranga","tag-policia-militar","tag-porte-ilegal-de-arma-de-fogo","tag-preso","tag-quijingue","tag-ribeira-do-amparo","tag-ribeira-do-pombal","tag-sitio-do-quinto","tag-tucano"],"aioseo_notices":[],"_links":{"self":[{"href":"https:\/\/www.portalalerta.com.br\/index.php\/wp-json\/wp\/v2\/posts\/56990","targetHints":{"allow":["GET"]}}],"collection":[{"href":"https:\/\/www.portalalerta.com.br\/index.php\/wp-json\/wp\/v2\/posts"}],"about":[{"href":"https:\/\/www.portalalerta.com.br\/index.php\/wp-json\/wp\/v2\/types\/post"}],"author":[{"embeddable":true,"href":"https:\/\/www.portalalerta.com.br\/index.php\/wp-json\/wp\/v2\/users\/2"}],"replies":[{"embeddable":true,"href":"https:\/\/www.portalalerta.com.br\/index.php\/wp-json\/wp\/v2\/comments?post=56990"}],"version-history":[{"count":1,"href":"https:\/\/www.portalalerta.com.br\/index.php\/wp-json\/wp\/v2\/posts\/56990\/revisions"}],"predecessor-version":[{"id":56992,"href":"https:\/\/www.portalalerta.com.br\/index.php\/wp-json\/wp\/v2\/posts\/56990\/revisions\/56992"}],"wp:featuredmedia":[{"embeddable":true,"href":"https:\/\/www.portalalerta.com.br\/index.php\/wp-json\/wp\/v2\/media\/56988"}],"wp:attachment":[{"href":"https:\/\/www.portalalerta.com.br\/index.php\/wp-json\/wp\/v2\/media?parent=56990"}],"wp:term":[{"taxonomy":"category","embeddable":true,"href":"https:\/\/www.portalalerta.com.br\/index.php\/wp-json\/wp\/v2\/categories?post=56990"},{"taxonomy":"post_tag","embeddable":true,"href":"https:\/\/www.portalalerta.com.br\/index.php\/wp-json\/wp\/v2\/tags?post=56990"}],"curies":[{"name":"wp","href":"https:\/\/api.w.org\/{rel}","templated":true}]}}