{"id":56998,"date":"2024-05-29T22:27:45","date_gmt":"2024-05-30T01:27:45","guid":{"rendered":"https:\/\/www.portalalerta.com.br\/?p=56998"},"modified":"2024-05-29T22:27:46","modified_gmt":"2024-05-30T01:27:46","slug":"moraes-se-despede-do-tse-e-destaca-combate-da-justica-eleitoral-a-desinformacao-no-brasil","status":"publish","type":"post","link":"https:\/\/www.portalalerta.com.br\/index.php\/2024\/05\/29\/moraes-se-despede-do-tse-e-destaca-combate-da-justica-eleitoral-a-desinformacao-no-brasil\/","title":{"rendered":"Moraes se despede do TSE e destaca combate da Justi\u00e7a Eleitoral a desinforma\u00e7\u00e3o no Brasil"},"content":{"rendered":"\n<p>A partir da pr\u00f3xima semana, o ministro passa a atuar somente no STF; segundo ele, o Brasil pode combater o \u201cpopulismo digital extremista\u201d<\/p>\n\n\n\n<!--more-->\n\n\n\n<p>O ministro Alexandre de Moraes fez o seu \u00faltimo discurso como presidente do Tribunal Superior Eleitoral (TSE), nesta quarta-feira (29), e afirmou que o Brasil pode combater o \u201cpopulismo digital extremista\u201d. Uma sess\u00e3o extraordin\u00e1ria foi convocada para marcar a despedida do ministro, que a partir da pr\u00f3xima semana volta a atuar apenas no Supremo Tribunal Federal (STF).&nbsp;<\/p>\n\n\n<div class=\"wp-block-image\">\n<figure class=\"alignleft size-full\"><img fetchpriority=\"high\" decoding=\"async\" width=\"372\" height=\"786\" src=\"https:\/\/www.portalalerta.com.br\/wp-content\/uploads\/2024\/03\/Real-10x-100-juros-2024.jpg\" alt=\"\" class=\"wp-image-55190\" srcset=\"https:\/\/www.portalalerta.com.br\/wp-content\/uploads\/2024\/03\/Real-10x-100-juros-2024.jpg 372w, https:\/\/www.portalalerta.com.br\/wp-content\/uploads\/2024\/03\/Real-10x-100-juros-2024-114x240.jpg 114w\" sizes=\"(max-width: 372px) 100vw, 372px\" \/><\/figure><\/div>\n\n\n<p>Durante o discurso, Moraes destacou os esfor\u00e7os da Justi\u00e7a Eleitoral no combate \u00e0 desinforma\u00e7\u00e3o. O ministro afirmou que a dissemina\u00e7\u00e3o de desinforma\u00e7\u00e3o tem levado \u00e0 elei\u00e7\u00e3o de populistas contr\u00e1rios \u00e0 democracia ao redor do mundo,&nbsp;e no Brasil isso n\u00e3o aconteceu pela atua\u00e7\u00e3o da Justi\u00e7a Eleitoral em 2022.&nbsp;<\/p>\n\n\n\n<p><strong><em>&#8220;No Brasil o poder Judici\u00e1rio, esse TSE, apoiado por 27 tribunais regionais eleitorais, por todos os ju\u00edzes eleitorais, membros do Minist\u00e9rio P\u00fablico Eleitoral, apoiado pela Ordem dos Advogados do Brasil, n\u00f3s mostramos que \u00e9 poss\u00edvel uma rea\u00e7\u00e3o a esse novo populismo digital extremista que pretende solapar as bases da democracia. O Brasil saiu vencedor, a popula\u00e7\u00e3o brasileira saiu vencedora. A popula\u00e7\u00e3o brasileira acreditou nas urnas eletr\u00f4nicas&#8221;,<\/em><\/strong> afirmou Moraes.&nbsp;<\/p>\n\n\n\n<p>Segundo o ministro, o&nbsp;tribunal est\u00e1 na &#8220;vanguarda&#8221; do combate \u00e0s fake news. Al\u00e9m disso, ele defendeu as resolu\u00e7\u00f5es e medidas adotadas pelo TSE para combater a prolifera\u00e7\u00e3o de desinforma\u00e7\u00e3o e disse que diferentes institui\u00e7\u00f5es internacionais reconheceram esse papel de vanguarda do tribunal, como a Organiza\u00e7\u00e3o dos Estados Americanos e a Universidade Complutense de Madri.<\/p>\n\n\n\n<p><strong><em>&#8220;As resolu\u00e7\u00f5es do TSE trazem o que h\u00e1 de mais moderno no combate a fake news, \u00e0s not\u00edcias fraudulentas, \u00e0 desinforma\u00e7\u00e3o (&#8230;) Avan\u00e7amos para demonstrar que essa lavagem cerebral que \u00e9 feita por algor\u00edtimos n\u00e3o transparentes, eu diria em alguns casos viciados, para determinadas bolhas, isso ser\u00e1 e continuar\u00e1 a ser combatido aqui na Justi\u00e7a Eleitoral. Que a Justi\u00e7a Eleitoral seja um exemplo do que h\u00e1&nbsp;de mais moderno no combate a desinforma\u00e7\u00e3o&#8221;,<\/em><\/strong> completa o ministro.&nbsp;<\/p>\n\n\n\n<p><em>Fonte: Metro1<\/em><\/p>\n","protected":false},"excerpt":{"rendered":"<p>A partir da pr\u00f3xima semana, o ministro passa a atuar somente no STF; segundo ele, o Brasil pode combater o \u201cpopulismo digital extremista\u201d<\/p>\n","protected":false},"author":2,"featured_media":45612,"comment_status":"open","ping_status":"open","sticky":false,"template":"","format":"standard","meta":{"om_disable_all_campaigns":false,"_monsterinsights_skip_tracking":false,"_monsterinsights_sitenote_active":false,"_monsterinsights_sitenote_note":"","_monsterinsights_sitenote_category":0,"footnotes":""},"categories":[34,70,69,21],"tags":[100,1173,71,48,93,75,4178,4180,129,107,4181,132,230,106,203,120,51,109,88,47,111,549,190],"class_list":["post-56998","post","type-post","status-publish","format-standard","has-post-thumbnail","hentry","category-brasil","category-destaques","category-noticias2","category-politica","tag-adustina","tag-alexandre-de-moraes","tag-antas","tag-araci","tag-brasil","tag-cicero-dantas","tag-cipo-2","tag-crisopolis-2","tag-euclides-da-cunha","tag-fatima","tag-heliopolis-2","tag-itapicuru","tag-jeremoabo","tag-nova-soure","tag-novo-triunfo","tag-olindina","tag-paripiranga","tag-quijingue","tag-ribeira-do-amparo","tag-ribeira-do-pombal","tag-sitio-do-quinto","tag-tse","tag-tucano"],"aioseo_notices":[],"_links":{"self":[{"href":"https:\/\/www.portalalerta.com.br\/index.php\/wp-json\/wp\/v2\/posts\/56998","targetHints":{"allow":["GET"]}}],"collection":[{"href":"https:\/\/www.portalalerta.com.br\/index.php\/wp-json\/wp\/v2\/posts"}],"about":[{"href":"https:\/\/www.portalalerta.com.br\/index.php\/wp-json\/wp\/v2\/types\/post"}],"author":[{"embeddable":true,"href":"https:\/\/www.portalalerta.com.br\/index.php\/wp-json\/wp\/v2\/users\/2"}],"replies":[{"embeddable":true,"href":"https:\/\/www.portalalerta.com.br\/index.php\/wp-json\/wp\/v2\/comments?post=56998"}],"version-history":[{"count":1,"href":"https:\/\/www.portalalerta.com.br\/index.php\/wp-json\/wp\/v2\/posts\/56998\/revisions"}],"predecessor-version":[{"id":56999,"href":"https:\/\/www.portalalerta.com.br\/index.php\/wp-json\/wp\/v2\/posts\/56998\/revisions\/56999"}],"wp:featuredmedia":[{"embeddable":true,"href":"https:\/\/www.portalalerta.com.br\/index.php\/wp-json\/wp\/v2\/media\/45612"}],"wp:attachment":[{"href":"https:\/\/www.portalalerta.com.br\/index.php\/wp-json\/wp\/v2\/media?parent=56998"}],"wp:term":[{"taxonomy":"category","embeddable":true,"href":"https:\/\/www.portalalerta.com.br\/index.php\/wp-json\/wp\/v2\/categories?post=56998"},{"taxonomy":"post_tag","embeddable":true,"href":"https:\/\/www.portalalerta.com.br\/index.php\/wp-json\/wp\/v2\/tags?post=56998"}],"curies":[{"name":"wp","href":"https:\/\/api.w.org\/{rel}","templated":true}]}}