{"id":57708,"date":"2024-06-17T09:03:00","date_gmt":"2024-06-17T12:03:00","guid":{"rendered":"https:\/\/www.portalalerta.com.br\/?p=57708"},"modified":"2024-06-17T00:24:35","modified_gmt":"2024-06-17T03:24:35","slug":"vereador-denuncia-possivel-esquema-com-verbas-federais-voltadas-para-educacao-de-jovens-e-adultos-em-cipo-ba-entenda","status":"publish","type":"post","link":"https:\/\/www.portalalerta.com.br\/index.php\/2024\/06\/17\/vereador-denuncia-possivel-esquema-com-verbas-federais-voltadas-para-educacao-de-jovens-e-adultos-em-cipo-ba-entenda\/","title":{"rendered":"Vereador denuncia poss\u00edvel esquema com verbas federais voltadas para Educa\u00e7\u00e3o de Jovens e Adultos em Cip\u00f3-BA; entenda"},"content":{"rendered":"\n<p>O prefeito do munic\u00edpio de Cip\u00f3, Jos\u00e9 Marques dos Reis (PDT), est\u00e1 sendo acusado de participar de um esquema de desvio de recursos federais do Fundo de Manuten\u00e7\u00e3o e Desenvolvimento da Educa\u00e7\u00e3o B\u00e1sica e de Valoriza\u00e7\u00e3o dos Profissionais da Educa\u00e7\u00e3o (Fundeb).<\/p>\n\n\n\n<!--more-->\n\n\n\n<p>A den\u00fancia, feita ao Minist\u00e9rio P\u00fablico (MP-BA)&nbsp;pelo vereador Denis Fons\u00eaca, pede que um Inqu\u00e9rito Civil P\u00fablico seja aberto para investigar o destino dos valores que o munic\u00edpio tem recebido para investir na educa\u00e7\u00e3o b\u00e1sica e na educa\u00e7\u00e3o de jovens e adultos.<\/p>\n\n\n\n<p>No documento encaminhado&nbsp;ao MP-BA, o vereador acusa o prefeito de fazer contrata\u00e7\u00f5es il\u00edcitas de empresas pertencentes a aliados pol\u00edticos. Em um dos casos, est\u00e1 a empresa Vip Material para Constru\u00e7\u00f5es &amp; Servi\u00e7os Ltda, que pertence a um homem identificado como Josafa Marinhos dos Santos.<\/p>\n\n\n\n<p>Atendendo pelo nome de Josa de Z\u00e9 Piroca, Josafa concorreu a vereador nas elei\u00e7\u00f5es de 2022 pelo PDT, mesma agremia\u00e7\u00e3o do prefeito. Al\u00e9m desta liga\u00e7\u00e3o, a den\u00fancia encaminhada ao MP tamb\u00e9m afirma que o prefeito e Josafa s\u00e3o, acima de tudo, amigos que convivem ativamente um com o outro.<\/p>\n\n\n\n<p><strong><em>\u201cEntretanto, a rela\u00e7\u00e3o entre Josafa Marinho dos Santos e Jos\u00e9 Marques dos Reis \u00e9 estreita e de conviv\u00eancia, inclusive com a participa\u00e7\u00e3o de ambos em ambientes de intimidade e comunh\u00e3o entre seus familiares, conforme comprovam as fotografias em anexo\u201d<\/em><\/strong>, acusa a den\u00fancia. A acusa\u00e7\u00e3o segue acompanhada de fotos da dupla compartilhando momentos juntos.&nbsp;<\/p>\n\n\n\n<p>A alega\u00e7\u00e3o apontada no material obtido pelo Bahia Not\u00edcias indica ainda que a empresa Vip Material Para Constru\u00e7\u00f5es &amp; Servi\u00e7os Ltda <strong><em>consiste \u201cem uma empresa de fachada, constitu\u00edda por apaniguado do denunciado, com o objetivo prec\u00edpuo de prestar servi\u00e7os \u00e0 Prefeitura Municipal de Cip\u00f3\/BA e se beneficiar com contrata\u00e7\u00f5es il\u00edcitas\u201d.<\/em><\/strong><\/p>\n\n\n\n<p>As acusa\u00e7\u00f5es acerca da empresa envolvem desde incapacidade financeira a incompatibilidade com os recursos que tem recebido do governo. De acordo com a den\u00fancia, nos \u00faltimos dois anos a prefeitura pagou cerca de R$ 10 milh\u00f5es em servi\u00e7os. Entre os servi\u00e7os supostamente prestados pela empresa est\u00e3o fornecimento de enxovais de beb\u00ea, materiais de constru\u00e7\u00e3o, fornecimento de uniformes para atender as necessidades da &nbsp;Secretaria &nbsp;Municipal de Educa\u00e7\u00e3o e aquisi\u00e7\u00e3o de ferragens para reforma e revitaliza\u00e7\u00e3o do Col\u00e9gio Arminda Miranda.<\/p>\n\n\n\n<p>Procurada pela reportagem, a prefeitura de Cip\u00f3, comandada pelo prefeito&nbsp;Jos\u00e9 Marques n\u00e3o respondeu aos questionamentos feitos. O espa\u00e7o segue aberto para atualiza\u00e7\u00f5es e acr\u00e9scimo da vers\u00e3o do atual gestor municipal.&nbsp;<\/p>\n\n\n\n<p><strong>EDUCA\u00c7\u00c3O PARA JOVENS E ADULTOS<\/strong><\/p>\n\n\n\n<p>Outra den\u00fancia do vereador tem a ver com a contrata\u00e7\u00e3o de profissionais para o programa de Educa\u00e7\u00e3o para Jovens e Adultos no munic\u00edpio. A cr\u00edtica tem a ver com uma declara\u00e7\u00e3o que o l\u00edder deu durante uma entrevista \u00e0 r\u00e1dio Pombal FM. Na ocasi\u00e3o, ele fala sobre formas de gerar emprego para a cidade.<\/p>\n\n\n\n<p><strong><em>\u201cQuando assumimos a prefeitura, n\u00f3s encontramos 200 alunos no EJA. E eu estava em uma conversa com o deputado Osni [Cardoso], que foi prefeito de Serrinha, e a gente falando sobre as dificuldades do munic\u00edpio e que o povo s\u00f3 queria emprego. Em 100 conversas que voc\u00ea tem com a sociedade, 80% pede emprego\u201d<\/em><\/strong>, contou o prefeito.<\/p>\n\n\n\n<p>Em seguida, o prefeito explicou que, a partir disto, o deputado estadual&nbsp;Osni Cardoso&nbsp;contou que implantou o EJA em Serrinha e criou uma estrat\u00e9gia para criar mais oportunidades de emprego para a popula\u00e7\u00e3o.<\/p>\n\n\n\n<p><strong><em>\u201cQuando as pessoas pediam um emprego a ele, ele dizia: \u2018V\u00e1 l\u00e1, consiga uma turma de 20 alunos, 25 alunos, e o emprego \u00e9 seu\u2019. Eu peguei essa ideia dele e trouxe para o munic\u00edpio. Quando as pessoas me pediam: \u2018Prefeito, me arranje um emprego\u2019, ou quando pediam a um vereador, o vice-prefeito, ao secretariado, minha orienta\u00e7\u00e3o foi essa. Quem conseguir uma turma, a vaga \u00e9 deles\u201d<\/em><\/strong>, explicou o prefeito.<\/p>\n\n\n\n<p>Segundo o Jos\u00e9 Marques, implantar esta ideia foi um ato de <strong><em>\u201cmuita coragem\u201d<\/em><\/strong> porque naquele momento o munic\u00edpio ainda tinha \u201cpouca arrecada\u00e7\u00e3o\u201d. <strong><em>\u201cE n\u00f3s conseguimos fazer isso, conseguimos bancar uma m\u00e9dia de 1.900 alunos, n\u00f3s bancamos com transporte, alimenta\u00e7\u00e3o, funcion\u00e1rios, com toda estrutura para o munic\u00edpio come\u00e7ar a receber os recursos este ano\u201d<\/em><\/strong>.<\/p>\n\n\n\n<p>O questionamento do vereador neste quesito, \u00e9 sobre a contrata\u00e7\u00e3o de pessoas, que n\u00e3o s\u00e3o profissionais da educa\u00e7\u00e3o, para dar aulas em turmas de educa\u00e7\u00e3o para jovens e adultos.&nbsp;<\/p>\n\n\n\n<p><strong>INVESTIMENTOS DO FUNDEB<\/strong><\/p>\n\n\n\n<p>A partir da cria\u00e7\u00e3o destas novas turmas, o munic\u00edpio passou a receber maiores valores do Fundo de Manuten\u00e7\u00e3o e Desenvolvimento da Educa\u00e7\u00e3o B\u00e1sica e de Valoriza\u00e7\u00e3o dos Profissionais da Educa\u00e7\u00e3o (Fundeb). E o destino dos valores que o munic\u00edpio tem recebido de investimentos, faz parte da den\u00fancia feita pelo edil.<\/p>\n\n\n\n<p>No primeiro ano do mandato do prefeito, em 2020, Cip\u00f3 tinha 4734 alunos na educa\u00e7\u00e3o b\u00e1sica e 260 alunos da educa\u00e7\u00e3o para jovens e adultos. Na \u00e9poca, o investimento feito pela fundeb foi de R$ 14.252.061,14, de acordo com os dados dispon\u00edveis no Demonstrativo das Receitas e Despesas com o Fundo de Manuten\u00e7\u00e3o e Desenvolvimento da Educa\u00e7\u00e3o B\u00e1sica e de Valoriza\u00e7\u00e3o dos Profissionais da Educa\u00e7\u00e3o.<\/p>\n\n\n\n<p>J\u00e1 em 2023, o munic\u00edpio tinha 7779 alunos na educa\u00e7\u00e3o b\u00e1sica e 3522 alunos na educa\u00e7\u00e3o para jovens e adultos. Neste ano, a Fundeb investiu R$ 40.853.590,05 para a educa\u00e7\u00e3o do munic\u00edpio.<\/p>\n\n\n\n<p>De acordo com estes dados, o n\u00famero de alunos da educa\u00e7\u00e3o b\u00e1sica somado ao n\u00famero de alunos da Educa\u00e7\u00e3o para Jovens e Adultos cresceu cerca de 126.29% no ano de 2023, em compara\u00e7\u00e3o ao ano de 2020. Por outro lado, o investimento feito pelo Fundo federal cresceu cerca de 193.87%, no ano de 2023 em compara\u00e7\u00e3o ao primeiro ano do mandato do prefeito.<\/p>\n\n\n\n<p><strong>ANTIGAS DEN\u00daNCIAS<\/strong><\/p>\n\n\n\n<p>Em abril de 2024, Jos\u00e9 Marques dos Reis j\u00e1 havia sido acusado de&nbsp;<a href=\"https:\/\/www.portalalerta.com.br\/index.php\/2024\/04\/22\/em-video-prefeito-de-cipo-ba-e-flagrado-sugerindo-pagar-divida-pessoal-com-bens-publicos\/\" target=\"_blank\" rel=\"noreferrer noopener\">negociar m\u00e1quinas da gest\u00e3o de forma il\u00edcita<\/a>. A den\u00fancia foi feita ap\u00f3s um v\u00eddeo da suposta negocia\u00e7\u00e3o ser divulgado nas redes sociais.&nbsp;<\/p>\n\n\n\n<p>No di\u00e1logo, o gestor diz que algumas m\u00e1quinas n\u00e3o podiam ser negociadas, por terem chips monitorados pela Companhia de Desenvolvimento dos Vales do S\u00e3o Francisco e Parna\u00edba (Codevasf). Em um trecho, o prefeito diz: <strong><em>\u201cessas que est\u00e3o vindo a\u00ed, n\u00e3o tem condi\u00e7\u00f5es porque \u00e9 caso de pol\u00edcia. A\u00ed ele disse que tem umas l\u00e1 para ver se consegue. Se ele conseguir, \u00e9 sem o chip. A\u00ed pode fazer neg\u00f3cio&#8221;, diz Marquinhos do Itapicuru. Ao que o interlocutor pergunta: &#8220;pode vender?&#8221;. \u00b4&#8221;\u00c9&#8221;<\/em><\/strong>, responde, de volta, o prefeito.<\/p>\n\n\n\n<p>Quando procurado pelo Bahia Not\u00edcias, o prefeito negou as acusa\u00e7\u00f5es e afirmou se tratar de uma estrat\u00e9gia de seus rivais pol\u00edticos e que nenhuma ilegalidade foi cometida por ele. <strong><em>&#8220;\u00c9 jogo pol\u00edtico. A pessoa que mandou esse v\u00eddeo ficou me pressionando, tentando me pressionar que tinha esse v\u00eddeo e que se eu n\u00e3o acertasse, que ele iria espalhar&#8221;<\/em><\/strong>, disse o prefeito ao Bahia Not\u00edcias.<\/p>\n\n\n\n<p><em>Fonte: Bahia Not\u00edcias<\/em><\/p>\n","protected":false},"excerpt":{"rendered":"<p>O prefeito do munic\u00edpio de Cip\u00f3, Jos\u00e9 Marques dos Reis (PDT), est\u00e1 sendo acusado de participar de um esquema de desvio de recursos federais do Fundo de Manuten\u00e7\u00e3o e Desenvolvimento da Educa\u00e7\u00e3o B\u00e1sica e de Valoriza\u00e7\u00e3o dos Profissionais da Educa\u00e7\u00e3o (Fundeb).<\/p>\n","protected":false},"author":2,"featured_media":31912,"comment_status":"open","ping_status":"open","sticky":false,"template":"","format":"standard","meta":{"om_disable_all_campaigns":false,"_monsterinsights_skip_tracking":false,"_monsterinsights_sitenote_active":false,"_monsterinsights_sitenote_note":"","_monsterinsights_sitenote_category":0,"footnotes":""},"categories":[13,70,20,69,21,32],"tags":[100,71,48,75,4178,4180,152,140,129,107,4181,132,230,6824,106,203,120,51,198,109,88,47,111,190,80],"class_list":["post-57708","post","type-post","status-publish","format-standard","has-post-thumbnail","hentry","category-cipo","category-destaques","category-educacao","category-noticias2","category-politica","category-regiao","tag-adustina","tag-antas","tag-araci","tag-cicero-dantas","tag-cipo-2","tag-crisopolis-2","tag-denuncia","tag-educacao","tag-euclides-da-cunha","tag-fatima","tag-heliopolis-2","tag-itapicuru","tag-jeremoabo","tag-marquinhos-do-itapicuru","tag-nova-soure","tag-novo-triunfo","tag-olindina","tag-paripiranga","tag-prefeito","tag-quijingue","tag-ribeira-do-amparo","tag-ribeira-do-pombal","tag-sitio-do-quinto","tag-tucano","tag-vereador"],"aioseo_notices":[],"_links":{"self":[{"href":"https:\/\/www.portalalerta.com.br\/index.php\/wp-json\/wp\/v2\/posts\/57708","targetHints":{"allow":["GET"]}}],"collection":[{"href":"https:\/\/www.portalalerta.com.br\/index.php\/wp-json\/wp\/v2\/posts"}],"about":[{"href":"https:\/\/www.portalalerta.com.br\/index.php\/wp-json\/wp\/v2\/types\/post"}],"author":[{"embeddable":true,"href":"https:\/\/www.portalalerta.com.br\/index.php\/wp-json\/wp\/v2\/users\/2"}],"replies":[{"embeddable":true,"href":"https:\/\/www.portalalerta.com.br\/index.php\/wp-json\/wp\/v2\/comments?post=57708"}],"version-history":[{"count":1,"href":"https:\/\/www.portalalerta.com.br\/index.php\/wp-json\/wp\/v2\/posts\/57708\/revisions"}],"predecessor-version":[{"id":57709,"href":"https:\/\/www.portalalerta.com.br\/index.php\/wp-json\/wp\/v2\/posts\/57708\/revisions\/57709"}],"wp:featuredmedia":[{"embeddable":true,"href":"https:\/\/www.portalalerta.com.br\/index.php\/wp-json\/wp\/v2\/media\/31912"}],"wp:attachment":[{"href":"https:\/\/www.portalalerta.com.br\/index.php\/wp-json\/wp\/v2\/media?parent=57708"}],"wp:term":[{"taxonomy":"category","embeddable":true,"href":"https:\/\/www.portalalerta.com.br\/index.php\/wp-json\/wp\/v2\/categories?post=57708"},{"taxonomy":"post_tag","embeddable":true,"href":"https:\/\/www.portalalerta.com.br\/index.php\/wp-json\/wp\/v2\/tags?post=57708"}],"curies":[{"name":"wp","href":"https:\/\/api.w.org\/{rel}","templated":true}]}}