{"id":57741,"date":"2024-06-18T15:17:56","date_gmt":"2024-06-18T18:17:56","guid":{"rendered":"https:\/\/www.portalalerta.com.br\/?p=57741"},"modified":"2024-06-18T15:17:57","modified_gmt":"2024-06-18T18:17:57","slug":"lula-diz-que-presidente-do-banco-central-trabalha-para-prejudicar-o-pais-e-tem-lado-politico","status":"publish","type":"post","link":"https:\/\/www.portalalerta.com.br\/index.php\/2024\/06\/18\/lula-diz-que-presidente-do-banco-central-trabalha-para-prejudicar-o-pais-e-tem-lado-politico\/","title":{"rendered":"Lula diz que presidente do Banco Central trabalha para prejudicar o pa\u00eds e tem lado pol\u00edtico"},"content":{"rendered":"\n<p>Lula disse ainda n\u00e3o haver necessidade da Selic ser mantida no atual patamar e defendeu novos cortes<\/p>\n\n\n\n<!--more-->\n\n\n\n<p>O presidente Luiz In\u00e1cio Lula da Silva (PT) afirmou que o presidente do Banco Central, Roberto Campos Neto, trabalha para prejudicar o pa\u00eds e tem lado pol\u00edtico. Para Lula, que comparou o&nbsp;chefe da autoridade monet\u00e1ria ao ex-juiz e senador S\u00e9rgio Moro (Uni\u00e3o Brasil-PR), Campos Neto tem pretens\u00f5es eleitorais.<\/p>\n\n\n<div class=\"wp-block-image\">\n<figure class=\"alignleft size-full is-resized\"><img fetchpriority=\"high\" decoding=\"async\" src=\"https:\/\/www.portalalerta.com.br\/wp-content\/uploads\/2024\/06\/Real-Sao-Joao-2024.jpg\" alt=\"\" class=\"wp-image-57459\" width=\"405\" height=\"410\" srcset=\"https:\/\/www.portalalerta.com.br\/wp-content\/uploads\/2024\/06\/Real-Sao-Joao-2024.jpg 680w, https:\/\/www.portalalerta.com.br\/wp-content\/uploads\/2024\/06\/Real-Sao-Joao-2024-237x240.jpg 237w\" sizes=\"(max-width: 405px) 100vw, 405px\" \/><\/figure><\/div>\n\n\n<p><strong><em>\u201cS\u00f3 temos uma coisa desajustada neste pa\u00eds: \u00e9 o comportamento do Banco Central. Essa \u00e9 uma coisa desajustada. Um presidente que n\u00e3o demonstra nenhuma capacidade de autonomia, que tem lado pol\u00edtico, e que, na minha opini\u00e3o, trabalha muito mais para prejudicar do que para ajudar o pa\u00eds. N\u00e3o tem explica\u00e7\u00e3o a taxa de juros estar como est\u00e1\u201d<\/em><\/strong>, declarou o presidente em entrevista \u00e0 R\u00e1dio CBN.<\/p>\n\n\n\n<p>Ainda na entrevista, Lula disse n\u00e3o haver necessidade da Selic ser mantida no atual patamar e defendeu novos cortes. <strong><em>\u201cTemos uma situa\u00e7\u00e3o que n\u00e3o necessita essa taxa de juros. Taxa proibitiva no investimento no setor produto. Como voc\u00ea vai convencer um empres\u00e1rio de fazer investimento se ele tem que pagar uma taxa de juro absurda? Ent\u00e3o, \u00e9 preciso baixar a taxa de juro compat\u00edvel com a infla\u00e7\u00e3o. A infla\u00e7\u00e3o est\u00e1 totalmente controlada\u201d<\/em><\/strong>, declarou.<\/p>\n\n\n\n<p>Ao comentar a sucess\u00e3o de Campos Neto, o presidente afirmou que escolher\u00e1 algu\u00e9m compromissado com o desenvolvimento do Brasil, com o controle da infla\u00e7\u00e3o, mas que tamb\u00e9m pense em uma meta de crescimento.&nbsp; complementou.<\/p>\n\n\n\n<p><em>Fonte: Metro1<\/em><\/p>\n","protected":false},"excerpt":{"rendered":"<p>Lula disse ainda n\u00e3o haver necessidade da Selic ser mantida no atual patamar e defendeu novos cortes<\/p>\n","protected":false},"author":2,"featured_media":16868,"comment_status":"open","ping_status":"open","sticky":false,"template":"","format":"standard","meta":{"om_disable_all_campaigns":false,"_monsterinsights_skip_tracking":false,"_monsterinsights_sitenote_active":false,"_monsterinsights_sitenote_note":"","_monsterinsights_sitenote_category":0,"footnotes":""},"categories":[34,70,69,21],"tags":[100,71,48,1486,93,75,4178,4180,129,107,4181,132,230,303,106,203,120,51,1152,109,88,47,111,190],"class_list":["post-57741","post","type-post","status-publish","format-standard","has-post-thumbnail","hentry","category-brasil","category-destaques","category-noticias2","category-politica","tag-adustina","tag-antas","tag-araci","tag-banco-central","tag-brasil","tag-cicero-dantas","tag-cipo-2","tag-crisopolis-2","tag-euclides-da-cunha","tag-fatima","tag-heliopolis-2","tag-itapicuru","tag-jeremoabo","tag-lula","tag-nova-soure","tag-novo-triunfo","tag-olindina","tag-paripiranga","tag-presidente-da-republica","tag-quijingue","tag-ribeira-do-amparo","tag-ribeira-do-pombal","tag-sitio-do-quinto","tag-tucano"],"aioseo_notices":[],"_links":{"self":[{"href":"https:\/\/www.portalalerta.com.br\/index.php\/wp-json\/wp\/v2\/posts\/57741","targetHints":{"allow":["GET"]}}],"collection":[{"href":"https:\/\/www.portalalerta.com.br\/index.php\/wp-json\/wp\/v2\/posts"}],"about":[{"href":"https:\/\/www.portalalerta.com.br\/index.php\/wp-json\/wp\/v2\/types\/post"}],"author":[{"embeddable":true,"href":"https:\/\/www.portalalerta.com.br\/index.php\/wp-json\/wp\/v2\/users\/2"}],"replies":[{"embeddable":true,"href":"https:\/\/www.portalalerta.com.br\/index.php\/wp-json\/wp\/v2\/comments?post=57741"}],"version-history":[{"count":1,"href":"https:\/\/www.portalalerta.com.br\/index.php\/wp-json\/wp\/v2\/posts\/57741\/revisions"}],"predecessor-version":[{"id":57743,"href":"https:\/\/www.portalalerta.com.br\/index.php\/wp-json\/wp\/v2\/posts\/57741\/revisions\/57743"}],"wp:featuredmedia":[{"embeddable":true,"href":"https:\/\/www.portalalerta.com.br\/index.php\/wp-json\/wp\/v2\/media\/16868"}],"wp:attachment":[{"href":"https:\/\/www.portalalerta.com.br\/index.php\/wp-json\/wp\/v2\/media?parent=57741"}],"wp:term":[{"taxonomy":"category","embeddable":true,"href":"https:\/\/www.portalalerta.com.br\/index.php\/wp-json\/wp\/v2\/categories?post=57741"},{"taxonomy":"post_tag","embeddable":true,"href":"https:\/\/www.portalalerta.com.br\/index.php\/wp-json\/wp\/v2\/tags?post=57741"}],"curies":[{"name":"wp","href":"https:\/\/api.w.org\/{rel}","templated":true}]}}