{"id":57926,"date":"2024-06-22T22:42:24","date_gmt":"2024-06-23T01:42:24","guid":{"rendered":"https:\/\/www.portalalerta.com.br\/?p=57926"},"modified":"2024-06-22T23:49:01","modified_gmt":"2024-06-23T02:49:01","slug":"sao-joao-da-natuba-promete-ser-o-melhor-de-todos-os-tempos","status":"publish","type":"post","link":"https:\/\/www.portalalerta.com.br\/index.php\/2024\/06\/22\/sao-joao-da-natuba-promete-ser-o-melhor-de-todos-os-tempos\/","title":{"rendered":"S\u00e3o Jo\u00e3o da Natuba promete ser o melhor de todos os tempos"},"content":{"rendered":"\n<p>Na \u00faltima sexta-feira (21), o munic\u00edpio de Nova Soure-BA abriu o principal festejo junino da cidade, e como se esperava, j\u00e1 est\u00e1 sendo considerado o melhor S\u00e3o Jo\u00e3o de todos os tempos.<\/p>\n\n\n\n<!--more-->\n\n\n\n<p>No palco, <strong>Gatinha Manhosa, Victor Matos, Eric Land e Iguinho e Lulinha,<\/strong> foram respons\u00e1veis por embalar o p\u00fablico, ao som de grandes sucessos, tanto com can\u00e7\u00f5es do passado, quanto com os sucessos atuais.<\/p>\n\n\n<div class=\"wp-block-image\">\n<figure class=\"alignleft size-large is-resized\"><img fetchpriority=\"high\" decoding=\"async\" src=\"https:\/\/www.portalalerta.com.br\/wp-content\/uploads\/2024\/04\/Sabino-Tijolo-576x1024.jpg\" alt=\"\" class=\"wp-image-56164\" width=\"417\" height=\"741\" srcset=\"https:\/\/www.portalalerta.com.br\/wp-content\/uploads\/2024\/04\/Sabino-Tijolo-576x1024.jpg 576w, https:\/\/www.portalalerta.com.br\/wp-content\/uploads\/2024\/04\/Sabino-Tijolo-135x240.jpg 135w, https:\/\/www.portalalerta.com.br\/wp-content\/uploads\/2024\/04\/Sabino-Tijolo.jpg 591w\" sizes=\"(max-width: 417px) 100vw, 417px\" \/><\/figure><\/div>\n\n\n<p>O p\u00fablico foi outro diferencial: A pra\u00e7a da Apoteose do Forr\u00f3, no centro da cidade, estava lotada de Novasourenses e de moradores de cidades vizinhas, lota\u00e7\u00e3o que permaneceu at\u00e9 a \u00faltima apresenta\u00e7\u00e3o. J\u00e1 era quase 5h30 de s\u00e1bado (22), quando Iguinho e Lulinha se apresentaram para um p\u00fablico gigantesco de f\u00e3s.<\/p>\n\n\n\n<p>E a festa ainda continua. Neste s\u00e1bado ir\u00e3o passar pelo palco do Arrai\u00e1 da Natuba: <strong>Quarteto do Forr\u00f3, Fl\u00e1vio Leandro, Cavalo de Pau e Heitor Costa<\/strong>. <strong>Mari e Raiane, Fernandinho, Cavaleiros do Forr\u00f3, e Luan Estilizado<\/strong>, encerrar\u00e3o o S\u00e3o Jo\u00e3o no domingo (23).<\/p>\n\n\n\n<p><strong>N\u00e3o acabou!<\/strong><\/p>\n\n\n\n<p>A festa ainda continua. Ap\u00f3s o S\u00e3o Jo\u00e3o da Natuba, o munic\u00edpio ainda manter\u00e1 as tradicionais festas nas comunidades, com o seguinte cronograma:<\/p>\n\n\n\n<p><strong><u>28\/06 \u2013 Bela Vista<\/u><\/strong><\/p>\n\n\n\n<p>Tops da Balada<\/p>\n\n\n\n<p>David Brasil<\/p>\n\n\n\n<p>Marcelo Brito<\/p>\n\n\n\n<p><strong><u>29\/06 \u2013 Raso<\/u><\/strong><\/p>\n\n\n\n<p>Edson Santana<\/p>\n\n\n\n<p>Dica e Banda<\/p>\n\n\n\n<p>Devinho Novaes<\/p>\n\n\n\n<p><strong><u>13\/07 \u2013 Santana<\/u><\/strong><\/p>\n\n\n\n<p>Fernandinho Estilizado<\/p>\n\n\n\n<p>La\u00e9rcio Farra Top N\u00ba 10<\/p>\n\n\n\n<p>Os festejos juninos de Nova Soure \u00e9 uma iniciativa da Prefeitura Municipal, e conta com o apoio do Governo da Bahia, bem como da SUFOTUR. <\/p>\n\n\n\n<p><em>Reda\u00e7\u00e3o: Portal Alerta<\/em><\/p>\n\n\n\n<p><em>Foto Capa: Pombal FM <\/em><\/p>\n","protected":false},"excerpt":{"rendered":"<p>Na \u00faltima sexta-feira (21), o munic\u00edpio de Nova Soure-BA abriu o principal festejo junino da cidade, e como se esperava, j\u00e1 est\u00e1 sendo considerado o melhor S\u00e3o Jo\u00e3o de todos os tempos.<\/p>\n","protected":false},"author":2,"featured_media":57927,"comment_status":"open","ping_status":"open","sticky":false,"template":"","format":"standard","meta":{"om_disable_all_campaigns":false,"_monsterinsights_skip_tracking":false,"_monsterinsights_sitenote_active":false,"_monsterinsights_sitenote_note":"","_monsterinsights_sitenote_category":0,"footnotes":""},"categories":[70,36,69,14,32],"tags":[],"class_list":["post-57926","post","type-post","status-publish","format-standard","has-post-thumbnail","hentry","category-destaques","category-lazer","category-noticias2","category-nova-soure","category-regiao"],"aioseo_notices":[],"_links":{"self":[{"href":"https:\/\/www.portalalerta.com.br\/index.php\/wp-json\/wp\/v2\/posts\/57926","targetHints":{"allow":["GET"]}}],"collection":[{"href":"https:\/\/www.portalalerta.com.br\/index.php\/wp-json\/wp\/v2\/posts"}],"about":[{"href":"https:\/\/www.portalalerta.com.br\/index.php\/wp-json\/wp\/v2\/types\/post"}],"author":[{"embeddable":true,"href":"https:\/\/www.portalalerta.com.br\/index.php\/wp-json\/wp\/v2\/users\/2"}],"replies":[{"embeddable":true,"href":"https:\/\/www.portalalerta.com.br\/index.php\/wp-json\/wp\/v2\/comments?post=57926"}],"version-history":[{"count":2,"href":"https:\/\/www.portalalerta.com.br\/index.php\/wp-json\/wp\/v2\/posts\/57926\/revisions"}],"predecessor-version":[{"id":57944,"href":"https:\/\/www.portalalerta.com.br\/index.php\/wp-json\/wp\/v2\/posts\/57926\/revisions\/57944"}],"wp:featuredmedia":[{"embeddable":true,"href":"https:\/\/www.portalalerta.com.br\/index.php\/wp-json\/wp\/v2\/media\/57927"}],"wp:attachment":[{"href":"https:\/\/www.portalalerta.com.br\/index.php\/wp-json\/wp\/v2\/media?parent=57926"}],"wp:term":[{"taxonomy":"category","embeddable":true,"href":"https:\/\/www.portalalerta.com.br\/index.php\/wp-json\/wp\/v2\/categories?post=57926"},{"taxonomy":"post_tag","embeddable":true,"href":"https:\/\/www.portalalerta.com.br\/index.php\/wp-json\/wp\/v2\/tags?post=57926"}],"curies":[{"name":"wp","href":"https:\/\/api.w.org\/{rel}","templated":true}]}}