{"id":57959,"date":"2024-06-24T07:00:00","date_gmt":"2024-06-24T10:00:00","guid":{"rendered":"https:\/\/www.portalalerta.com.br\/?p=57959"},"modified":"2024-06-23T21:15:26","modified_gmt":"2024-06-24T00:15:26","slug":"russia-culpa-eua-por-ataque-ucraniano-na-crimeia-e-promete-resposta","status":"publish","type":"post","link":"https:\/\/www.portalalerta.com.br\/index.php\/2024\/06\/24\/russia-culpa-eua-por-ataque-ucraniano-na-crimeia-e-promete-resposta\/","title":{"rendered":"R\u00fassia culpa EUA por ataque ucraniano na Crimeia e promete resposta"},"content":{"rendered":"\n<p>Minist\u00e9rio russo diz que especialistas americanos definiram as coordenadas de voo dos m\u00edsses<\/p>\n\n\n\n<!--more-->\n\n\n\n<p>A R\u00fassia culpou os Estados Unidos de estarem por tr\u00e1s do que disseram ter sido um\u00a0ataque ucraniano com m\u00edsseis americanos na Crimeia.<\/p>\n\n\n\n<p>A a\u00e7\u00e3o matou ao menos cinco pessoas, incluindo tr\u00eas crian\u00e7as, e feriram mais 124, ainda segundo autoridades russas.<\/p>\n\n\n<div class=\"wp-block-image\">\n<figure class=\"alignleft size-full is-resized\"><img fetchpriority=\"high\" decoding=\"async\" src=\"https:\/\/www.portalalerta.com.br\/wp-content\/uploads\/2024\/06\/Real-Sao-Joao-2024.jpg\" alt=\"\" class=\"wp-image-57459\" width=\"344\" height=\"349\" srcset=\"https:\/\/www.portalalerta.com.br\/wp-content\/uploads\/2024\/06\/Real-Sao-Joao-2024.jpg 680w, https:\/\/www.portalalerta.com.br\/wp-content\/uploads\/2024\/06\/Real-Sao-Joao-2024-237x240.jpg 237w\" sizes=\"(max-width: 344px) 100vw, 344px\" \/><\/figure><\/div>\n\n\n<p>O Minist\u00e9rio de Defesa da R\u00fassia alegou que especialistas dos EUA definiram\u00a0as coordenadas de voo dos m\u00edsseis\u00a0com base em informa\u00e7\u00f5es de sat\u00e9lites espi\u00f5es americanos, o que significa que o pa\u00eds diretamente respons\u00e1vel no ataque.<\/p>\n\n\n\n<p><strong><em>\u201cA responsabilidade pelo ataque deliberado de m\u00edsseis aos civis de Sebastopol recai acima de tudo em Washington, que forneceu essas armas \u00e0 Ucr\u00e2nia, e pelo regime de Kiev, de cujo territ\u00f3rio esse ataque foi realizado\u201d<\/em><\/strong>, disse o minist\u00e9rio.<\/p>\n\n\n\n<p>Nem a Ucr\u00e2nia, nem os Estados Unidos comentaram sobre o ataque.<\/p>\n\n\n\n<p><strong>R\u00fassia promete resposta<\/strong><\/p>\n\n\n\n<p>A R\u00fassia prometeu resposta ao ataque deste domingo, disse o Minist\u00e9rio da Defesa, sem dar mais detalhes. O Kremlin ressaltou que o presidente Vladimir Putin est\u00e1 <strong><em>\u201cem contato constante com os militares\u201d<\/em><\/strong> desde a ofensiva a Sebastopol.<\/p>\n\n\n\n<p>A R\u00fassia anexou a Crimeia em 2014 e agora v\u00ea a pen\u00ednsula do Mar Negro como parte integrante de seu territ\u00f3rio, embora a maior parte do mundo ainda a considere parte da Ucr\u00e2nia.<\/p>\n\n\n\n<p><em>Fonte: CNN<\/em><\/p>\n","protected":false},"excerpt":{"rendered":"<p>Minist\u00e9rio russo diz que especialistas americanos definiram as coordenadas de voo dos m\u00edsses<\/p>\n","protected":false},"author":2,"featured_media":57960,"comment_status":"open","ping_status":"open","sticky":false,"template":"","format":"standard","meta":{"om_disable_all_campaigns":false,"_monsterinsights_skip_tracking":false,"_monsterinsights_sitenote_active":false,"_monsterinsights_sitenote_note":"","_monsterinsights_sitenote_category":0,"footnotes":""},"categories":[70,35,69,21],"tags":[100,71,48,75,4178,4180,327,129,107,835,4181,132,230,339,106,203,120,51,109,88,47,826,111,190,3331],"class_list":["post-57959","post","type-post","status-publish","format-standard","has-post-thumbnail","hentry","category-destaques","category-mundo","category-noticias2","category-politica","tag-adustina","tag-antas","tag-araci","tag-cicero-dantas","tag-cipo-2","tag-crisopolis-2","tag-eua","tag-euclides-da-cunha","tag-fatima","tag-guerra","tag-heliopolis-2","tag-itapicuru","tag-jeremoabo","tag-mundo","tag-nova-soure","tag-novo-triunfo","tag-olindina","tag-paripiranga","tag-quijingue","tag-ribeira-do-amparo","tag-ribeira-do-pombal","tag-russia","tag-sitio-do-quinto","tag-tucano","tag-ucrania"],"aioseo_notices":[],"_links":{"self":[{"href":"https:\/\/www.portalalerta.com.br\/index.php\/wp-json\/wp\/v2\/posts\/57959","targetHints":{"allow":["GET"]}}],"collection":[{"href":"https:\/\/www.portalalerta.com.br\/index.php\/wp-json\/wp\/v2\/posts"}],"about":[{"href":"https:\/\/www.portalalerta.com.br\/index.php\/wp-json\/wp\/v2\/types\/post"}],"author":[{"embeddable":true,"href":"https:\/\/www.portalalerta.com.br\/index.php\/wp-json\/wp\/v2\/users\/2"}],"replies":[{"embeddable":true,"href":"https:\/\/www.portalalerta.com.br\/index.php\/wp-json\/wp\/v2\/comments?post=57959"}],"version-history":[{"count":1,"href":"https:\/\/www.portalalerta.com.br\/index.php\/wp-json\/wp\/v2\/posts\/57959\/revisions"}],"predecessor-version":[{"id":57961,"href":"https:\/\/www.portalalerta.com.br\/index.php\/wp-json\/wp\/v2\/posts\/57959\/revisions\/57961"}],"wp:featuredmedia":[{"embeddable":true,"href":"https:\/\/www.portalalerta.com.br\/index.php\/wp-json\/wp\/v2\/media\/57960"}],"wp:attachment":[{"href":"https:\/\/www.portalalerta.com.br\/index.php\/wp-json\/wp\/v2\/media?parent=57959"}],"wp:term":[{"taxonomy":"category","embeddable":true,"href":"https:\/\/www.portalalerta.com.br\/index.php\/wp-json\/wp\/v2\/categories?post=57959"},{"taxonomy":"post_tag","embeddable":true,"href":"https:\/\/www.portalalerta.com.br\/index.php\/wp-json\/wp\/v2\/tags?post=57959"}],"curies":[{"name":"wp","href":"https:\/\/api.w.org\/{rel}","templated":true}]}}