{"id":57966,"date":"2024-06-24T07:02:00","date_gmt":"2024-06-24T10:02:00","guid":{"rendered":"https:\/\/www.portalalerta.com.br\/?p=57966"},"modified":"2024-06-23T21:28:03","modified_gmt":"2024-06-24T00:28:03","slug":"rei-da-seresta-e-solto-no-mesmo-dia-e-volta-a-fazer-show-no-sao-joao","status":"publish","type":"post","link":"https:\/\/www.portalalerta.com.br\/index.php\/2024\/06\/24\/rei-da-seresta-e-solto-no-mesmo-dia-e-volta-a-fazer-show-no-sao-joao\/","title":{"rendered":"&#8220;Rei da Seresta&#8221; \u00e9 solto no mesmo dia e volta a fazer show no S\u00e3o Jo\u00e3o"},"content":{"rendered":"\n<p><strong>Silfarley Silva Neres, de 32 anos, foi preso ap\u00f3s terminar um show de S\u00e3o Jo\u00e3o, na cidade de Barra do Cho\u00e7a<\/strong><\/p>\n\n\n\n<!--more-->\n\n\n\n<p>O cantor Silfarley Silva Neres, de 32 anos, conhecido como &#8220;Rei da Seresta&#8221;, foi solto na noite do \u00faltimo s\u00e1bado (22), mesmo dia em que foi\u00a0preso\u00a0ap\u00f3s terminar um show de S\u00e3o Jo\u00e3o, na cidade de Barra do Cho\u00e7a, no sudoeste da Bahia.<\/p>\n\n\n<div class=\"wp-block-image\">\n<figure class=\"alignleft size-large is-resized\"><img fetchpriority=\"high\" decoding=\"async\" src=\"https:\/\/www.portalalerta.com.br\/wp-content\/uploads\/2024\/04\/autoescola-emprego-1024x1024.jpg\" alt=\"\" class=\"wp-image-55693\" width=\"408\" height=\"408\" srcset=\"https:\/\/www.portalalerta.com.br\/wp-content\/uploads\/2024\/04\/autoescola-emprego-1024x1024.jpg 1024w, https:\/\/www.portalalerta.com.br\/wp-content\/uploads\/2024\/04\/autoescola-emprego-240x240.jpg 240w, https:\/\/www.portalalerta.com.br\/wp-content\/uploads\/2024\/04\/autoescola-emprego-768x768.jpg 768w, https:\/\/www.portalalerta.com.br\/wp-content\/uploads\/2024\/04\/autoescola-emprego.jpg 1080w\" sizes=\"(max-width: 408px) 100vw, 408px\" \/><\/figure><\/div>\n\n\n<p>Durante a noite, o cantor publicou nas redes sociais informando ao p\u00fablico que estaria em Brej\u00f5es, a cerca 280 km de Salvador, para realizar o show que tinha agendado. Horas depois, Silfarley voltou a colocar um post j\u00e1 sendo recebido pelos f\u00e3s na cidade. Ele, no entanto, n\u00e3o comentou nada sobre pris\u00e3o nas redes sociais.<\/p>\n\n\n\n<p>A Pol\u00edcia Civil informou por meio de nota que o cantor est\u00e1 \u00e0 disposi\u00e7\u00e3o do Poder Judici\u00e1rio. Ainda de acordo com a Pol\u00edcia Civil, ele tinha um mandado de pris\u00e3o preventiva por estelionato e falsifica\u00e7\u00e3o de documento.<\/p>\n\n\n\n<p>Em 2022, o m\u00fasico foi autuado em flagrante pelos crimes de estelionato, uso de documento falso e associa\u00e7\u00e3o criminosa, ap\u00f3s ser conduzido por policiais militares \u00e0 delegacia de Camacan. Na ocasi\u00e3o, ele foi preso por suspeita de participa\u00e7\u00e3o em um empr\u00e9stimo feito de forma fraudulenta junto a uma institui\u00e7\u00e3o financeira. Na \u00e9poca, ele foi condenado a 4 anos e 6 meses de pris\u00e3o, em regime semiaberto.<\/p>\n\n\n\n<p><em>Fonte: A Tarde<\/em><\/p>\n","protected":false},"excerpt":{"rendered":"<p>Silfarley Silva Neres, de 32 anos, foi preso ap\u00f3s terminar um show de S\u00e3o Jo\u00e3o, na cidade de Barra do Cho\u00e7a<\/p>\n","protected":false},"author":2,"featured_media":57968,"comment_status":"open","ping_status":"open","sticky":false,"template":"","format":"standard","meta":{"om_disable_all_campaigns":false,"_monsterinsights_skip_tracking":false,"_monsterinsights_sitenote_active":false,"_monsterinsights_sitenote_note":"","_monsterinsights_sitenote_category":0,"footnotes":""},"categories":[33,70,36,69,22],"tags":[100,71,48,75,4178,4180,892,129,7076,107,4181,132,230,218,488,106,203,120,51,122,77,109,88,47,4119,7075,111,190],"class_list":["post-57966","post","type-post","status-publish","format-standard","has-post-thumbnail","hentry","category-bahia","category-destaques","category-lazer","category-noticias2","category-seguranca","tag-adustina","tag-antas","tag-araci","tag-cicero-dantas","tag-cipo-2","tag-crisopolis-2","tag-estelionato","tag-euclides-da-cunha","tag-falsificacao-de-documentos","tag-fatima","tag-heliopolis-2","tag-itapicuru","tag-jeremoabo","tag-liberdade","tag-mandado-de-prisao","tag-nova-soure","tag-novo-triunfo","tag-olindina","tag-paripiranga","tag-policia-civil","tag-preso","tag-quijingue","tag-ribeira-do-amparo","tag-ribeira-do-pombal","tag-shows","tag-silfarley-neres","tag-sitio-do-quinto","tag-tucano"],"aioseo_notices":[],"_links":{"self":[{"href":"https:\/\/www.portalalerta.com.br\/index.php\/wp-json\/wp\/v2\/posts\/57966","targetHints":{"allow":["GET"]}}],"collection":[{"href":"https:\/\/www.portalalerta.com.br\/index.php\/wp-json\/wp\/v2\/posts"}],"about":[{"href":"https:\/\/www.portalalerta.com.br\/index.php\/wp-json\/wp\/v2\/types\/post"}],"author":[{"embeddable":true,"href":"https:\/\/www.portalalerta.com.br\/index.php\/wp-json\/wp\/v2\/users\/2"}],"replies":[{"embeddable":true,"href":"https:\/\/www.portalalerta.com.br\/index.php\/wp-json\/wp\/v2\/comments?post=57966"}],"version-history":[{"count":2,"href":"https:\/\/www.portalalerta.com.br\/index.php\/wp-json\/wp\/v2\/posts\/57966\/revisions"}],"predecessor-version":[{"id":57981,"href":"https:\/\/www.portalalerta.com.br\/index.php\/wp-json\/wp\/v2\/posts\/57966\/revisions\/57981"}],"wp:featuredmedia":[{"embeddable":true,"href":"https:\/\/www.portalalerta.com.br\/index.php\/wp-json\/wp\/v2\/media\/57968"}],"wp:attachment":[{"href":"https:\/\/www.portalalerta.com.br\/index.php\/wp-json\/wp\/v2\/media?parent=57966"}],"wp:term":[{"taxonomy":"category","embeddable":true,"href":"https:\/\/www.portalalerta.com.br\/index.php\/wp-json\/wp\/v2\/categories?post=57966"},{"taxonomy":"post_tag","embeddable":true,"href":"https:\/\/www.portalalerta.com.br\/index.php\/wp-json\/wp\/v2\/tags?post=57966"}],"curies":[{"name":"wp","href":"https:\/\/api.w.org\/{rel}","templated":true}]}}