{"id":57997,"date":"2024-06-24T13:34:57","date_gmt":"2024-06-24T16:34:57","guid":{"rendered":"https:\/\/www.portalalerta.com.br\/?p=57997"},"modified":"2024-06-24T13:34:58","modified_gmt":"2024-06-24T16:34:58","slug":"suspeita-de-sequestro-de-marcelinho-carioca-e-presa-em-condominio-luxuoso","status":"publish","type":"post","link":"https:\/\/www.portalalerta.com.br\/index.php\/2024\/06\/24\/suspeita-de-sequestro-de-marcelinho-carioca-e-presa-em-condominio-luxuoso\/","title":{"rendered":"Suspeita de sequestro de Marcelinho Carioca \u00e9 presa em condom\u00ednio luxuoso"},"content":{"rendered":"\n<p><a href=\"https:\/\/www.bnews.com.br\/noticias\/esporte\/justica-marca-julgamento-de-reus-por-sequestro-de-marcelinho-carioca.html\"><strong>Acusada de integrar a quadrilha que sequestrou o ex-jogador Marcelinho Carioca<\/strong><\/a>, em dezembro de 2023, em S\u00e3o Paulo, uma mulher foi presa em flagrante nesta sexta-feira (21). A suspeita estava em um condom\u00ednio de luxo na cidade de Igarat\u00e1. Policiais da Civil encontraram a mulher em uma casa usada para aplica\u00e7\u00e3o de golpes contra bancos.<\/p>\n\n\n\n<!--more-->\n\n\n<div class=\"wp-block-image\">\n<figure class=\"alignleft size-full is-resized\"><img fetchpriority=\"high\" decoding=\"async\" src=\"https:\/\/www.portalalerta.com.br\/wp-content\/uploads\/2024\/06\/Real-Sao-Joao-2024.jpg\" alt=\"\" class=\"wp-image-57459\" width=\"435\" height=\"441\" srcset=\"https:\/\/www.portalalerta.com.br\/wp-content\/uploads\/2024\/06\/Real-Sao-Joao-2024.jpg 680w, https:\/\/www.portalalerta.com.br\/wp-content\/uploads\/2024\/06\/Real-Sao-Joao-2024-237x240.jpg 237w\" sizes=\"(max-width: 435px) 100vw, 435px\" \/><\/figure><\/div>\n\n\n<p>Identificada como Eliane Lopes de Amorim,&nbsp;<a href=\"https:\/\/www.bnews.com.br\/noticias\/esporte\/idolo-do-corinthians-marcelinho-carioca-e-sequestrado-em-sao-paulo.html\"><strong>a mulher \u00e9 acusada de receber o dinheiro do crime contra o \u00eddolo do Corinthians<\/strong><\/a>, segundo o Departamento Estadual de Investiga\u00e7\u00f5es Criminais (Deic). A Justi\u00e7a concedeu a pris\u00e3o domiciliar para ela pelo fato de ser m\u00e3e solo de crian\u00e7as com menos de 12 anos, em janeiro deste ano.<\/p>\n\n\n\n<p>Ap\u00f3s desconfiarem que a casa era usada por criminosos, policiais montaram uma campana. Ao entrarem no im\u00f3vel, eles abordaram os suspeitos. Conforme divulgado pela Secretaria da Seguran\u00e7a P\u00fablica, parte do grupo tentou fugir. No fim, outros 11 suspeitos de participar da quadrilha tamb\u00e9m foram detidos no local.<\/p>\n\n\n\n<p><em>Fonte: Boc\u00e3o News<\/em><\/p>\n","protected":false},"excerpt":{"rendered":"<p>Acusada de integrar a quadrilha que sequestrou o ex-jogador Marcelinho Carioca, em dezembro de 2023, em S\u00e3o Paulo, uma mulher foi presa em flagrante nesta sexta-feira (21). A suspeita estava em um condom\u00ednio de luxo na cidade de Igarat\u00e1. Policiais da Civil encontraram a mulher em uma casa usada para aplica\u00e7\u00e3o de golpes contra bancos.<\/p>\n","protected":false},"author":2,"featured_media":57994,"comment_status":"open","ping_status":"open","sticky":false,"template":"","format":"standard","meta":{"om_disable_all_campaigns":false,"_monsterinsights_skip_tracking":false,"_monsterinsights_sitenote_active":false,"_monsterinsights_sitenote_note":"","_monsterinsights_sitenote_category":0,"footnotes":""},"categories":[34,70,69,22],"tags":[100,71,48,93,75,4178,4180,129,107,4181,132,230,6528,106,203,120,51,84,109,88,47,7077,136,111,190],"class_list":["post-57997","post","type-post","status-publish","format-standard","has-post-thumbnail","hentry","category-brasil","category-destaques","category-noticias2","category-seguranca","tag-adustina","tag-antas","tag-araci","tag-brasil","tag-cicero-dantas","tag-cipo-2","tag-crisopolis-2","tag-euclides-da-cunha","tag-fatima","tag-heliopolis-2","tag-itapicuru","tag-jeremoabo","tag-marcelinho-carioca","tag-nova-soure","tag-novo-triunfo","tag-olindina","tag-paripiranga","tag-presa","tag-quijingue","tag-ribeira-do-amparo","tag-ribeira-do-pombal","tag-sequestradora","tag-sequestro","tag-sitio-do-quinto","tag-tucano"],"aioseo_notices":[],"_links":{"self":[{"href":"https:\/\/www.portalalerta.com.br\/index.php\/wp-json\/wp\/v2\/posts\/57997","targetHints":{"allow":["GET"]}}],"collection":[{"href":"https:\/\/www.portalalerta.com.br\/index.php\/wp-json\/wp\/v2\/posts"}],"about":[{"href":"https:\/\/www.portalalerta.com.br\/index.php\/wp-json\/wp\/v2\/types\/post"}],"author":[{"embeddable":true,"href":"https:\/\/www.portalalerta.com.br\/index.php\/wp-json\/wp\/v2\/users\/2"}],"replies":[{"embeddable":true,"href":"https:\/\/www.portalalerta.com.br\/index.php\/wp-json\/wp\/v2\/comments?post=57997"}],"version-history":[{"count":1,"href":"https:\/\/www.portalalerta.com.br\/index.php\/wp-json\/wp\/v2\/posts\/57997\/revisions"}],"predecessor-version":[{"id":57998,"href":"https:\/\/www.portalalerta.com.br\/index.php\/wp-json\/wp\/v2\/posts\/57997\/revisions\/57998"}],"wp:featuredmedia":[{"embeddable":true,"href":"https:\/\/www.portalalerta.com.br\/index.php\/wp-json\/wp\/v2\/media\/57994"}],"wp:attachment":[{"href":"https:\/\/www.portalalerta.com.br\/index.php\/wp-json\/wp\/v2\/media?parent=57997"}],"wp:term":[{"taxonomy":"category","embeddable":true,"href":"https:\/\/www.portalalerta.com.br\/index.php\/wp-json\/wp\/v2\/categories?post=57997"},{"taxonomy":"post_tag","embeddable":true,"href":"https:\/\/www.portalalerta.com.br\/index.php\/wp-json\/wp\/v2\/tags?post=57997"}],"curies":[{"name":"wp","href":"https:\/\/api.w.org\/{rel}","templated":true}]}}