{"id":57999,"date":"2024-06-24T13:38:07","date_gmt":"2024-06-24T16:38:07","guid":{"rendered":"https:\/\/www.portalalerta.com.br\/?p=57999"},"modified":"2024-06-24T13:38:09","modified_gmt":"2024-06-24T16:38:09","slug":"pf-tem-que-explicar-suposta-ligacao-com-hamas-diz-advogado-de-suspeito-retido-no-aeroporto-de-guarulhos","status":"publish","type":"post","link":"https:\/\/www.portalalerta.com.br\/index.php\/2024\/06\/24\/pf-tem-que-explicar-suposta-ligacao-com-hamas-diz-advogado-de-suspeito-retido-no-aeroporto-de-guarulhos\/","title":{"rendered":"PF tem que explicar suposta liga\u00e7\u00e3o com Hamas, diz advogado de suspeito retido no aeroporto de Guarulhos"},"content":{"rendered":"\n<p>Palestino acompanhado por tr\u00eas familiares desembarcou em S\u00e3o Paulo na \u00faltima sexta-feira (21) e foi impedido de entrar no pa\u00eds<\/p>\n\n\n\n<!--more-->\n\n\n\n<p>O advogado que representa um cidad\u00e3o palestino e tr\u00eas familiares retidos no aeroporto de Guarulhos aguarda que a Pol\u00edcia Federal (PF) informe por quais raz\u00f5es a fam\u00edlia foi impedida de entrar no Brasil.<\/p>\n\n\n\n<p>Segundo apura\u00e7\u00e3o da&nbsp;<strong>CNN<\/strong>, os agentes brasileiros afirmam que&nbsp;<a href=\"https:\/\/www.cnnbrasil.com.br\/politica\/pf-retem-suspeito-de-integrar-hamas-em-guarulhos-defesa-nega-ligacao\/\" target=\"_blank\" rel=\"noreferrer noopener\">h\u00e1 a suspeita de que o homem de 37 anos integre o alto escal\u00e3o do Hamas<\/a>&nbsp;\u2014 grupo que promoveu os ataques terroristas em 7 de outubro contra Israel.<\/p>\n\n\n\n<p>Em entrevista \u00e0&nbsp;<strong>CNN<\/strong>, o advogado Bruno Henrique de Moura, que representa o palestino, disse que ficou sabendo pela m\u00eddia sobre suposto envolvimento de seu cliente com o Hamas.<\/p>\n\n\n\n<p><strong><em>\u201cA Pol\u00edcia Federal pode at\u00e9 achar que algu\u00e9m que tem alguma liga\u00e7\u00e3o com o Hamas n\u00e3o \u00e9 bem-vindo no Brasil, agora ela tem que falar que ela est\u00e1 acusando aquela pessoa de ter essa liga\u00e7\u00e3o e que essa liga\u00e7\u00e3o n\u00e3o \u00e9 meramente filos\u00f3fica. A pessoa pode compartilhar ideais e ser contr\u00e1rio, por exemplo, ao que est\u00e1 acontecendo na Faixa de Gaza\u201d<\/em><\/strong>, afirmou.<\/p>\n\n\n\n<p>Muslim M. A Abuumar, acompanhado da mulher \u2013gr\u00e1vida de 7 meses\u2013, um filho de 6 anos e a sogra, de 69 anos, desembarcou em S\u00e3o Paulo na tarde de sexta-feira (21).<\/p>\n\n\n\n<p>De acordo com o pedido feito \u00e0 Justi\u00e7a pelo advogado questionando a decis\u00e3o, o homem foi abordado por agentes da PF ainda na porta do avi\u00e3o e foi levado a interrogat\u00f3rio.<\/p>\n\n\n<div class=\"wp-block-image\">\n<figure class=\"alignleft size-large is-resized\"><img fetchpriority=\"high\" decoding=\"async\" src=\"https:\/\/www.portalalerta.com.br\/wp-content\/uploads\/2024\/04\/Sabino-Tijolo-576x1024.jpg\" alt=\"\" class=\"wp-image-56164\" width=\"409\" height=\"727\" srcset=\"https:\/\/www.portalalerta.com.br\/wp-content\/uploads\/2024\/04\/Sabino-Tijolo-576x1024.jpg 576w, https:\/\/www.portalalerta.com.br\/wp-content\/uploads\/2024\/04\/Sabino-Tijolo-135x240.jpg 135w, https:\/\/www.portalalerta.com.br\/wp-content\/uploads\/2024\/04\/Sabino-Tijolo.jpg 591w\" sizes=\"(max-width: 409px) 100vw, 409px\" \/><\/figure><\/div>\n\n\n<p>Sem acompanhamento de advogado ou tradutor, Muslim teria respondido a questionamentos que buscavam saber sua percep\u00e7\u00e3o sobre o estado da Palestina e o que est\u00e1 acontecendo na regi\u00e3o, relatou Moura.<\/p>\n\n\n\n<p>Depois, o palestino foi informado que n\u00e3o poderia entrar no pa\u00eds. De acordo com o advogado, a minuta do termo de impedimento n\u00e3o esclarece as raz\u00f5es pela quais foi tomada a decis\u00e3o.<\/p>\n\n\n\n<p><strong><em>\u201cA Pol\u00edcia Federal foi procurada em diversas oportunidades, tanto pela fam\u00edlia quanto por mim e por pessoas relacionadas ao escrit\u00f3rio de rela\u00e7\u00f5es do Brasil-Palestina e eles n\u00e3o informam oficialmente qual \u00e9 essa raz\u00e3o\u201d<\/em><\/strong>, afirmou.<\/p>\n\n\n\n<p>No s\u00e1bado (22), a ju\u00edza plantonista Millena Marjorie Fonseca da Cunha, da subse\u00e7\u00e3o judici\u00e1ria de Guarulhos, atendendo o pedido da defesa, determinou que a extradi\u00e7\u00e3o n\u00e3o fosse feita at\u00e9 \u201cmelhor compreens\u00e3o dos fatos.\u201d<\/p>\n\n\n\n<p>A magistrada deu 24 horas para que a PF preste informa\u00e7\u00f5es sobre o caso e ainda determinou que sejam tomadas provid\u00eancias necess\u00e1rias para garantir atendimento m\u00e9dico-hospitalar para a mulher gr\u00e1vida.<\/p>\n\n\n\n<p><strong><em>\u201cAt\u00e9 que haja uma nova decis\u00e3o judicial de conte\u00fado merit\u00f3rio \u2014 ou seja, que diga que a Pol\u00edcia Federal pode realmente expatri\u00e1-lo ou que n\u00e3o, a Pol\u00edcia Federal est\u00e1 sendo abusiva \u2014 ele permanece sob a tutela da companhia a\u00e9rea e no local restrito do aeroporto de Guarulhos\u201d<\/em><\/strong>, complementou o advogado.<\/p>\n\n\n\n<p>A&nbsp;<strong>CNN<\/strong>&nbsp;procurou a Pol\u00edcia Federal para solicitar um posicionamento a respeito das declara\u00e7\u00f5es do advogado, mas ainda n\u00e3o obteve retorno.<\/p>\n\n\n\n<p><em>Fonte: CNN<\/em><\/p>\n","protected":false},"excerpt":{"rendered":"<p>Palestino acompanhado por tr\u00eas familiares desembarcou em S\u00e3o Paulo na \u00faltima sexta-feira (21) e foi impedido de entrar no pa\u00eds<\/p>\n","protected":false},"author":2,"featured_media":57995,"comment_status":"open","ping_status":"open","sticky":false,"template":"","format":"standard","meta":{"om_disable_all_campaigns":false,"_monsterinsights_skip_tracking":false,"_monsterinsights_sitenote_active":false,"_monsterinsights_sitenote_note":"","_monsterinsights_sitenote_category":0,"footnotes":""},"categories":[34,70,69,22],"tags":[100,7078,71,48,93,75,4178,4180,129,107,2517,4181,132,230,339,106,203,120,51,173,109,88,47,111,190],"class_list":["post-57999","post","type-post","status-publish","format-standard","has-post-thumbnail","hentry","category-brasil","category-destaques","category-noticias2","category-seguranca","tag-adustina","tag-aeroporto-de-guarulhos","tag-antas","tag-araci","tag-brasil","tag-cicero-dantas","tag-cipo-2","tag-crisopolis-2","tag-euclides-da-cunha","tag-fatima","tag-hamas","tag-heliopolis-2","tag-itapicuru","tag-jeremoabo","tag-mundo","tag-nova-soure","tag-novo-triunfo","tag-olindina","tag-paripiranga","tag-policia-federal","tag-quijingue","tag-ribeira-do-amparo","tag-ribeira-do-pombal","tag-sitio-do-quinto","tag-tucano"],"aioseo_notices":[],"_links":{"self":[{"href":"https:\/\/www.portalalerta.com.br\/index.php\/wp-json\/wp\/v2\/posts\/57999","targetHints":{"allow":["GET"]}}],"collection":[{"href":"https:\/\/www.portalalerta.com.br\/index.php\/wp-json\/wp\/v2\/posts"}],"about":[{"href":"https:\/\/www.portalalerta.com.br\/index.php\/wp-json\/wp\/v2\/types\/post"}],"author":[{"embeddable":true,"href":"https:\/\/www.portalalerta.com.br\/index.php\/wp-json\/wp\/v2\/users\/2"}],"replies":[{"embeddable":true,"href":"https:\/\/www.portalalerta.com.br\/index.php\/wp-json\/wp\/v2\/comments?post=57999"}],"version-history":[{"count":2,"href":"https:\/\/www.portalalerta.com.br\/index.php\/wp-json\/wp\/v2\/posts\/57999\/revisions"}],"predecessor-version":[{"id":58001,"href":"https:\/\/www.portalalerta.com.br\/index.php\/wp-json\/wp\/v2\/posts\/57999\/revisions\/58001"}],"wp:featuredmedia":[{"embeddable":true,"href":"https:\/\/www.portalalerta.com.br\/index.php\/wp-json\/wp\/v2\/media\/57995"}],"wp:attachment":[{"href":"https:\/\/www.portalalerta.com.br\/index.php\/wp-json\/wp\/v2\/media?parent=57999"}],"wp:term":[{"taxonomy":"category","embeddable":true,"href":"https:\/\/www.portalalerta.com.br\/index.php\/wp-json\/wp\/v2\/categories?post=57999"},{"taxonomy":"post_tag","embeddable":true,"href":"https:\/\/www.portalalerta.com.br\/index.php\/wp-json\/wp\/v2\/tags?post=57999"}],"curies":[{"name":"wp","href":"https:\/\/api.w.org\/{rel}","templated":true}]}}