{"id":58002,"date":"2024-06-24T13:40:58","date_gmt":"2024-06-24T16:40:58","guid":{"rendered":"https:\/\/www.portalalerta.com.br\/?p=58002"},"modified":"2024-06-24T13:41:00","modified_gmt":"2024-06-24T16:41:00","slug":"feira-livre-em-nova-soure-ba-acontecera-nesta-terca-feira-25-em-virtude-do-sao-joao-da-natuba","status":"publish","type":"post","link":"https:\/\/www.portalalerta.com.br\/index.php\/2024\/06\/24\/feira-livre-em-nova-soure-ba-acontecera-nesta-terca-feira-25-em-virtude-do-sao-joao-da-natuba\/","title":{"rendered":"Feira Livre em Nova Soure-BA acontecer\u00e1 nesta ter\u00e7a-feira (25), em virtude do S\u00e3o Jo\u00e3o da Natuba"},"content":{"rendered":"\n<p>A feira-livre de Nova Soure-BA que acontece tradicionalmente \u00e0s segundas-feiras, foi transferida excepcionalmente para a pr\u00f3xima ter\u00e7a-feira (25).<\/p>\n\n\n\n<!--more-->\n\n\n\n<p>A mudan\u00e7a acontece em virtude dos festejos juninos (S\u00e3o Jo\u00e3o da Natuba), que aconteceu entre os dias 21 e 23, terminando na manh\u00e3 desta segunda-feira (24).<\/p>\n\n\n\n<p>De acordo com a prefeitura, a feira-livre da cidade volta a acontecer em seus dias habituais a partir da pr\u00f3xima semana. <\/p>\n\n\n\n<p><em>Reda\u00e7\u00e3o: Portal Alerta<\/em><\/p>\n","protected":false},"excerpt":{"rendered":"<p>A feira-livre de Nova Soure-BA que acontece tradicionalmente \u00e0s segundas-feiras, foi transferida excepcionalmente para a pr\u00f3xima ter\u00e7a-feira (25).<\/p>\n","protected":false},"author":2,"featured_media":30348,"comment_status":"open","ping_status":"open","sticky":false,"template":"","format":"standard","meta":{"om_disable_all_campaigns":false,"_monsterinsights_skip_tracking":false,"_monsterinsights_sitenote_active":false,"_monsterinsights_sitenote_note":"","_monsterinsights_sitenote_category":0,"footnotes":""},"categories":[70,36,69,14,32],"tags":[100,71,48,75,4178,4180,129,107,1308,4181,132,230,106,203,120,51,109,88,47,1071,6892,111,190],"class_list":["post-58002","post","type-post","status-publish","format-standard","has-post-thumbnail","hentry","category-destaques","category-lazer","category-noticias2","category-nova-soure","category-regiao","tag-adustina","tag-antas","tag-araci","tag-cicero-dantas","tag-cipo-2","tag-crisopolis-2","tag-euclides-da-cunha","tag-fatima","tag-feira-livre","tag-heliopolis-2","tag-itapicuru","tag-jeremoabo","tag-nova-soure","tag-novo-triunfo","tag-olindina","tag-paripiranga","tag-quijingue","tag-ribeira-do-amparo","tag-ribeira-do-pombal","tag-sao-joao","tag-sao-joao-da-natuba","tag-sitio-do-quinto","tag-tucano"],"aioseo_notices":[],"_links":{"self":[{"href":"https:\/\/www.portalalerta.com.br\/index.php\/wp-json\/wp\/v2\/posts\/58002","targetHints":{"allow":["GET"]}}],"collection":[{"href":"https:\/\/www.portalalerta.com.br\/index.php\/wp-json\/wp\/v2\/posts"}],"about":[{"href":"https:\/\/www.portalalerta.com.br\/index.php\/wp-json\/wp\/v2\/types\/post"}],"author":[{"embeddable":true,"href":"https:\/\/www.portalalerta.com.br\/index.php\/wp-json\/wp\/v2\/users\/2"}],"replies":[{"embeddable":true,"href":"https:\/\/www.portalalerta.com.br\/index.php\/wp-json\/wp\/v2\/comments?post=58002"}],"version-history":[{"count":1,"href":"https:\/\/www.portalalerta.com.br\/index.php\/wp-json\/wp\/v2\/posts\/58002\/revisions"}],"predecessor-version":[{"id":58003,"href":"https:\/\/www.portalalerta.com.br\/index.php\/wp-json\/wp\/v2\/posts\/58002\/revisions\/58003"}],"wp:featuredmedia":[{"embeddable":true,"href":"https:\/\/www.portalalerta.com.br\/index.php\/wp-json\/wp\/v2\/media\/30348"}],"wp:attachment":[{"href":"https:\/\/www.portalalerta.com.br\/index.php\/wp-json\/wp\/v2\/media?parent=58002"}],"wp:term":[{"taxonomy":"category","embeddable":true,"href":"https:\/\/www.portalalerta.com.br\/index.php\/wp-json\/wp\/v2\/categories?post=58002"},{"taxonomy":"post_tag","embeddable":true,"href":"https:\/\/www.portalalerta.com.br\/index.php\/wp-json\/wp\/v2\/tags?post=58002"}],"curies":[{"name":"wp","href":"https:\/\/api.w.org\/{rel}","templated":true}]}}