{"id":58004,"date":"2024-06-24T13:44:20","date_gmt":"2024-06-24T16:44:20","guid":{"rendered":"https:\/\/www.portalalerta.com.br\/?p=58004"},"modified":"2024-06-24T13:44:21","modified_gmt":"2024-06-24T16:44:21","slug":"adolescentes-que-retiraram-corpo-de-tumulo-devem-responder-por-ato-infracional-analogo-a-vilipendio-de-cadaver","status":"publish","type":"post","link":"https:\/\/www.portalalerta.com.br\/index.php\/2024\/06\/24\/adolescentes-que-retiraram-corpo-de-tumulo-devem-responder-por-ato-infracional-analogo-a-vilipendio-de-cadaver\/","title":{"rendered":"Adolescentes que retiraram corpo de t\u00famulo devem responder por ato infracional an\u00e1logo a vilip\u00eandio de cad\u00e1ver"},"content":{"rendered":"\n<p>Ap\u00f3s&nbsp;<a href=\"https:\/\/www.bnews.com.br\/noticias\/policia\/video-adolescentes-invadem-cemiterio-e-retiram-cadaver-de-tumulo.html\" target=\"_blank\" rel=\"noreferrer noopener\"><strong>tr\u00eas adolescentes filmarem o momento em que tiram o corpo de um t\u00famulo<\/strong><\/a>&nbsp;na cidade de Piraquara, na Regi\u00e3o Metropolitana de Curitiba, a delegada que investiga o caso, Juliana Cordeiro, disse que o grupo que tem idade entre 14 e 17 anos, deve responder por ato infracional an\u00e1logo ao crime de&nbsp;<a href=\"https:\/\/www.bnews.com.br\/tags\/vilipendio\" target=\"_blank\" rel=\"noreferrer noopener\"><strong>vilip\u00eandio<\/strong><\/a>&nbsp;de cad\u00e1ver. As informa\u00e7\u00f5es s\u00e3o do jornal O Globo.&nbsp;<\/p>\n\n\n\n<!--more-->\n\n\n<div class=\"wp-block-image\">\n<figure class=\"alignleft size-large is-resized\"><img fetchpriority=\"high\" decoding=\"async\" src=\"https:\/\/www.portalalerta.com.br\/wp-content\/uploads\/2024\/04\/autoescola-emprego-1024x1024.jpg\" alt=\"\" class=\"wp-image-55693\" width=\"435\" height=\"435\" srcset=\"https:\/\/www.portalalerta.com.br\/wp-content\/uploads\/2024\/04\/autoescola-emprego-1024x1024.jpg 1024w, https:\/\/www.portalalerta.com.br\/wp-content\/uploads\/2024\/04\/autoescola-emprego-240x240.jpg 240w, https:\/\/www.portalalerta.com.br\/wp-content\/uploads\/2024\/04\/autoescola-emprego-768x768.jpg 768w, https:\/\/www.portalalerta.com.br\/wp-content\/uploads\/2024\/04\/autoescola-emprego.jpg 1080w\" sizes=\"(max-width: 435px) 100vw, 435px\" \/><\/figure><\/div>\n\n\n<p><strong><em>&#8220;Menos de uma hora ap\u00f3s tomarmos conhecimento da situa\u00e7\u00e3o, conseguimos identificar as tr\u00eas adolescentes. Os pais das adolescentes j\u00e1 tinham conhecimento da situa\u00e7\u00e3o, foram intimados para comparecerem \u00e0 delegacia de Piraquara&#8221;<\/em><\/strong>, pontuou Cordeiro.<\/p>\n\n\n\n<p><br>As adolescentes confessaram ter praticado o ato por curiosidade e o caso foi encaminhado \u00e0 Vara da Inf\u00e2ncia e Juventude de Piraquara onde ser\u00e3o aplicadas as medidas socioeducativas. Segundo Cordeiro, os pais das adolescentes devem comparecer ao Minist\u00e9rio P\u00fablico.<\/p>\n\n\n\n<p><strong>Entenda o que \u00e9 o crime de vilip\u00eandio a cad\u00e1ver<\/strong><\/p>\n\n\n\n<p>Vilip\u00eandio significa grande desprezo ou a a\u00e7\u00e3o de desvalorizar algo ou algu\u00e9m. Assim, vilip\u00eandio de cad\u00e1ver \u00e9 o ato de humilhar, menosprezar ou ofender a honra de restos mortais humanos.<\/p>\n\n\n\n<p><br>Art. 212 &#8211; Vilipendiar cad\u00e1ver ou suas cinzas:<\/p>\n\n\n\n<p><br>Pena &#8211; deten\u00e7\u00e3o, de um a tr\u00eas anos, e multa.<\/p>\n\n\n\n<p><br>O C\u00f3digo Penal brasileiro prev\u00ea outros crimes relacionados a condutas ilegais contra cad\u00e1veres. Veja abaixo:<\/p>\n\n\n\n<p><br>Art. 209 &#8211; Impedir ou perturbar enterro ou cerim\u00f4nia funer\u00e1ria:<\/p>\n\n\n\n<p>Pena: deten\u00e7\u00e3o, de um m\u00eas a um ano, ou multa.<\/p>\n\n\n\n<p>Art. 210 &#8211; Violar ou profanar sepultura ou urna funer\u00e1ria:<\/p>\n\n\n\n<p>Pena: reclus\u00e3o, de um a tr\u00eas anos, e multa.<\/p>\n\n\n\n<p>Art. 211 &#8211; Destruir, subtrair ou ocultar cad\u00e1ver ou parte dele:<\/p>\n\n\n\n<p>Pena: reclus\u00e3o, de um a tr\u00eas anos, e multa<\/p>\n\n\n\n<p><em>Fonte: Boc\u00e3o News<\/em><\/p>\n","protected":false},"excerpt":{"rendered":"<p>Ap\u00f3s&nbsp;tr\u00eas adolescentes filmarem o momento em que tiram o corpo de um t\u00famulo&nbsp;na cidade de Piraquara, na Regi\u00e3o Metropolitana de Curitiba, a delegada que investiga o caso, Juliana Cordeiro, disse que o grupo que tem idade entre 14 e 17 anos, deve responder por ato infracional an\u00e1logo ao crime de&nbsp;vilip\u00eandio&nbsp;de cad\u00e1ver. As informa\u00e7\u00f5es s\u00e3o do &hellip;<\/p>\n","protected":false},"author":2,"featured_media":57996,"comment_status":"open","ping_status":"open","sticky":false,"template":"","format":"standard","meta":{"om_disable_all_campaigns":false,"_monsterinsights_skip_tracking":false,"_monsterinsights_sitenote_active":false,"_monsterinsights_sitenote_note":"","_monsterinsights_sitenote_category":0,"footnotes":""},"categories":[34,70,69,22],"tags":[100,71,48,93,75,4178,4180,441,129,107,4181,132,230,5668,106,203,120,51,109,88,47,111,190,7079],"class_list":["post-58004","post","type-post","status-publish","format-standard","has-post-thumbnail","hentry","category-brasil","category-destaques","category-noticias2","category-seguranca","tag-adustina","tag-antas","tag-araci","tag-brasil","tag-cicero-dantas","tag-cipo-2","tag-crisopolis-2","tag-curitiba","tag-euclides-da-cunha","tag-fatima","tag-heliopolis-2","tag-itapicuru","tag-jeremoabo","tag-menores-infratores","tag-nova-soure","tag-novo-triunfo","tag-olindina","tag-paripiranga","tag-quijingue","tag-ribeira-do-amparo","tag-ribeira-do-pombal","tag-sitio-do-quinto","tag-tucano","tag-vilipendio-de-cadaver"],"aioseo_notices":[],"_links":{"self":[{"href":"https:\/\/www.portalalerta.com.br\/index.php\/wp-json\/wp\/v2\/posts\/58004","targetHints":{"allow":["GET"]}}],"collection":[{"href":"https:\/\/www.portalalerta.com.br\/index.php\/wp-json\/wp\/v2\/posts"}],"about":[{"href":"https:\/\/www.portalalerta.com.br\/index.php\/wp-json\/wp\/v2\/types\/post"}],"author":[{"embeddable":true,"href":"https:\/\/www.portalalerta.com.br\/index.php\/wp-json\/wp\/v2\/users\/2"}],"replies":[{"embeddable":true,"href":"https:\/\/www.portalalerta.com.br\/index.php\/wp-json\/wp\/v2\/comments?post=58004"}],"version-history":[{"count":1,"href":"https:\/\/www.portalalerta.com.br\/index.php\/wp-json\/wp\/v2\/posts\/58004\/revisions"}],"predecessor-version":[{"id":58005,"href":"https:\/\/www.portalalerta.com.br\/index.php\/wp-json\/wp\/v2\/posts\/58004\/revisions\/58005"}],"wp:featuredmedia":[{"embeddable":true,"href":"https:\/\/www.portalalerta.com.br\/index.php\/wp-json\/wp\/v2\/media\/57996"}],"wp:attachment":[{"href":"https:\/\/www.portalalerta.com.br\/index.php\/wp-json\/wp\/v2\/media?parent=58004"}],"wp:term":[{"taxonomy":"category","embeddable":true,"href":"https:\/\/www.portalalerta.com.br\/index.php\/wp-json\/wp\/v2\/categories?post=58004"},{"taxonomy":"post_tag","embeddable":true,"href":"https:\/\/www.portalalerta.com.br\/index.php\/wp-json\/wp\/v2\/tags?post=58004"}],"curies":[{"name":"wp","href":"https:\/\/api.w.org\/{rel}","templated":true}]}}