{"id":58014,"date":"2024-06-24T18:02:00","date_gmt":"2024-06-24T21:02:00","guid":{"rendered":"https:\/\/www.portalalerta.com.br\/?p=58014"},"modified":"2024-06-24T16:20:50","modified_gmt":"2024-06-24T19:20:50","slug":"predio-em-construcao-desaba-e-deixa-ao-menos-10-operarios-feridos-em-ilheus","status":"publish","type":"post","link":"https:\/\/www.portalalerta.com.br\/index.php\/2024\/06\/24\/predio-em-construcao-desaba-e-deixa-ao-menos-10-operarios-feridos-em-ilheus\/","title":{"rendered":"Pr\u00e9dio em constru\u00e7\u00e3o desaba e deixa ao menos 10 oper\u00e1rios feridos em Ilh\u00e9us"},"content":{"rendered":"\n<p>Parte de uma laje que estava sendo constru\u00edda caiu e atingiu os trabalhadores<\/p>\n\n\n\n<!--more-->\n\n\n\n<p>Um pr\u00e9dio que estava em constru\u00e7\u00e3o dentro de um condom\u00ednio de luxo desabou e deixou ao menos dez oper\u00e1rios feridos. O caso aconteceu no \u00faltimo s\u00e1bado&nbsp;(22) no munic\u00edpio de Ilh\u00e9us, sul da Bahia.<\/p>\n\n\n\n<p>Segundo a Defesa Civil de Ilh\u00e9us, o desabamento aconteceu quando o pr\u00e9dio estava passava pelo processo de concretagem de uma laje. A laje teria ca\u00eddo em cima dos oper\u00e1rios de uma altura de cerca de seis metros. O pr\u00e9dio era composto por t\u00e9rreo e 1\u00b0 andar.<\/p>\n\n\n\n<p>A equipe de Corpo de Bombeiros e do Servi\u00e7o de Atendimento M\u00f3vel de Urg\u00eancia (Samu) foi acionada. Informa\u00e7\u00f5es preliminares indicam que as v\u00edtimas foram levadas para o Hospital Regional Costa do Cacau.<\/p>\n\n\n\n<p><em>Fonte: Metro1<\/em><\/p>\n","protected":false},"excerpt":{"rendered":"<p>Parte de uma laje que estava sendo constru\u00edda caiu e atingiu os trabalhadores<\/p>\n","protected":false},"author":2,"featured_media":58009,"comment_status":"open","ping_status":"open","sticky":false,"template":"","format":"standard","meta":{"om_disable_all_campaigns":false,"_monsterinsights_skip_tracking":false,"_monsterinsights_sitenote_active":false,"_monsterinsights_sitenote_note":"","_monsterinsights_sitenote_category":0,"footnotes":""},"categories":[33,70,69],"tags":[100,71,48,54,75,4178,4180,1010,129,107,393,4181,317,132,230,106,203,120,51,109,88,47,111,190],"class_list":["post-58014","post","type-post","status-publish","format-standard","has-post-thumbnail","hentry","category-bahia","category-destaques","category-noticias2","tag-adustina","tag-antas","tag-araci","tag-bahia","tag-cicero-dantas","tag-cipo-2","tag-crisopolis-2","tag-desabamento","tag-euclides-da-cunha","tag-fatima","tag-feridos","tag-heliopolis-2","tag-ilheus","tag-itapicuru","tag-jeremoabo","tag-nova-soure","tag-novo-triunfo","tag-olindina","tag-paripiranga","tag-quijingue","tag-ribeira-do-amparo","tag-ribeira-do-pombal","tag-sitio-do-quinto","tag-tucano"],"aioseo_notices":[],"_links":{"self":[{"href":"https:\/\/www.portalalerta.com.br\/index.php\/wp-json\/wp\/v2\/posts\/58014","targetHints":{"allow":["GET"]}}],"collection":[{"href":"https:\/\/www.portalalerta.com.br\/index.php\/wp-json\/wp\/v2\/posts"}],"about":[{"href":"https:\/\/www.portalalerta.com.br\/index.php\/wp-json\/wp\/v2\/types\/post"}],"author":[{"embeddable":true,"href":"https:\/\/www.portalalerta.com.br\/index.php\/wp-json\/wp\/v2\/users\/2"}],"replies":[{"embeddable":true,"href":"https:\/\/www.portalalerta.com.br\/index.php\/wp-json\/wp\/v2\/comments?post=58014"}],"version-history":[{"count":1,"href":"https:\/\/www.portalalerta.com.br\/index.php\/wp-json\/wp\/v2\/posts\/58014\/revisions"}],"predecessor-version":[{"id":58015,"href":"https:\/\/www.portalalerta.com.br\/index.php\/wp-json\/wp\/v2\/posts\/58014\/revisions\/58015"}],"wp:featuredmedia":[{"embeddable":true,"href":"https:\/\/www.portalalerta.com.br\/index.php\/wp-json\/wp\/v2\/media\/58009"}],"wp:attachment":[{"href":"https:\/\/www.portalalerta.com.br\/index.php\/wp-json\/wp\/v2\/media?parent=58014"}],"wp:term":[{"taxonomy":"category","embeddable":true,"href":"https:\/\/www.portalalerta.com.br\/index.php\/wp-json\/wp\/v2\/categories?post=58014"},{"taxonomy":"post_tag","embeddable":true,"href":"https:\/\/www.portalalerta.com.br\/index.php\/wp-json\/wp\/v2\/tags?post=58014"}],"curies":[{"name":"wp","href":"https:\/\/api.w.org\/{rel}","templated":true}]}}