{"id":58203,"date":"2024-07-04T13:00:37","date_gmt":"2024-07-04T16:00:37","guid":{"rendered":"https:\/\/www.portalalerta.com.br\/?p=58203"},"modified":"2024-07-04T13:00:39","modified_gmt":"2024-07-04T16:00:39","slug":"homem-e-preso-ao-ser-flagrado-mantendo-relacoes-sexuais-com-adolescente-em-quijingue-ba","status":"publish","type":"post","link":"https:\/\/www.portalalerta.com.br\/index.php\/2024\/07\/04\/homem-e-preso-ao-ser-flagrado-mantendo-relacoes-sexuais-com-adolescente-em-quijingue-ba\/","title":{"rendered":"Homem \u00e9 preso ao ser flagrado mantendo rela\u00e7\u00f5es sexuais com adolescente, em Quijingue-BA"},"content":{"rendered":"\n<p>No final da manh\u00e3 da \u00faltima quarta-feira (03), policiais militares da 4\u00aa CIA\/ Quijingue-BA, foram solicitados por Conselheiros Tutelares da cidade, que afirmavam que um homem estaria mantendo rela\u00e7\u00f5es sexuais com uma adolescente de apenas 13 anos, no povoado Araticum, no referido munic\u00edpio.<\/p>\n\n\n\n<!--more-->\n\n\n<div class=\"wp-block-image\">\n<figure class=\"alignleft size-large is-resized\"><img fetchpriority=\"high\" decoding=\"async\" src=\"https:\/\/www.portalalerta.com.br\/wp-content\/uploads\/2024\/04\/Sabino-Tijolo-576x1024.jpg\" alt=\"\" class=\"wp-image-56164\" width=\"408\" height=\"725\" srcset=\"https:\/\/www.portalalerta.com.br\/wp-content\/uploads\/2024\/04\/Sabino-Tijolo-576x1024.jpg 576w, https:\/\/www.portalalerta.com.br\/wp-content\/uploads\/2024\/04\/Sabino-Tijolo-135x240.jpg 135w, https:\/\/www.portalalerta.com.br\/wp-content\/uploads\/2024\/04\/Sabino-Tijolo.jpg 591w\" sizes=\"(max-width: 408px) 100vw, 408px\" \/><\/figure><\/div>\n\n\n<p>As equipes foram at\u00e9 o local, onde mantiveram contato com a m\u00e3e da jovem, que afirmou que o caso j\u00e1 era recorrente, e que o rapaz de 28 anos de idade, estaria naquele exato momento, no quarto da filha, mantendo rela\u00e7\u00f5es sexuais com a mesma, sem o consentimento da v\u00edtima.<\/p>\n\n\n\n<p>Diante dos relatos os policiais entraram na resid\u00eancia onde flagraram autor e v\u00edtima no interior do c\u00f4modo, confirmando a den\u00fancia inicial.<\/p>\n\n\n\n<p>O autor foi preso e conduzido para a Delegacia de Pol\u00edcia Civil local, onde foi registrado o flagrante pela pr\u00e1tica de estupro de vulner\u00e1vel. Vale ressaltar que a lei 12.015\/2009, considera crime de estupro de vulner\u00e1vel, entre outros, o ato de manter rela\u00e7\u00e3o sexual com pessoas menores que 14 anos, mesmo que consentido.<\/p>\n\n\n\n<p>M\u00e3e e filha, est\u00e3o sendo acompanhadas pelo Conselho Tutelar.<\/p>\n\n\n\n<p><em>Reda\u00e7\u00e3o: Portal Alerta<\/em><\/p>\n","protected":false},"excerpt":{"rendered":"<p>No final da manh\u00e3 da \u00faltima quarta-feira (03), policiais militares da 4\u00aa CIA\/ Quijingue-BA, foram solicitados por Conselheiros Tutelares da cidade, que afirmavam que um homem estaria mantendo rela\u00e7\u00f5es sexuais com uma adolescente de apenas 13 anos, no povoado Araticum, no referido munic\u00edpio.<\/p>\n","protected":false},"author":2,"featured_media":24323,"comment_status":"open","ping_status":"open","sticky":false,"template":"","format":"standard","meta":{"om_disable_all_campaigns":false,"_monsterinsights_skip_tracking":false,"_monsterinsights_sitenote_active":false,"_monsterinsights_sitenote_note":"","_monsterinsights_sitenote_category":0,"footnotes":""},"categories":[70,69,43,32,22],"tags":[387,100,71,48,75,4178,795,4180,438,129,107,4181,132,230,106,203,120,51,79,77,109,88,47,111,190],"class_list":["post-58203","post","type-post","status-publish","format-standard","has-post-thumbnail","hentry","category-destaques","category-noticias2","category-quijingue","category-regiao","category-seguranca","tag-5o-bpm","tag-adustina","tag-antas","tag-araci","tag-cicero-dantas","tag-cipo-2","tag-conselho-tutelar","tag-crisopolis-2","tag-estupro-de-vulneravel","tag-euclides-da-cunha","tag-fatima","tag-heliopolis-2","tag-itapicuru","tag-jeremoabo","tag-nova-soure","tag-novo-triunfo","tag-olindina","tag-paripiranga","tag-policia-militar","tag-preso","tag-quijingue","tag-ribeira-do-amparo","tag-ribeira-do-pombal","tag-sitio-do-quinto","tag-tucano"],"aioseo_notices":[],"_links":{"self":[{"href":"https:\/\/www.portalalerta.com.br\/index.php\/wp-json\/wp\/v2\/posts\/58203","targetHints":{"allow":["GET"]}}],"collection":[{"href":"https:\/\/www.portalalerta.com.br\/index.php\/wp-json\/wp\/v2\/posts"}],"about":[{"href":"https:\/\/www.portalalerta.com.br\/index.php\/wp-json\/wp\/v2\/types\/post"}],"author":[{"embeddable":true,"href":"https:\/\/www.portalalerta.com.br\/index.php\/wp-json\/wp\/v2\/users\/2"}],"replies":[{"embeddable":true,"href":"https:\/\/www.portalalerta.com.br\/index.php\/wp-json\/wp\/v2\/comments?post=58203"}],"version-history":[{"count":2,"href":"https:\/\/www.portalalerta.com.br\/index.php\/wp-json\/wp\/v2\/posts\/58203\/revisions"}],"predecessor-version":[{"id":58205,"href":"https:\/\/www.portalalerta.com.br\/index.php\/wp-json\/wp\/v2\/posts\/58203\/revisions\/58205"}],"wp:featuredmedia":[{"embeddable":true,"href":"https:\/\/www.portalalerta.com.br\/index.php\/wp-json\/wp\/v2\/media\/24323"}],"wp:attachment":[{"href":"https:\/\/www.portalalerta.com.br\/index.php\/wp-json\/wp\/v2\/media?parent=58203"}],"wp:term":[{"taxonomy":"category","embeddable":true,"href":"https:\/\/www.portalalerta.com.br\/index.php\/wp-json\/wp\/v2\/categories?post=58203"},{"taxonomy":"post_tag","embeddable":true,"href":"https:\/\/www.portalalerta.com.br\/index.php\/wp-json\/wp\/v2\/tags?post=58203"}],"curies":[{"name":"wp","href":"https:\/\/api.w.org\/{rel}","templated":true}]}}