{"id":58210,"date":"2024-07-04T13:09:56","date_gmt":"2024-07-04T16:09:56","guid":{"rendered":"https:\/\/www.portalalerta.com.br\/?p=58210"},"modified":"2024-07-04T13:09:57","modified_gmt":"2024-07-04T16:09:57","slug":"enem-dos-concursos-governo-anuncia-novo-cronograma-para-concurso-veja-datas","status":"publish","type":"post","link":"https:\/\/www.portalalerta.com.br\/index.php\/2024\/07\/04\/enem-dos-concursos-governo-anuncia-novo-cronograma-para-concurso-veja-datas\/","title":{"rendered":"\u201cEnem dos concursos\u201d: governo anuncia novo cronograma para concurso; veja datas"},"content":{"rendered":"\n<p>Uma das novidades anunciadas \u00e9 a possibilidade de&nbsp;reembolso para quem desistir de fazer a prova no novo calend\u00e1rio<\/p>\n\n\n\n<!--more-->\n\n\n\n<p>O Minist\u00e9rio da Gest\u00e3o e Inova\u00e7\u00e3o divulgou nesta quinta-feira&nbsp;(4), o novo cronograma e ajustes no edital do Concurso P\u00fablico Nacional Unificado&nbsp;(CPNU), conhecido como \u201cEnem dos Concursos\u201d.<\/p>\n\n\n\n<p>Em maio, o governo federal&nbsp;<a href=\"https:\/\/www.cnnbrasil.com.br\/economia\/macroeconomia\/governo-adia-concurso-nacional-unificado-em-todo-o-pais\/\">decidiu adiar a aplica\u00e7\u00e3o do concurso<\/a>&nbsp;ap\u00f3s a situa\u00e7\u00e3o de calamidade no Rio Grande do Sul, provocada por fortes chuvas que assolaram a regi\u00e3o.<\/p>\n\n\n\n<p>Uma das novidades anunciadas \u00e9 a possibilidade de&nbsp;reembolso para quem desistir de fazer a prova na nova data&nbsp;e a previs\u00e3o de aplica\u00e7\u00e3o extraordin\u00e1ria da prova em caso de novos desastres.&nbsp;<\/p>\n\n\n\n<p>Para os candidatos com resid\u00eancia no Rio Grande do Sul, o minist\u00e9rio anunciou que&nbsp;ser\u00e1 permitida a altera\u00e7\u00e3o de local de prova, por ainda n\u00e3o ter sido normalizada totalmente a log\u00edstica a\u00e9rea com o estado.&nbsp;<\/p>\n\n\n<div class=\"wp-block-image\">\n<figure class=\"alignleft size-full is-resized\"><img fetchpriority=\"high\" decoding=\"async\" src=\"https:\/\/www.portalalerta.com.br\/wp-content\/uploads\/2024\/06\/Real-Sao-Joao-2024.jpg\" alt=\"\" class=\"wp-image-57459\" width=\"435\" height=\"441\" srcset=\"https:\/\/www.portalalerta.com.br\/wp-content\/uploads\/2024\/06\/Real-Sao-Joao-2024.jpg 680w, https:\/\/www.portalalerta.com.br\/wp-content\/uploads\/2024\/06\/Real-Sao-Joao-2024-237x240.jpg 237w\" sizes=\"(max-width: 435px) 100vw, 435px\" \/><\/figure><\/div>\n\n\n<p>No caso de reembolso \u2013 para qualquer candidato inscrito em todo o pa\u00eds \u2013 e de mudan\u00e7a de local de prova (apenas para os candidatos residentes ou inscritos no Rio Grande do Sul) o prazo vai de&nbsp;5 a 7 de julho.&nbsp;&nbsp;<\/p>\n\n\n\n<p>De acordo com a Pasta, o&nbsp;cart\u00e3o de confirma\u00e7\u00e3o de inscri\u00e7\u00e3o, com os detalhes sobre os locais de provas, ser\u00e1 divulgado no dia 7 de agosto. A prova ser\u00e1 realizada dia 18 de agosto. Os&nbsp;resultados finais&nbsp;v\u00e3o sair at\u00e9 21 de novembro e a&nbsp;convoca\u00e7\u00e3o para posse deve ter in\u00edcio em janeiro de 2025.<\/p>\n\n\n\n<p><strong>Cronograma<\/strong><\/p>\n\n\n\n<p>Todo o processo do CNPU dever\u00e1 ser finalizado no final de novembro: no dia 21 ser\u00e3o divulgados os&nbsp;resultados&nbsp;e, no dia seguinte, em 22 de novembro, ter\u00e1 in\u00edcio a convoca\u00e7\u00e3o dos candidatos aprovados e aqueles classificados para curso de forma\u00e7\u00e3o.&nbsp;&nbsp;<\/p>\n\n\n\n<p><strong>Veja as datas<\/strong><\/p>\n\n\n\n<ul class=\"wp-block-list\">\n<li><strong>4 de julho<\/strong>&nbsp;\u2013 Publica\u00e7\u00e3o de Decreto e retifica\u00e7\u00e3o do Edital;<\/li>\n\n\n\n<li><strong>5 a 7 de julho<\/strong>&nbsp;\u2013 Disponibiliza\u00e7\u00e3o de sistema para os candidatos do Rio Grande do Sul que fariam prova em outros estados ou candidatos de outros estados que fariam prova no RS solicitarem altera\u00e7\u00e3o do polo de provas e para candidatos de todo o Brasil solicitarem devolu\u00e7\u00e3o da taxa de inscri\u00e7\u00e3o;<\/li>\n\n\n\n<li><strong>7 de agosto<\/strong>&nbsp;\u2013 Disponibiliza\u00e7\u00e3o dos Cart\u00f5es de Confirma\u00e7\u00e3o;<\/li>\n\n\n\n<li><strong>18 de agosto<\/strong>&nbsp;\u2013 Aplica\u00e7\u00e3o das provas;<\/li>\n\n\n\n<li><strong>18 de agosto<\/strong>&nbsp;\u2013 divulga\u00e7\u00e3o dos cadernos de provas (PDFs dispon\u00edveis ap\u00f3s \u00e0s 20h);<\/li>\n\n\n\n<li><strong>20 de agosto\u200b<\/strong>&nbsp;\u2013&nbsp; divulga\u00e7\u00e3o preliminar dos gabaritos das provas objetivas;<\/li>\n\n\n\n<li><strong>20 e 21 de agosto<\/strong>&nbsp;\u2013 prazo para interposi\u00e7\u00e3o de eventuais recursos quanto \u00e0s quest\u00f5es formuladas e\/ou aos gabaritos divulgados;<\/li>\n\n\n\n<li><strong>10 de setembro<\/strong>&nbsp;\u2013 disponibiliza\u00e7\u00e3o da imagem do Cart\u00e3o-Resposta;<\/li>\n\n\n\n<li><strong>8 de outubro<\/strong>&nbsp;\u2013&nbsp; divulga\u00e7\u00e3o das notas finais das provas objetivas e da nota preliminar da discursiva;<\/li>\n\n\n\n<li><strong>21 de novembro<\/strong>&nbsp;\u2013 divulga\u00e7\u00e3o final dos resultados;<\/li>\n\n\n\n<li><strong>Janeiro 2025<\/strong>&nbsp;\u2013 in\u00edcio da convoca\u00e7\u00e3o para posse e cursos de forma\u00e7\u00e3o.<\/li>\n<\/ul>\n\n\n\n<p><em>Fonte: CNN<\/em><\/p>\n","protected":false},"excerpt":{"rendered":"<p>Uma das novidades anunciadas \u00e9 a possibilidade de&nbsp;reembolso para quem desistir de fazer a prova no novo calend\u00e1rio<\/p>\n","protected":false},"author":2,"featured_media":3799,"comment_status":"open","ping_status":"open","sticky":false,"template":"","format":"standard","meta":{"om_disable_all_campaigns":false,"_monsterinsights_skip_tracking":false,"_monsterinsights_sitenote_active":false,"_monsterinsights_sitenote_note":"","_monsterinsights_sitenote_category":0,"footnotes":""},"categories":[34,70,69],"tags":[100,71,48,93,75,4178,6644,4180,7097,129,107,4181,132,230,106,203,120,51,109,88,47,111,190],"class_list":["post-58210","post","type-post","status-publish","format-standard","has-post-thumbnail","hentry","category-brasil","category-destaques","category-noticias2","tag-adustina","tag-antas","tag-araci","tag-brasil","tag-cicero-dantas","tag-cipo-2","tag-cnu","tag-crisopolis-2","tag-cronograma","tag-euclides-da-cunha","tag-fatima","tag-heliopolis-2","tag-itapicuru","tag-jeremoabo","tag-nova-soure","tag-novo-triunfo","tag-olindina","tag-paripiranga","tag-quijingue","tag-ribeira-do-amparo","tag-ribeira-do-pombal","tag-sitio-do-quinto","tag-tucano"],"aioseo_notices":[],"_links":{"self":[{"href":"https:\/\/www.portalalerta.com.br\/index.php\/wp-json\/wp\/v2\/posts\/58210","targetHints":{"allow":["GET"]}}],"collection":[{"href":"https:\/\/www.portalalerta.com.br\/index.php\/wp-json\/wp\/v2\/posts"}],"about":[{"href":"https:\/\/www.portalalerta.com.br\/index.php\/wp-json\/wp\/v2\/types\/post"}],"author":[{"embeddable":true,"href":"https:\/\/www.portalalerta.com.br\/index.php\/wp-json\/wp\/v2\/users\/2"}],"replies":[{"embeddable":true,"href":"https:\/\/www.portalalerta.com.br\/index.php\/wp-json\/wp\/v2\/comments?post=58210"}],"version-history":[{"count":1,"href":"https:\/\/www.portalalerta.com.br\/index.php\/wp-json\/wp\/v2\/posts\/58210\/revisions"}],"predecessor-version":[{"id":58211,"href":"https:\/\/www.portalalerta.com.br\/index.php\/wp-json\/wp\/v2\/posts\/58210\/revisions\/58211"}],"wp:featuredmedia":[{"embeddable":true,"href":"https:\/\/www.portalalerta.com.br\/index.php\/wp-json\/wp\/v2\/media\/3799"}],"wp:attachment":[{"href":"https:\/\/www.portalalerta.com.br\/index.php\/wp-json\/wp\/v2\/media?parent=58210"}],"wp:term":[{"taxonomy":"category","embeddable":true,"href":"https:\/\/www.portalalerta.com.br\/index.php\/wp-json\/wp\/v2\/categories?post=58210"},{"taxonomy":"post_tag","embeddable":true,"href":"https:\/\/www.portalalerta.com.br\/index.php\/wp-json\/wp\/v2\/tags?post=58210"}],"curies":[{"name":"wp","href":"https:\/\/api.w.org\/{rel}","templated":true}]}}