{"id":58219,"date":"2024-07-06T19:01:05","date_gmt":"2024-07-06T22:01:05","guid":{"rendered":"https:\/\/www.portalalerta.com.br\/?p=58219"},"modified":"2024-07-06T19:45:00","modified_gmt":"2024-07-06T22:45:00","slug":"moto-furtada-em-santaluz-e-recuperada-pela-pm-horas-depois-na-zona-rural-de-araci-ba-suspeitos-foram-presos","status":"publish","type":"post","link":"https:\/\/www.portalalerta.com.br\/index.php\/2024\/07\/06\/moto-furtada-em-santaluz-e-recuperada-pela-pm-horas-depois-na-zona-rural-de-araci-ba-suspeitos-foram-presos\/","title":{"rendered":"Moto furtada em Santaluz \u00e9 recuperada pela PM horas depois na zona rural de Araci-BA. Suspeitos foram presos!"},"content":{"rendered":"\n<p>A Pol\u00edcia Militar prendeu dois homens e recuperou uma motocicleta CG 125 FAN ES furtada na madrugada de sexta-feira (5) em Santaluz, na regi\u00e3o sisaleira da Bahia.<\/p>\n\n\n\n<!--more-->\n\n\n\n<p>Segundo informa\u00e7\u00f5es da PM, os suspeitos foram encontrados no fim da tarde do mesmo dia no povoado Serra da Assembleia, na zona rural de Araci, cidade vizinha a Santaluz, ap\u00f3s den\u00fancia de que tentavam vender o ve\u00edculo. Durante a abordagem, os policiais confirmaram que a moto havia sido furtada na avenida Castro Alves, em Santaluz, perto de um posto de combust\u00edveis.<\/p>\n\n\n\n<p>Imagens de c\u00e2meras de seguran\u00e7a flagraram um dos suspeitos empurrando a motocicleta logo ap\u00f3s o furto. Os suspeitos, de 24 e 31 anos, moradores de Santaluz, foram levados \u00e0 delegacia regional da Pol\u00edcia Civil em Serrinha, onde o caso foi registrado.<\/p>\n\n\n<div class=\"wp-block-image\">\n<figure class=\"aligncenter size-full\"><img fetchpriority=\"high\" decoding=\"async\" width=\"540\" height=\"538\" src=\"https:\/\/www.portalalerta.com.br\/wp-content\/uploads\/2024\/07\/veiculo-recuperado-em-Araci-2024.1.jpg\" alt=\"\" class=\"wp-image-58215\" srcset=\"https:\/\/www.portalalerta.com.br\/wp-content\/uploads\/2024\/07\/veiculo-recuperado-em-Araci-2024.1.jpg 540w, https:\/\/www.portalalerta.com.br\/wp-content\/uploads\/2024\/07\/veiculo-recuperado-em-Araci-2024.1-241x240.jpg 241w\" sizes=\"(max-width: 540px) 100vw, 540px\" \/><figcaption class=\"wp-element-caption\">Ve\u00edculo foi recuperado em Araci-BA <\/figcaption><\/figure><\/div>\n\n\n<p>A moto foi levada ao p\u00e1tio da Pol\u00edcia Militar em Santaluz e ser\u00e1 encaminhada \u00e0 delegacia local.<\/p>\n\n\n\n<p><em>Fonte: Not\u00edcias de Santaluz<\/em><em><\/em><\/p>\n","protected":false},"excerpt":{"rendered":"<p>A Pol\u00edcia Militar prendeu dois homens e recuperou uma motocicleta CG 125 FAN ES furtada na madrugada de sexta-feira (5) em Santaluz, na regi\u00e3o sisaleira da Bahia.<\/p>\n","protected":false},"author":2,"featured_media":58216,"comment_status":"open","ping_status":"open","sticky":false,"template":"","format":"standard","meta":{"om_disable_all_campaigns":false,"_monsterinsights_skip_tracking":false,"_monsterinsights_sitenote_active":false,"_monsterinsights_sitenote_note":"","_monsterinsights_sitenote_category":0,"footnotes":""},"categories":[41,33,70,69,32,22],"tags":[100,71,48,75,4178,4180,129,107,1531,4181,132,230,106,203,120,51,79,110,109,88,47,799,111,190,102],"class_list":["post-58219","post","type-post","status-publish","format-standard","has-post-thumbnail","hentry","category-araci","category-bahia","category-destaques","category-noticias2","category-regiao","category-seguranca","tag-adustina","tag-antas","tag-araci","tag-cicero-dantas","tag-cipo-2","tag-crisopolis-2","tag-euclides-da-cunha","tag-fatima","tag-furto-de-moto","tag-heliopolis-2","tag-itapicuru","tag-jeremoabo","tag-nova-soure","tag-novo-triunfo","tag-olindina","tag-paripiranga","tag-policia-militar","tag-presos","tag-quijingue","tag-ribeira-do-amparo","tag-ribeira-do-pombal","tag-santaluz","tag-sitio-do-quinto","tag-tucano","tag-veiculo-recuperado"],"aioseo_notices":[],"_links":{"self":[{"href":"https:\/\/www.portalalerta.com.br\/index.php\/wp-json\/wp\/v2\/posts\/58219","targetHints":{"allow":["GET"]}}],"collection":[{"href":"https:\/\/www.portalalerta.com.br\/index.php\/wp-json\/wp\/v2\/posts"}],"about":[{"href":"https:\/\/www.portalalerta.com.br\/index.php\/wp-json\/wp\/v2\/types\/post"}],"author":[{"embeddable":true,"href":"https:\/\/www.portalalerta.com.br\/index.php\/wp-json\/wp\/v2\/users\/2"}],"replies":[{"embeddable":true,"href":"https:\/\/www.portalalerta.com.br\/index.php\/wp-json\/wp\/v2\/comments?post=58219"}],"version-history":[{"count":2,"href":"https:\/\/www.portalalerta.com.br\/index.php\/wp-json\/wp\/v2\/posts\/58219\/revisions"}],"predecessor-version":[{"id":58237,"href":"https:\/\/www.portalalerta.com.br\/index.php\/wp-json\/wp\/v2\/posts\/58219\/revisions\/58237"}],"wp:featuredmedia":[{"embeddable":true,"href":"https:\/\/www.portalalerta.com.br\/index.php\/wp-json\/wp\/v2\/media\/58216"}],"wp:attachment":[{"href":"https:\/\/www.portalalerta.com.br\/index.php\/wp-json\/wp\/v2\/media?parent=58219"}],"wp:term":[{"taxonomy":"category","embeddable":true,"href":"https:\/\/www.portalalerta.com.br\/index.php\/wp-json\/wp\/v2\/categories?post=58219"},{"taxonomy":"post_tag","embeddable":true,"href":"https:\/\/www.portalalerta.com.br\/index.php\/wp-json\/wp\/v2\/tags?post=58219"}],"curies":[{"name":"wp","href":"https:\/\/api.w.org\/{rel}","templated":true}]}}