{"id":58228,"date":"2024-07-06T19:31:37","date_gmt":"2024-07-06T22:31:37","guid":{"rendered":"https:\/\/www.portalalerta.com.br\/?p=58228"},"modified":"2024-07-06T19:31:38","modified_gmt":"2024-07-06T22:31:38","slug":"condenado-a-12-anos-de-prisao-por-homicidio-em-tucano-ba-criminoso-e-capturado-em-minas-gerais","status":"publish","type":"post","link":"https:\/\/www.portalalerta.com.br\/index.php\/2024\/07\/06\/condenado-a-12-anos-de-prisao-por-homicidio-em-tucano-ba-criminoso-e-capturado-em-minas-gerais\/","title":{"rendered":"Condenado a 12 anos de pris\u00e3o por homic\u00eddio em Tucano-BA, criminoso \u00e9 capturado em Minas Gerais"},"content":{"rendered":"\n<p>Uma opera\u00e7\u00e3o conjunta entre policiais civis e militares de Minas Gerais, com o aux\u00edlio de Policiais Civis da 25 COORPIN, culminou na pris\u00e3o de um homicida, condenado a 12 anos de pris\u00e3o, por um crime cometido em Tucano-BA.<\/p>\n\n\n\n<!--more-->\n\n\n\n<p>A pris\u00e3o aconteceu por volta das 10h35 da \u00faltima sexta-feira (05) no munic\u00edpio de Piumhi-MG, em cumprimento a um mandado de pris\u00e3o condenat\u00f3ria lavrado pela Vara Crime da Comarca de Tucano-BA.<\/p>\n\n\n<div class=\"wp-block-image\">\n<figure class=\"aligncenter size-large\"><img fetchpriority=\"high\" decoding=\"async\" width=\"1024\" height=\"348\" src=\"https:\/\/www.portalalerta.com.br\/wp-content\/uploads\/2024\/07\/Real-Diversao-2024-1024x348.jpg\" alt=\"\" class=\"wp-image-58229\" srcset=\"https:\/\/www.portalalerta.com.br\/wp-content\/uploads\/2024\/07\/Real-Diversao-2024-1024x348.jpg 1024w, https:\/\/www.portalalerta.com.br\/wp-content\/uploads\/2024\/07\/Real-Diversao-2024-706x240.jpg 706w, https:\/\/www.portalalerta.com.br\/wp-content\/uploads\/2024\/07\/Real-Diversao-2024-768x261.jpg 768w, https:\/\/www.portalalerta.com.br\/wp-content\/uploads\/2024\/07\/Real-Diversao-2024.jpg 1280w\" sizes=\"(max-width: 1024px) 100vw, 1024px\" \/><\/figure><\/div>\n\n\n<p>O criminoso identificado pelas iniciais S.R.M.J, hoje com 35 anos, foi condenado a 12 anos de pris\u00e3o, por um homic\u00eddio cometido na cidade baiana, no dia 12 de junho de 2008. Na \u00e9poca, por volta de 01h30, o assassino teria utilizado uma coronha de uma espingarda para arrombar a janela da casa da v\u00edtima, que dormia quando foi alvejada na cabe\u00e7a por um disparo efetuado da arma em quest\u00e3o. Desde ent\u00e3o, o autor era considerado foragido.<\/p>\n\n\n\n<p>Ap\u00f3s a pris\u00e3o, o agora capturado, foi conduzido para a Delegacia de Pol\u00edcia Civil local, de onde dever\u00e1 ser recambiado para a Bahia, onde dever\u00e1 cumprir pena.<\/p>\n\n\n\n<p><em>Reda\u00e7\u00e3o: Portal Alerta<\/em><\/p>\n","protected":false},"excerpt":{"rendered":"<p>Uma opera\u00e7\u00e3o conjunta entre policiais civis e militares de Minas Gerais, com o aux\u00edlio de Policiais Civis da 25 COORPIN, culminou na pris\u00e3o de um homicida, condenado a 12 anos de pris\u00e3o, por um crime cometido em Tucano-BA.<\/p>\n","protected":false},"author":2,"featured_media":58230,"comment_status":"open","ping_status":"open","sticky":false,"template":"","format":"standard","meta":{"om_disable_all_campaigns":false,"_monsterinsights_skip_tracking":false,"_monsterinsights_sitenote_active":false,"_monsterinsights_sitenote_note":"","_monsterinsights_sitenote_category":0,"footnotes":""},"categories":[34,70,69,32,22,12],"tags":[100,71,48,75,4178,4180,129,107,4181,258,206,132,230,488,357,106,203,120,51,77,109,88,47,111,190],"class_list":["post-58228","post","type-post","status-publish","format-standard","has-post-thumbnail","hentry","category-brasil","category-destaques","category-noticias2","category-regiao","category-seguranca","category-tucano","tag-adustina","tag-antas","tag-araci","tag-cicero-dantas","tag-cipo-2","tag-crisopolis-2","tag-euclides-da-cunha","tag-fatima","tag-heliopolis-2","tag-homicida","tag-homicidio","tag-itapicuru","tag-jeremoabo","tag-mandado-de-prisao","tag-minas-gerais","tag-nova-soure","tag-novo-triunfo","tag-olindina","tag-paripiranga","tag-preso","tag-quijingue","tag-ribeira-do-amparo","tag-ribeira-do-pombal","tag-sitio-do-quinto","tag-tucano"],"aioseo_notices":[],"_links":{"self":[{"href":"https:\/\/www.portalalerta.com.br\/index.php\/wp-json\/wp\/v2\/posts\/58228","targetHints":{"allow":["GET"]}}],"collection":[{"href":"https:\/\/www.portalalerta.com.br\/index.php\/wp-json\/wp\/v2\/posts"}],"about":[{"href":"https:\/\/www.portalalerta.com.br\/index.php\/wp-json\/wp\/v2\/types\/post"}],"author":[{"embeddable":true,"href":"https:\/\/www.portalalerta.com.br\/index.php\/wp-json\/wp\/v2\/users\/2"}],"replies":[{"embeddable":true,"href":"https:\/\/www.portalalerta.com.br\/index.php\/wp-json\/wp\/v2\/comments?post=58228"}],"version-history":[{"count":1,"href":"https:\/\/www.portalalerta.com.br\/index.php\/wp-json\/wp\/v2\/posts\/58228\/revisions"}],"predecessor-version":[{"id":58231,"href":"https:\/\/www.portalalerta.com.br\/index.php\/wp-json\/wp\/v2\/posts\/58228\/revisions\/58231"}],"wp:featuredmedia":[{"embeddable":true,"href":"https:\/\/www.portalalerta.com.br\/index.php\/wp-json\/wp\/v2\/media\/58230"}],"wp:attachment":[{"href":"https:\/\/www.portalalerta.com.br\/index.php\/wp-json\/wp\/v2\/media?parent=58228"}],"wp:term":[{"taxonomy":"category","embeddable":true,"href":"https:\/\/www.portalalerta.com.br\/index.php\/wp-json\/wp\/v2\/categories?post=58228"},{"taxonomy":"post_tag","embeddable":true,"href":"https:\/\/www.portalalerta.com.br\/index.php\/wp-json\/wp\/v2\/tags?post=58228"}],"curies":[{"name":"wp","href":"https:\/\/api.w.org\/{rel}","templated":true}]}}