{"id":58594,"date":"2024-07-21T15:42:55","date_gmt":"2024-07-21T18:42:55","guid":{"rendered":"https:\/\/www.portalalerta.com.br\/?p=58594"},"modified":"2024-07-21T15:42:57","modified_gmt":"2024-07-21T18:42:57","slug":"homem-e-conduzido-para-a-delegacia-de-policia-civil-apos-causar-dano-ao-patrimonio-e-ser-flagrado-com-faca-em-ribeira-do-pombal-ba","status":"publish","type":"post","link":"https:\/\/www.portalalerta.com.br\/index.php\/2024\/07\/21\/homem-e-conduzido-para-a-delegacia-de-policia-civil-apos-causar-dano-ao-patrimonio-e-ser-flagrado-com-faca-em-ribeira-do-pombal-ba\/","title":{"rendered":"Homem \u00e9 conduzido para a Delegacia de Pol\u00edcia Civil ap\u00f3s causar dano ao patrim\u00f4nio e ser flagrado com faca, em Ribeira do Pombal-BA"},"content":{"rendered":"\n<p>Por volta das 08h50 da \u00faltima quarta-feira (17), policiais militares do 2\u00ba Pelot\u00e3o\/ Ribeira do Pombal-BA, receberam uma den\u00fancia, em que apontava um homem que estaria portando uma faca, e que teria causado danos a um ve\u00edculo no centro da cidade.<\/p>\n\n\n\n<!--more-->\n\n\n<div class=\"wp-block-image\">\n<figure class=\"alignleft size-large is-resized\"><img fetchpriority=\"high\" decoding=\"async\" src=\"https:\/\/www.portalalerta.com.br\/wp-content\/uploads\/2024\/04\/autoescola-emprego-1024x1024.jpg\" alt=\"\" class=\"wp-image-55693\" width=\"405\" height=\"405\" srcset=\"https:\/\/www.portalalerta.com.br\/wp-content\/uploads\/2024\/04\/autoescola-emprego-1024x1024.jpg 1024w, https:\/\/www.portalalerta.com.br\/wp-content\/uploads\/2024\/04\/autoescola-emprego-240x240.jpg 240w, https:\/\/www.portalalerta.com.br\/wp-content\/uploads\/2024\/04\/autoescola-emprego-768x768.jpg 768w, https:\/\/www.portalalerta.com.br\/wp-content\/uploads\/2024\/04\/autoescola-emprego.jpg 1080w\" sizes=\"(max-width: 405px) 100vw, 405px\" \/><\/figure><\/div>\n\n\n<p>Os militares seguiram para o local em quest\u00e3o, onde flagraram o autor amea\u00e7ando populares com a referida faca. Os policiais ordenaram que o autor largasse o objeto cortante, o que foi atendido de imediato.<\/p>\n\n\n\n<p>O autor, cuja identidade n\u00e3o foi divulgada, bem como a faca utilizada para o cometimento do crime, foram conduzidos e apresentados na Delegacia de Pol\u00edcia Civil onde foi registrada ocorr\u00eancia por dano ao patrim\u00f4nio privado e amea\u00e7a.<\/p>\n\n\n\n<p>Ap\u00f3s lavratura do Termo Circunstanciado de Ocorr\u00eancia, o homem foi liberado.<\/p>\n\n\n\n<p><em>Reda\u00e7\u00e3o: Portal Alerta<\/em><\/p>\n","protected":false},"excerpt":{"rendered":"<p>Por volta das 08h50 da \u00faltima quarta-feira (17), policiais militares do 2\u00ba Pelot\u00e3o\/ Ribeira do Pombal-BA, receberam uma den\u00fancia, em que apontava um homem que estaria portando uma faca, e que teria causado danos a um ve\u00edculo no centro da cidade.<\/p>\n","protected":false},"author":2,"featured_media":58592,"comment_status":"open","ping_status":"open","sticky":false,"template":"","format":"standard","meta":{"om_disable_all_campaigns":false,"_monsterinsights_skip_tracking":false,"_monsterinsights_sitenote_active":false,"_monsterinsights_sitenote_note":"","_monsterinsights_sitenote_category":0,"footnotes":""},"categories":[70,69,32,3,22],"tags":[182,100,59,71,48,75,4178,4180,261,129,107,4181,132,230,106,203,120,51,79,77,109,88,47,111,190],"class_list":["post-58594","post","type-post","status-publish","format-standard","has-post-thumbnail","hentry","category-destaques","category-noticias2","category-regiao","category-ribeira-do-pombal","category-seguranca","tag-21a-cipm","tag-adustina","tag-ameaca","tag-antas","tag-araci","tag-cicero-dantas","tag-cipo-2","tag-crisopolis-2","tag-dano-ao-patrimonio","tag-euclides-da-cunha","tag-fatima","tag-heliopolis-2","tag-itapicuru","tag-jeremoabo","tag-nova-soure","tag-novo-triunfo","tag-olindina","tag-paripiranga","tag-policia-militar","tag-preso","tag-quijingue","tag-ribeira-do-amparo","tag-ribeira-do-pombal","tag-sitio-do-quinto","tag-tucano"],"aioseo_notices":[],"_links":{"self":[{"href":"https:\/\/www.portalalerta.com.br\/index.php\/wp-json\/wp\/v2\/posts\/58594","targetHints":{"allow":["GET"]}}],"collection":[{"href":"https:\/\/www.portalalerta.com.br\/index.php\/wp-json\/wp\/v2\/posts"}],"about":[{"href":"https:\/\/www.portalalerta.com.br\/index.php\/wp-json\/wp\/v2\/types\/post"}],"author":[{"embeddable":true,"href":"https:\/\/www.portalalerta.com.br\/index.php\/wp-json\/wp\/v2\/users\/2"}],"replies":[{"embeddable":true,"href":"https:\/\/www.portalalerta.com.br\/index.php\/wp-json\/wp\/v2\/comments?post=58594"}],"version-history":[{"count":1,"href":"https:\/\/www.portalalerta.com.br\/index.php\/wp-json\/wp\/v2\/posts\/58594\/revisions"}],"predecessor-version":[{"id":58595,"href":"https:\/\/www.portalalerta.com.br\/index.php\/wp-json\/wp\/v2\/posts\/58594\/revisions\/58595"}],"wp:featuredmedia":[{"embeddable":true,"href":"https:\/\/www.portalalerta.com.br\/index.php\/wp-json\/wp\/v2\/media\/58592"}],"wp:attachment":[{"href":"https:\/\/www.portalalerta.com.br\/index.php\/wp-json\/wp\/v2\/media?parent=58594"}],"wp:term":[{"taxonomy":"category","embeddable":true,"href":"https:\/\/www.portalalerta.com.br\/index.php\/wp-json\/wp\/v2\/categories?post=58594"},{"taxonomy":"post_tag","embeddable":true,"href":"https:\/\/www.portalalerta.com.br\/index.php\/wp-json\/wp\/v2\/tags?post=58594"}],"curies":[{"name":"wp","href":"https:\/\/api.w.org\/{rel}","templated":true}]}}