{"id":58601,"date":"2024-07-21T16:01:42","date_gmt":"2024-07-21T19:01:42","guid":{"rendered":"https:\/\/www.portalalerta.com.br\/?p=58601"},"modified":"2024-07-21T16:01:43","modified_gmt":"2024-07-21T19:01:43","slug":"joe-biden-anuncia-desistencia-da-candidatura-a-reeleicao","status":"publish","type":"post","link":"https:\/\/www.portalalerta.com.br\/index.php\/2024\/07\/21\/joe-biden-anuncia-desistencia-da-candidatura-a-reeleicao\/","title":{"rendered":"Joe Biden anuncia desist\u00eancia da candidatura \u00e0 reelei\u00e7\u00e3o"},"content":{"rendered":"\n<p>An\u00fancio acontece ap\u00f3s questionamentos de integrantes do Partido Democrata sobre aptid\u00e3o f\u00edsica e mental do presidente<\/p>\n\n\n\n<!--more-->\n\n\n\n<p>O presidente dos Estados Unidos, Joe Biden, informou neste domingo (21)&nbsp;<a href=\"https:\/\/www.cnnbrasil.com.br\/internacional\/eleicoes-nos-eua-2024\/leia-integra-de-carta-em-que-biden-anuncia-desistencia-de-candidatura-nos-eua\/\" target=\"_blank\" rel=\"noreferrer noopener\">atrav\u00e9s das redes sociais que desistiu da candidatura \u00e0 reelei\u00e7\u00e3o<\/a>. Ainda assim, ele disse que cumprir\u00e1 o restante de seu mandato.<\/p>\n\n\n\n<p>\u00c9 a primeira vez que um&nbsp;<a href=\"https:\/\/www.cnnbrasil.com.br\/internacional\/eleicoes-nos-eua-2024\/biden-e-primeiro-presidente-dos-eua-a-desistir-de-reeleicao-em-mais-de-5-decadas\/\" target=\"_blank\" rel=\"noreferrer noopener\">presidente dos EUA desiste de uma corrida de reelei\u00e7\u00e3o em d\u00e9cadas<\/a>. Lyndon Johnson decidiu n\u00e3o buscar um segundo mandato completo em 1968.<\/p>\n\n\n\n<p>\u00c9 tamb\u00e9m o mais recente acontecimento em uma campanha pol\u00edtica tensa, que inclui a tentativa de assassinato contra Donald Trump.<\/p>\n\n\n\n<p>Biden estava enfrentando press\u00e3o entre os democratas do Congresso, que estavam cada vez mais convencidos de que uma derrota na vota\u00e7\u00e3o marcada para 5 de novembro tamb\u00e9m impactar\u00e1 suas disputas eleitorais.<\/p>\n\n\n\n<p><strong>Biden diz apoiar candidatura de Kamala Harris<\/strong><\/p>\n\n\n\n<p>Em uma publica\u00e7\u00e3o momentos depois de divulgar a carta sobre a desist\u00eancia, Joe Biden disse&nbsp;<a href=\"https:\/\/www.cnnbrasil.com.br\/internacional\/eleicoes-nos-eua-2024\/apos-desistencia-biden-diz-que-apoia-kamala-harris-como-candidata-do-partido-democrata\/\" target=\"_blank\" rel=\"noreferrer noopener\">que apoia a candidatura de Kamala Harris \u00e0 Presid\u00eancia dos Estados Unidos<\/a>.<\/p>\n\n\n\n<p><strong><em>\u201cMinha primeira decis\u00e3o como candidato do partido em 2020 foi escolher Kamala Harris como minha vice-presidente. E foi a melhor decis\u00e3o que tomei\u201d<\/em><\/strong>, pontuou.<\/p>\n\n\n\n<p><strong><em>\u201cHoje, quero oferecer todo o meu apoio e endosso para que Kamala seja a indicada do nosso partido este ano. Democratas \u2013 \u00e9 hora de nos unirmos e derrotar Trump. Vamos fazer isso<\/em><\/strong>\u201d, concluiu.<\/p>\n\n\n\n<p><strong>Trump diz que ser\u00e1 \u201cmais f\u00e1cil\u201d derrotar Kamala Harris<\/strong><\/p>\n\n\n\n<p>Minutos depois de Biden anunciar que desistiu da corrida pela reelei\u00e7\u00e3o, o ex-presidente e candidato republicano Donald Trump&nbsp;<a href=\"https:\/\/www.cnnbrasil.com.br\/internacional\/eleicoes-nos-eua-2024\/apos-desistencia-de-biden-trump-diz-que-sera-mais-facil-derrotar-kamala-harris\/\" target=\"_blank\" rel=\"noreferrer noopener\">afirmou \u00e0&nbsp;<strong>CNN<\/strong>&nbsp;que ser\u00e1 \u201cmais f\u00e1cil\u201d derrotar a vice-presidente Kamala Harris<\/a>&nbsp;caso ela assuma a candidatura democrata.<\/p>\n\n\n\n<p>Trump falou por telefone com a \u00e2ncora da&nbsp;<strong>CNN<\/strong>&nbsp;Kaitlan Collins.<\/p>\n\n\n\n<p><strong>Candidato a vice de Trump questionou perman\u00eancia de Biden no cargo<\/strong><\/p>\n\n\n\n<p>Horas antes de o presidente dos Estados Unidos anunciar a desist\u00eancia da candidatura, o senador JD Vance, candidato a vice-presidente na chapa de Donald Trump, questionou como o democrata poderia continuar \u00e0 frente da Casa Branca.<\/p>\n\n\n\n<p><strong><em>\u201cSe Joe Biden encerrar sua campanha de reelei\u00e7\u00e3o, como poder\u00e1 justificar a perman\u00eancia como presidente?\u201d<\/em><\/strong>, escreveu JD Vance em seu perfil no X (antigo Twitter).<\/p>\n\n\n\n<p><strong><em>\u201cN\u00e3o concorrer \u00e0 reelei\u00e7\u00e3o seria uma admiss\u00e3o clara de que o presidente Trump estava certo o tempo todo sobre Biden n\u00e3o estar mentalmente apto para servir como comandante [do pa\u00eds]\u201d<\/em><\/strong>, escreveu o senador.<\/p>\n\n\n\n<p><strong><em>\u201cN\u00e3o h\u00e1 meio-termo\u201d<\/em><\/strong>, finalizou.<\/p>\n\n\n\n<p><strong>Biden pede uni\u00e3o ao Partido Democrata<\/strong><\/p>\n\n\n\n<p>Na mesma publica\u00e7\u00e3o em que anunciou apoio a Kamala Harris,&nbsp;<a href=\"https:\/\/www.cnnbrasil.com.br\/internacional\/eleicoes-nos-eua-2024\/biden-apoia-candidatura-de-kamala-harris-e-pede-uniao-ao-partido-democrata-apos-desistir-de-reeleicao\/\" target=\"_blank\" rel=\"noreferrer noopener\">Joe Biden pediu uni\u00e3o ao Partido Democrata<\/a>.<\/p>\n\n\n\n<p><strong><em>\u201cDemocratas, \u00e9 hora de ficarmos unidos e derrotar Trump. Vamos conseguir isso\u201d.<\/em><\/strong><\/p>\n\n\n\n<p><strong>Veja a \u00edntegra do comunicado nas redes sociais:<\/strong><\/p>\n\n\n\n<p><em>Meus companheiros americanos,<\/em><\/p>\n\n\n\n<p><em>Nos \u00faltimos tr\u00eas anos e meio, fizemos grandes progressos como Na\u00e7\u00e3o.<\/em><\/p>\n\n\n\n<p><em>Hoje, a Am\u00e9rica tem a economia mais forte do mundo. Fizemos investimentos hist\u00f3ricos na reconstru\u00e7\u00e3o da nossa na\u00e7\u00e3o, na redu\u00e7\u00e3o dos custos de medicamentos prescritos para idosos e na expans\u00e3o de assist\u00eancia m\u00e9dica acess\u00edvel a um n\u00famero recorde de americanos. Fornecemos cuidados extremamente necess\u00e1rios a um milh\u00e3o de veteranos expostos a subst\u00e2ncias t\u00f3xicas. Aprovamos a primeira lei de seguran\u00e7a de armas em 30 anos. Nomeamos a primeira mulher afro-americana para a Suprema Corte. E aprovamos a legisla\u00e7\u00e3o clim\u00e1tica mais significativa da hist\u00f3ria do mundo. A Am\u00e9rica nunca esteve melhor posicionada para liderar do que estamos hoje.<\/em><\/p>\n\n\n\n<p><em>Sei que nada disso poderia ter sido feito sem voc\u00eas, povo americano. Juntos, n\u00f3s superamos uma pandemia que ocorre uma vez a cada s\u00e9culo e a pior crise econ\u00f4mica desde a Grande Depress\u00e3o. Protegemos e preservamos a nossa democracia. E revitalizamos e fortalecemos nossas alian\u00e7as em todo o mundo.&nbsp;<\/em><\/p>\n\n\n\n<p><em>Foi a maior honra da minha vida servir como seu presidente.E embora tenha sido minha inten\u00e7\u00e3o buscar a reelei\u00e7\u00e3o, acredito que \u00e9 do melhor interesse do meu partido e do pa\u00eds que eu renuncie [da candidatura] e me concentre exclusivamente em cumprir meus deveres como presidente pelo restante do meu mandato.<\/em><\/p>\n\n\n\n<p><em>Falarei \u00e0 Na\u00e7\u00e3o ainda esta semana com mais detalhes sobre minha decis\u00e3o.<\/em><\/p>\n\n\n\n<p><em>Por enquanto, deixe-me expressar minha mais profunda gratid\u00e3o a todos aqueles que trabalharam tanto para me ver reeleito. Quero agradecer \u00e0 vice-presidente Kamala Harris por ser uma parceira extraordin\u00e1ria em todos este trabalho. E deixe-me expressar meu sincero apre\u00e7o ao povo americano pela f\u00e9 e confian\u00e7a que voc\u00ea depositou em mim.<\/em><\/p>\n\n\n\n<p><em>Acredito hoje no que sempre acreditei: que n\u00e3o h\u00e1 nada que a Am\u00e9rica n\u00e3o possa fazer quando o fazemos junto. S\u00f3 temos que lembrar que somos os Estados Unidos da Am\u00e9rica.<\/em><\/p>\n\n\n\n<p><em>Fonte: CNN<\/em><\/p>\n","protected":false},"excerpt":{"rendered":"<p>An\u00fancio acontece ap\u00f3s questionamentos de integrantes do Partido Democrata sobre aptid\u00e3o f\u00edsica e mental do presidente<\/p>\n","protected":false},"author":2,"featured_media":58346,"comment_status":"open","ping_status":"open","sticky":false,"template":"","format":"standard","meta":{"om_disable_all_campaigns":false,"_monsterinsights_skip_tracking":false,"_monsterinsights_sitenote_active":false,"_monsterinsights_sitenote_note":"","_monsterinsights_sitenote_category":0,"footnotes":""},"categories":[70,35,69,21],"tags":[],"class_list":["post-58601","post","type-post","status-publish","format-standard","has-post-thumbnail","hentry","category-destaques","category-mundo","category-noticias2","category-politica"],"aioseo_notices":[],"_links":{"self":[{"href":"https:\/\/www.portalalerta.com.br\/index.php\/wp-json\/wp\/v2\/posts\/58601","targetHints":{"allow":["GET"]}}],"collection":[{"href":"https:\/\/www.portalalerta.com.br\/index.php\/wp-json\/wp\/v2\/posts"}],"about":[{"href":"https:\/\/www.portalalerta.com.br\/index.php\/wp-json\/wp\/v2\/types\/post"}],"author":[{"embeddable":true,"href":"https:\/\/www.portalalerta.com.br\/index.php\/wp-json\/wp\/v2\/users\/2"}],"replies":[{"embeddable":true,"href":"https:\/\/www.portalalerta.com.br\/index.php\/wp-json\/wp\/v2\/comments?post=58601"}],"version-history":[{"count":1,"href":"https:\/\/www.portalalerta.com.br\/index.php\/wp-json\/wp\/v2\/posts\/58601\/revisions"}],"predecessor-version":[{"id":58602,"href":"https:\/\/www.portalalerta.com.br\/index.php\/wp-json\/wp\/v2\/posts\/58601\/revisions\/58602"}],"wp:featuredmedia":[{"embeddable":true,"href":"https:\/\/www.portalalerta.com.br\/index.php\/wp-json\/wp\/v2\/media\/58346"}],"wp:attachment":[{"href":"https:\/\/www.portalalerta.com.br\/index.php\/wp-json\/wp\/v2\/media?parent=58601"}],"wp:term":[{"taxonomy":"category","embeddable":true,"href":"https:\/\/www.portalalerta.com.br\/index.php\/wp-json\/wp\/v2\/categories?post=58601"},{"taxonomy":"post_tag","embeddable":true,"href":"https:\/\/www.portalalerta.com.br\/index.php\/wp-json\/wp\/v2\/tags?post=58601"}],"curies":[{"name":"wp","href":"https:\/\/api.w.org\/{rel}","templated":true}]}}