{"id":58606,"date":"2024-07-21T18:15:25","date_gmt":"2024-07-21T21:15:25","guid":{"rendered":"https:\/\/www.portalalerta.com.br\/?p=58606"},"modified":"2024-07-21T18:15:27","modified_gmt":"2024-07-21T21:15:27","slug":"paz-ou-guerra-dispara-maduro-antes-das-presidenciais-na-venezuela","status":"publish","type":"post","link":"https:\/\/www.portalalerta.com.br\/index.php\/2024\/07\/21\/paz-ou-guerra-dispara-maduro-antes-das-presidenciais-na-venezuela\/","title":{"rendered":"&#8216;Paz ou guerra&#8217;, dispara Maduro antes das presidenciais na Venezuela"},"content":{"rendered":"\n<p>Chefe de Estado esquerdista advertiu que poderia ocorrer um &#8220;banho de sangue&#8221; na Venezuela se o chavismo n\u00e3o vencer as elei\u00e7\u00f5es<\/p>\n\n\n\n<!--more-->\n\n\n\n<p><strong><em>&#8220;Paz ou guerra&#8221;<\/em><\/strong>, disparou, nesse s\u00e1bado (20), o presidente da Venezuela, Nicol\u00e1s Maduro, como dilema com vistas \u00e0s elei\u00e7\u00f5es presidenciais de 28 de julho, nas quais tentar\u00e1 a reelei\u00e7\u00e3o.<\/p>\n\n\n\n<p><strong><em>&#8220;Em 28 de julho se decide o futuro da Venezuela para os pr\u00f3ximos 50 anos. Se vem uma Venezuela de paz ou uma Venezuela convulsionada, violenta e cheia de conflitos. Paz ou guerra&#8221;,<\/em><\/strong> clamou Maduro em um com\u00edcio na cidade de Matur\u00edn (leste), onde mais cedo a l\u00edder opositora Mar\u00eda Corina Machado foi recebida por uma multid\u00e3o em outro ato eleitoral.<\/p>\n\n\n\n<p>Maduro, de 61 anos e na Presid\u00eancia desde 2013, disse a seus apoiadores que na elei\u00e7\u00e3o ser\u00e1 definido <strong><em>&#8220;se vem uma Venezuela para construir uma nova sociedade de iguais, sem castas de sobrenomes, onde constru\u00edmos nosso pr\u00f3prio modelo econ\u00f4mico e retomamos o estado de bem-estar social deixado por (o ex-presidente Hugo) Ch\u00e1vez, ou vem uma Venezuela das elites, com o povo exclu\u00eddo e tudo privatizado&#8221;.<\/em><\/strong><\/p>\n\n\n\n<p>Machado, que venceu no fim de 2023 as prim\u00e1rias da oposi\u00e7\u00e3o, n\u00e3o p\u00f4de se candidatar \u00e0 Presid\u00eancia porque foi inabilitada politicamente.<\/p>\n\n\n\n<p>No entanto, ela promove ativamente a candidatura do ex-embaixador Edmundo Gonz\u00e1lez Urrutia, at\u00e9 meses atr\u00e1s um desconhecido, mas a quem a maioria das pesquisas d\u00e3o vantagem, como deposit\u00e1rio do legado pol\u00edtico da carism\u00e1tica Machado.<\/p>\n\n\n<div class=\"wp-block-image\">\n<figure class=\"alignleft size-large is-resized\"><img fetchpriority=\"high\" decoding=\"async\" src=\"https:\/\/www.portalalerta.com.br\/wp-content\/uploads\/2024\/04\/autoescola-emprego-1024x1024.jpg\" alt=\"\" class=\"wp-image-55693\" width=\"435\" height=\"435\" srcset=\"https:\/\/www.portalalerta.com.br\/wp-content\/uploads\/2024\/04\/autoescola-emprego-1024x1024.jpg 1024w, https:\/\/www.portalalerta.com.br\/wp-content\/uploads\/2024\/04\/autoescola-emprego-240x240.jpg 240w, https:\/\/www.portalalerta.com.br\/wp-content\/uploads\/2024\/04\/autoescola-emprego-768x768.jpg 768w, https:\/\/www.portalalerta.com.br\/wp-content\/uploads\/2024\/04\/autoescola-emprego.jpg 1080w\" sizes=\"(max-width: 435px) 100vw, 435px\" \/><\/figure><\/div>\n\n\n<p>H\u00e1 alguns dias, o chefe de Estado esquerdista advertiu que poderia ocorrer um <strong><em>&#8220;banho de sangue&#8221;<\/em><\/strong> na Venezuela se o chavismo n\u00e3o vencer as elei\u00e7\u00f5es.<\/p>\n\n\n\n<p><strong><em>&#8220;O destino da Venezuela no s\u00e9culo XXI depende da nossa vit\u00f3ria em 28 de julho. Se n\u00e3o querem que a Venezuela caia em um banho de sangue, em uma guerra civil fratricida produto dos fascistas, vamos garantir o maior sucesso, a maior vit\u00f3ria eleitoral do nosso povo&#8221;<\/em><\/strong>, disse Maduro em um ato de campanha na ter\u00e7a-feira, em Caracas.<\/p>\n\n\n\n<p>Neste s\u00e1bado, ele assegurou que tem o favoritismo dos eleitores.<\/p>\n\n\n\n<p><strong><em>&#8220;Desde j\u00e1, querem cantar fraude. Eles sabem a verdade, as ruas sabem a verdade, o povo sabe a verdade. Estamos vencendo e vencendo bem, estamos vencendo pelo caminho do meio. Ela sabe e os gringos sabem&#8221;<\/em><\/strong>, acrescentou.<\/p>\n\n\n\n<p>Maduro, que foi parlamentar, chanceler e vice-presidente, sucedeu na Presid\u00eancia a Ch\u00e1vez, morto em 2013 com um c\u00e2ncer.<\/p>\n\n\n\n<p>Ch\u00e1vez, duramente confrontado com os Estados Unidos, governou a Venezuela durante 14 anos no que chamou de &#8220;revolu\u00e7\u00e3o bolivariana&#8221;.<\/p>\n\n\n\n<p><em>Fonte: R7<\/em><\/p>\n","protected":false},"excerpt":{"rendered":"<p>Chefe de Estado esquerdista advertiu que poderia ocorrer um &#8220;banho de sangue&#8221; na Venezuela se o chavismo n\u00e3o vencer as elei\u00e7\u00f5es<\/p>\n","protected":false},"author":2,"featured_media":55919,"comment_status":"open","ping_status":"open","sticky":false,"template":"","format":"standard","meta":{"om_disable_all_campaigns":false,"_monsterinsights_skip_tracking":false,"_monsterinsights_sitenote_active":false,"_monsterinsights_sitenote_note":"","_monsterinsights_sitenote_category":0,"footnotes":""},"categories":[70,35,69,21],"tags":[100,71,48,75,4178,4180,5695,129,107,4181,132,230,339,6146,106,203,120,51,109,88,47,111,190,326],"class_list":["post-58606","post","type-post","status-publish","format-standard","has-post-thumbnail","hentry","category-destaques","category-mundo","category-noticias2","category-politica","tag-adustina","tag-antas","tag-araci","tag-cicero-dantas","tag-cipo-2","tag-crisopolis-2","tag-eleicoes-2024","tag-euclides-da-cunha","tag-fatima","tag-heliopolis-2","tag-itapicuru","tag-jeremoabo","tag-mundo","tag-nicolas-maduro-2","tag-nova-soure","tag-novo-triunfo","tag-olindina","tag-paripiranga","tag-quijingue","tag-ribeira-do-amparo","tag-ribeira-do-pombal","tag-sitio-do-quinto","tag-tucano","tag-venezuela"],"aioseo_notices":[],"_links":{"self":[{"href":"https:\/\/www.portalalerta.com.br\/index.php\/wp-json\/wp\/v2\/posts\/58606","targetHints":{"allow":["GET"]}}],"collection":[{"href":"https:\/\/www.portalalerta.com.br\/index.php\/wp-json\/wp\/v2\/posts"}],"about":[{"href":"https:\/\/www.portalalerta.com.br\/index.php\/wp-json\/wp\/v2\/types\/post"}],"author":[{"embeddable":true,"href":"https:\/\/www.portalalerta.com.br\/index.php\/wp-json\/wp\/v2\/users\/2"}],"replies":[{"embeddable":true,"href":"https:\/\/www.portalalerta.com.br\/index.php\/wp-json\/wp\/v2\/comments?post=58606"}],"version-history":[{"count":2,"href":"https:\/\/www.portalalerta.com.br\/index.php\/wp-json\/wp\/v2\/posts\/58606\/revisions"}],"predecessor-version":[{"id":58608,"href":"https:\/\/www.portalalerta.com.br\/index.php\/wp-json\/wp\/v2\/posts\/58606\/revisions\/58608"}],"wp:featuredmedia":[{"embeddable":true,"href":"https:\/\/www.portalalerta.com.br\/index.php\/wp-json\/wp\/v2\/media\/55919"}],"wp:attachment":[{"href":"https:\/\/www.portalalerta.com.br\/index.php\/wp-json\/wp\/v2\/media?parent=58606"}],"wp:term":[{"taxonomy":"category","embeddable":true,"href":"https:\/\/www.portalalerta.com.br\/index.php\/wp-json\/wp\/v2\/categories?post=58606"},{"taxonomy":"post_tag","embeddable":true,"href":"https:\/\/www.portalalerta.com.br\/index.php\/wp-json\/wp\/v2\/tags?post=58606"}],"curies":[{"name":"wp","href":"https:\/\/api.w.org\/{rel}","templated":true}]}}