{"id":58854,"date":"2024-07-27T21:21:36","date_gmt":"2024-07-28T00:21:36","guid":{"rendered":"https:\/\/www.portalalerta.com.br\/?p=58854"},"modified":"2024-07-27T21:35:14","modified_gmt":"2024-07-28T00:35:14","slug":"ex-vice-de-brenno-de-dada-nao-aceita-mudanca-de-chapa-e-adere-ao-projeto-de-reeleicao-de-eriksson-silva","status":"publish","type":"post","link":"https:\/\/www.portalalerta.com.br\/index.php\/2024\/07\/27\/ex-vice-de-brenno-de-dada-nao-aceita-mudanca-de-chapa-e-adere-ao-projeto-de-reeleicao-de-eriksson-silva\/","title":{"rendered":"Ex-vice de Brenno de Dad\u00e1 n\u00e3o aceita mudan\u00e7a de chapa, e adere ao Projeto de Reelei\u00e7\u00e3o de Eriksson Silva"},"content":{"rendered":"\n<p>Na \u00faltima quarta-feira (24), o pr\u00e9-candidato a prefeito pela oposi\u00e7\u00e3o pombalense Brenno de Dad\u00e1 (PP) anunciou a forma\u00e7\u00e3o de uma nova chapa, em que segundo ele, estaria unindo as oposi\u00e7\u00f5es na cidade.<\/p>\n\n\n\n<!--more-->\n\n\n<div class=\"wp-block-image\">\n<figure class=\"alignleft size-large is-resized\"><img fetchpriority=\"high\" decoding=\"async\" src=\"https:\/\/www.portalalerta.com.br\/wp-content\/uploads\/2024\/04\/Sabino-Tijolo-576x1024.jpg\" alt=\"\" class=\"wp-image-56164\" width=\"401\" height=\"713\" srcset=\"https:\/\/www.portalalerta.com.br\/wp-content\/uploads\/2024\/04\/Sabino-Tijolo-576x1024.jpg 576w, https:\/\/www.portalalerta.com.br\/wp-content\/uploads\/2024\/04\/Sabino-Tijolo-135x240.jpg 135w, https:\/\/www.portalalerta.com.br\/wp-content\/uploads\/2024\/04\/Sabino-Tijolo.jpg 591w\" sizes=\"(max-width: 401px) 100vw, 401px\" \/><\/figure><\/div>\n\n\n<p>Na ocasi\u00e3o, Brenno lan\u00e7ou o nome do ex-vereador Toninho (Solidariedade), para ser o seu vice, substituindo Ricardo Rodrigues, at\u00e9 ent\u00e3o anunciado como o vice do pepista. <a href=\"https:\/\/www.portalalerta.com.br\/index.php\/2024\/07\/24\/toninho-declara-apoio-a-brenno-de-dada-e-decreta-uniao-entre-as-oposicoes-em-ribeira-do-pombal-ba\/\"><strong>Relembre<\/strong><\/a><\/p>\n\n\n\n<p>Ao contr\u00e1rio do que tinha sido divulgado inicialmente por Brenno, a composi\u00e7\u00e3o da chapa Brenno\/ Toninho ainda est\u00e1 longe de unir as oposi\u00e7\u00f5es. Isso porque <a href=\"https:\/\/www.portalalerta.com.br\/index.php\/2024\/07\/26\/apos-impasse-em-ribeira-do-pombal-ba-federacao-brasil-da-esperanca-decide-nao-lancar-chapa-majoritaria-nem-apoiar-candidatos-pt-decidira-se-mantera-candidaturas-ao-legislativo\/\"><strong>Dr. Jairo e o Partido dos Trabalhadores, n\u00e3o seguiram a decis\u00e3o, for\u00e7ando a Federa\u00e7\u00e3o Brasil da Esperan\u00e7a, composta pelo PT, al\u00e9m do PV e PC do B, a n\u00e3o lan\u00e7ar candidato ao executivo pombalense, bem como proibir as legendas em apoiarem qualquer candidato a prefeito, nas elei\u00e7\u00f5es 2024<\/strong><\/a>.<\/p>\n\n\n\n<p>Outro que demonstrou insatisfa\u00e7\u00e3o, foi Ricardo Rodrigues, que comentou em uma postagem nas redes sociais, em que afirmava que o mesmo teria retirado a pr\u00e9-candidatura a vice, para a ades\u00e3o de Toninho. Disse Ricardo: <strong><em>\u201cEu retirei? Eu entrei em acordo? Fiquei sabendo pela boca do povo e pela internet, parab\u00e9ns a chapa\u201d<\/em><\/strong>. A insatisfa\u00e7\u00e3o do \u201cex-vice\u201d ficou mais clara ainda nesta sexta-feira (27), quando Ricardo e seus familiares declararam apoio \u00e0 pr\u00e9-candidatura do prefeito Eriksson Silva, que busca a reelei\u00e7\u00e3o.<\/p>\n\n\n<div class=\"wp-block-image\">\n<figure class=\"aligncenter size-full\"><img decoding=\"async\" width=\"443\" height=\"509\" src=\"https:\/\/www.portalalerta.com.br\/wp-content\/uploads\/2024\/07\/\u00b4Ricardo-Rodrigues-comenta-Sertao-Quente-2024.jpg\" alt=\"\" class=\"wp-image-58850\" srcset=\"https:\/\/www.portalalerta.com.br\/wp-content\/uploads\/2024\/07\/\u00b4Ricardo-Rodrigues-comenta-Sertao-Quente-2024.jpg 443w, https:\/\/www.portalalerta.com.br\/wp-content\/uploads\/2024\/07\/\u00b4Ricardo-Rodrigues-comenta-Sertao-Quente-2024-209x240.jpg 209w\" sizes=\"(max-width: 443px) 100vw, 443px\" \/><\/figure><\/div>\n\n<div class=\"wp-block-image\">\n<figure class=\"aligncenter size-full\"><img decoding=\"async\" width=\"400\" height=\"300\" src=\"https:\/\/www.portalalerta.com.br\/wp-content\/uploads\/2024\/07\/familia-Rodrigues-com-Eriksson-Silva-2024.jpg\" alt=\"\" class=\"wp-image-58849\" srcset=\"https:\/\/www.portalalerta.com.br\/wp-content\/uploads\/2024\/07\/familia-Rodrigues-com-Eriksson-Silva-2024.jpg 400w, https:\/\/www.portalalerta.com.br\/wp-content\/uploads\/2024\/07\/familia-Rodrigues-com-Eriksson-Silva-2024-320x240.jpg 320w\" sizes=\"(max-width: 400px) 100vw, 400px\" \/><figcaption class=\"wp-element-caption\">Fam\u00edlia Rodrigues declara apoio a Eriksson Silva <\/figcaption><\/figure><\/div>\n\n\n<p><em>Reda\u00e7\u00e3o: Portal Alerta<\/em><\/p>\n\n\n\n<p><em>Com informa\u00e7\u00f5es: Joilson Costa<\/em><\/p>\n","protected":false},"excerpt":{"rendered":"<p>Na \u00faltima quarta-feira (24), o pr\u00e9-candidato a prefeito pela oposi\u00e7\u00e3o pombalense Brenno de Dad\u00e1 (PP) anunciou a forma\u00e7\u00e3o de uma nova chapa, em que segundo ele, estaria unindo as oposi\u00e7\u00f5es na cidade.<\/p>\n","protected":false},"author":2,"featured_media":58848,"comment_status":"open","ping_status":"open","sticky":false,"template":"","format":"standard","meta":{"om_disable_all_campaigns":false,"_monsterinsights_skip_tracking":false,"_monsterinsights_sitenote_active":false,"_monsterinsights_sitenote_note":"","_monsterinsights_sitenote_category":0,"footnotes":""},"categories":[70,69,21,32,3],"tags":[100,71,48,7143,75,4178,4180,5695,3400,129,107,4181,132,230,106,203,120,646,51,109,88,47,111,1654,190],"class_list":["post-58854","post","type-post","status-publish","format-standard","has-post-thumbnail","hentry","category-destaques","category-noticias2","category-politica","category-regiao","category-ribeira-do-pombal","tag-adustina","tag-antas","tag-araci","tag-brenno-de-dada","tag-cicero-dantas","tag-cipo-2","tag-crisopolis-2","tag-eleicoes-2024","tag-eriksson-silva","tag-euclides-da-cunha","tag-fatima","tag-heliopolis-2","tag-itapicuru","tag-jeremoabo","tag-nova-soure","tag-novo-triunfo","tag-olindina","tag-oposicao","tag-paripiranga","tag-quijingue","tag-ribeira-do-amparo","tag-ribeira-do-pombal","tag-sitio-do-quinto","tag-situacao","tag-tucano"],"aioseo_notices":[],"_links":{"self":[{"href":"https:\/\/www.portalalerta.com.br\/index.php\/wp-json\/wp\/v2\/posts\/58854","targetHints":{"allow":["GET"]}}],"collection":[{"href":"https:\/\/www.portalalerta.com.br\/index.php\/wp-json\/wp\/v2\/posts"}],"about":[{"href":"https:\/\/www.portalalerta.com.br\/index.php\/wp-json\/wp\/v2\/types\/post"}],"author":[{"embeddable":true,"href":"https:\/\/www.portalalerta.com.br\/index.php\/wp-json\/wp\/v2\/users\/2"}],"replies":[{"embeddable":true,"href":"https:\/\/www.portalalerta.com.br\/index.php\/wp-json\/wp\/v2\/comments?post=58854"}],"version-history":[{"count":3,"href":"https:\/\/www.portalalerta.com.br\/index.php\/wp-json\/wp\/v2\/posts\/58854\/revisions"}],"predecessor-version":[{"id":58866,"href":"https:\/\/www.portalalerta.com.br\/index.php\/wp-json\/wp\/v2\/posts\/58854\/revisions\/58866"}],"wp:featuredmedia":[{"embeddable":true,"href":"https:\/\/www.portalalerta.com.br\/index.php\/wp-json\/wp\/v2\/media\/58848"}],"wp:attachment":[{"href":"https:\/\/www.portalalerta.com.br\/index.php\/wp-json\/wp\/v2\/media?parent=58854"}],"wp:term":[{"taxonomy":"category","embeddable":true,"href":"https:\/\/www.portalalerta.com.br\/index.php\/wp-json\/wp\/v2\/categories?post=58854"},{"taxonomy":"post_tag","embeddable":true,"href":"https:\/\/www.portalalerta.com.br\/index.php\/wp-json\/wp\/v2\/tags?post=58854"}],"curies":[{"name":"wp","href":"https:\/\/api.w.org\/{rel}","templated":true}]}}