{"id":59018,"date":"2024-07-31T09:03:00","date_gmt":"2024-07-31T12:03:00","guid":{"rendered":"https:\/\/www.portalalerta.com.br\/?p=59018"},"modified":"2024-07-30T23:20:09","modified_gmt":"2024-07-31T02:20:09","slug":"fim-do-misterio-prefeita-de-banzae-ba-anuncia-patricia-como-pre-candidata-a-prefeitura-nas-eleicoes-2024","status":"publish","type":"post","link":"https:\/\/www.portalalerta.com.br\/index.php\/2024\/07\/31\/fim-do-misterio-prefeita-de-banzae-ba-anuncia-patricia-como-pre-candidata-a-prefeitura-nas-eleicoes-2024\/","title":{"rendered":"Fim do Mist\u00e9rio: Prefeita de Banza\u00ea-BA anuncia Patr\u00edcia como pr\u00e9-candidata \u00e0 prefeitura nas elei\u00e7\u00f5es 2024"},"content":{"rendered":"\n<p>Ap\u00f3s meses de espera, finalmente a prefeita de Banza\u00ea-BA, Jailma Dantas anunciou a chapa majorit\u00e1ria para concorrer \u00e0s elei\u00e7\u00f5es municipais em 2024.<\/p>\n\n\n\n<!--more-->\n\n\n\n<p>O nome escolhido por Jailma, foi o da sua concunhada Patr\u00edcia Nascimento Almeida, que dever\u00e1 ter seu nome confirmado na conven\u00e7\u00e3o partid\u00e1ria do Partido dos Trabalhadores, que ir\u00e1 acontecer no pr\u00f3ximo s\u00e1bado (03), no Sal\u00e3o Paroquial da cidade. O vice de Patr\u00edcia ser\u00e1 Adriano, que \u00e9 o atual vice de Jailma.<\/p>\n\n\n<div class=\"wp-block-image\">\n<figure class=\"aligncenter size-large\"><img fetchpriority=\"high\" decoding=\"async\" width=\"1024\" height=\"348\" src=\"https:\/\/www.portalalerta.com.br\/wp-content\/uploads\/2024\/07\/Real-Diversao-2024-1024x348.jpg\" alt=\"\" class=\"wp-image-58229\" srcset=\"https:\/\/www.portalalerta.com.br\/wp-content\/uploads\/2024\/07\/Real-Diversao-2024-1024x348.jpg 1024w, https:\/\/www.portalalerta.com.br\/wp-content\/uploads\/2024\/07\/Real-Diversao-2024-706x240.jpg 706w, https:\/\/www.portalalerta.com.br\/wp-content\/uploads\/2024\/07\/Real-Diversao-2024-768x261.jpg 768w, https:\/\/www.portalalerta.com.br\/wp-content\/uploads\/2024\/07\/Real-Diversao-2024.jpg 1280w\" sizes=\"(max-width: 1024px) 100vw, 1024px\" \/><\/figure><\/div>\n\n\n<p>Patr\u00edcia j\u00e1 governou o munic\u00edpio, entre 2013 e 2016, per\u00edodo em que optou por n\u00e3o concorrer \u00e0 reelei\u00e7\u00e3o, diante da gest\u00e3o que foi bastante contestada. Na \u00e9poca, Jailma que exercia um cargo no Governo do estado, retornou para a cidade onde garantiu a vit\u00f3ria para o grupo que governa a cidade h\u00e1 d\u00e9cadas. Atualmente Patr\u00edcia estava \u00e0 frente da Pasta de Assist\u00eancia Social, de onde pediu exonera\u00e7\u00e3o para concorrer \u00e0s elei\u00e7\u00f5es 2024. <a href=\"https:\/\/www.portalalerta.com.br\/index.php\/2024\/06\/05\/eleicoes-municipais-de-banzae-ba-dando-uma-clareada-para-indicacao-do-grupo-da-situacao\/\"><strong>Relembre<\/strong><\/a><\/p>\n\n\n\n<p><em>Reda\u00e7\u00e3o: Portal Alerta &nbsp;<\/em><\/p>\n","protected":false},"excerpt":{"rendered":"<p>Ap\u00f3s meses de espera, finalmente a prefeita de Banza\u00ea-BA, Jailma Dantas anunciou a chapa majorit\u00e1ria para concorrer \u00e0s elei\u00e7\u00f5es municipais em 2024.<\/p>\n","protected":false},"author":2,"featured_media":59024,"comment_status":"open","ping_status":"open","sticky":false,"template":"","format":"standard","meta":{"om_disable_all_campaigns":false,"_monsterinsights_skip_tracking":false,"_monsterinsights_sitenote_active":false,"_monsterinsights_sitenote_note":"","_monsterinsights_sitenote_category":0,"footnotes":""},"categories":[39,70,69,21,32],"tags":[100,71,48,75,4178,4180,5695,129,107,4181,132,921,230,106,203,120,51,7003,304,109,88,47,111,190],"class_list":["post-59018","post","type-post","status-publish","format-standard","has-post-thumbnail","hentry","category-banzae","category-destaques","category-noticias2","category-politica","category-regiao","tag-adustina","tag-antas","tag-araci","tag-cicero-dantas","tag-cipo-2","tag-crisopolis-2","tag-eleicoes-2024","tag-euclides-da-cunha","tag-fatima","tag-heliopolis-2","tag-itapicuru","tag-jailma-dantas","tag-jeremoabo","tag-nova-soure","tag-novo-triunfo","tag-olindina","tag-paripiranga","tag-patricia-nascimento","tag-pt","tag-quijingue","tag-ribeira-do-amparo","tag-ribeira-do-pombal","tag-sitio-do-quinto","tag-tucano"],"aioseo_notices":[],"_links":{"self":[{"href":"https:\/\/www.portalalerta.com.br\/index.php\/wp-json\/wp\/v2\/posts\/59018","targetHints":{"allow":["GET"]}}],"collection":[{"href":"https:\/\/www.portalalerta.com.br\/index.php\/wp-json\/wp\/v2\/posts"}],"about":[{"href":"https:\/\/www.portalalerta.com.br\/index.php\/wp-json\/wp\/v2\/types\/post"}],"author":[{"embeddable":true,"href":"https:\/\/www.portalalerta.com.br\/index.php\/wp-json\/wp\/v2\/users\/2"}],"replies":[{"embeddable":true,"href":"https:\/\/www.portalalerta.com.br\/index.php\/wp-json\/wp\/v2\/comments?post=59018"}],"version-history":[{"count":2,"href":"https:\/\/www.portalalerta.com.br\/index.php\/wp-json\/wp\/v2\/posts\/59018\/revisions"}],"predecessor-version":[{"id":59027,"href":"https:\/\/www.portalalerta.com.br\/index.php\/wp-json\/wp\/v2\/posts\/59018\/revisions\/59027"}],"wp:featuredmedia":[{"embeddable":true,"href":"https:\/\/www.portalalerta.com.br\/index.php\/wp-json\/wp\/v2\/media\/59024"}],"wp:attachment":[{"href":"https:\/\/www.portalalerta.com.br\/index.php\/wp-json\/wp\/v2\/media?parent=59018"}],"wp:term":[{"taxonomy":"category","embeddable":true,"href":"https:\/\/www.portalalerta.com.br\/index.php\/wp-json\/wp\/v2\/categories?post=59018"},{"taxonomy":"post_tag","embeddable":true,"href":"https:\/\/www.portalalerta.com.br\/index.php\/wp-json\/wp\/v2\/tags?post=59018"}],"curies":[{"name":"wp","href":"https:\/\/api.w.org\/{rel}","templated":true}]}}