{"id":59146,"date":"2024-08-04T15:18:06","date_gmt":"2024-08-04T18:18:06","guid":{"rendered":"https:\/\/www.portalalerta.com.br\/?p=59146"},"modified":"2024-08-04T15:18:07","modified_gmt":"2024-08-04T18:18:07","slug":"tres-pessoas-morrem-apos-queda-de-aviao-no-interior-de-sao-paulo","status":"publish","type":"post","link":"https:\/\/www.portalalerta.com.br\/index.php\/2024\/08\/04\/tres-pessoas-morrem-apos-queda-de-aviao-no-interior-de-sao-paulo\/","title":{"rendered":"Tr\u00eas pessoas morrem ap\u00f3s queda de avi\u00e3o no interior de S\u00e3o Paulo"},"content":{"rendered":"\n<p>Avi\u00e3o pegou fogo e todas as v\u00edtimas ficaram carbonizadas com o acidente<\/p>\n\n\n\n<!--more-->\n\n\n\n<p>Tr\u00eas pessoas morreram ap\u00f3s a queda de uma aeronave na tarde do s\u00e1bado (3) em&nbsp;Birigui, interior de S\u00e3o Paulo. Os corpos das v\u00edtimas foram encontrados carbonizados, segundo informou o Corpo de Bombeiros. As informa\u00e7\u00f5es s\u00e3o da Folha de S. Paulo.<\/p>\n\n\n\n<p>O avi\u00e3o monomotor caiu por volta das 14h, \u00e0s margens da Rodovia Senador Teot\u00f4nio Vilela. Com a queda, o ve\u00edculo a\u00e9reo pegou fogo, que espalhou em uma \u00e1rea de pasto. Segundo a For\u00e7a A\u00e9rea Brasileira, investigadores do Seripa IV (Quarto Servi\u00e7o Regional de Investiga\u00e7\u00e3o e Preven\u00e7\u00e3o de Acidentes Aeron\u00e1uticos), \u00f3rg\u00e3o regional do Cenipa (Centro de Investiga\u00e7\u00e3o e Preven\u00e7\u00e3o de Acidentes Aeron\u00e1uticos) foram acionados para realizar a investiga\u00e7\u00e3o.<\/p>\n\n\n\n<p>O avi\u00e3o era do modelo 95-A55 da Beech Aircraft havia sido fabricada em 1961 e \u00e9 registrada no nome de uma empresa de equipamentos fotovoltaicos. Ela conta com capacidade para cinco passageiros, al\u00e9m do piloto. A documenta\u00e7\u00e3o do modelo estava em dia e n\u00e3o tinha permiss\u00e3o para t\u00e1xi a\u00e9reo.<\/p>\n\n\n\n<p><em>Fonte: Metro1<\/em><\/p>\n","protected":false},"excerpt":{"rendered":"<p>Avi\u00e3o pegou fogo e todas as v\u00edtimas ficaram carbonizadas com o acidente<\/p>\n","protected":false},"author":2,"featured_media":59147,"comment_status":"open","ping_status":"open","sticky":false,"template":"","format":"standard","meta":{"om_disable_all_campaigns":false,"_monsterinsights_skip_tracking":false,"_monsterinsights_sitenote_active":false,"_monsterinsights_sitenote_note":"","_monsterinsights_sitenote_category":0,"footnotes":""},"categories":[34,70,69],"tags":[477,100,71,48,7193,93,75,4178,4180,129,107,4181,132,230,439,106,203,120,51,109,88,47,404,111,190],"class_list":["post-59146","post","type-post","status-publish","format-standard","has-post-thumbnail","hentry","category-brasil","category-destaques","category-noticias2","tag-acidente-aereo","tag-adustina","tag-antas","tag-araci","tag-birigui","tag-brasil","tag-cicero-dantas","tag-cipo-2","tag-crisopolis-2","tag-euclides-da-cunha","tag-fatima","tag-heliopolis-2","tag-itapicuru","tag-jeremoabo","tag-mortes","tag-nova-soure","tag-novo-triunfo","tag-olindina","tag-paripiranga","tag-quijingue","tag-ribeira-do-amparo","tag-ribeira-do-pombal","tag-sao-paulo","tag-sitio-do-quinto","tag-tucano"],"aioseo_notices":[],"_links":{"self":[{"href":"https:\/\/www.portalalerta.com.br\/index.php\/wp-json\/wp\/v2\/posts\/59146","targetHints":{"allow":["GET"]}}],"collection":[{"href":"https:\/\/www.portalalerta.com.br\/index.php\/wp-json\/wp\/v2\/posts"}],"about":[{"href":"https:\/\/www.portalalerta.com.br\/index.php\/wp-json\/wp\/v2\/types\/post"}],"author":[{"embeddable":true,"href":"https:\/\/www.portalalerta.com.br\/index.php\/wp-json\/wp\/v2\/users\/2"}],"replies":[{"embeddable":true,"href":"https:\/\/www.portalalerta.com.br\/index.php\/wp-json\/wp\/v2\/comments?post=59146"}],"version-history":[{"count":1,"href":"https:\/\/www.portalalerta.com.br\/index.php\/wp-json\/wp\/v2\/posts\/59146\/revisions"}],"predecessor-version":[{"id":59148,"href":"https:\/\/www.portalalerta.com.br\/index.php\/wp-json\/wp\/v2\/posts\/59146\/revisions\/59148"}],"wp:featuredmedia":[{"embeddable":true,"href":"https:\/\/www.portalalerta.com.br\/index.php\/wp-json\/wp\/v2\/media\/59147"}],"wp:attachment":[{"href":"https:\/\/www.portalalerta.com.br\/index.php\/wp-json\/wp\/v2\/media?parent=59146"}],"wp:term":[{"taxonomy":"category","embeddable":true,"href":"https:\/\/www.portalalerta.com.br\/index.php\/wp-json\/wp\/v2\/categories?post=59146"},{"taxonomy":"post_tag","embeddable":true,"href":"https:\/\/www.portalalerta.com.br\/index.php\/wp-json\/wp\/v2\/tags?post=59146"}],"curies":[{"name":"wp","href":"https:\/\/api.w.org\/{rel}","templated":true}]}}