{"id":59149,"date":"2024-08-04T15:33:30","date_gmt":"2024-08-04T18:33:30","guid":{"rendered":"https:\/\/www.portalalerta.com.br\/?p=59149"},"modified":"2024-08-04T15:33:31","modified_gmt":"2024-08-04T18:33:31","slug":"convencao-partidaria-confirma-loirinha-e-ze-da-padaria-como-chapa-da-oposicao-em-adustina-ba","status":"publish","type":"post","link":"https:\/\/www.portalalerta.com.br\/index.php\/2024\/08\/04\/convencao-partidaria-confirma-loirinha-e-ze-da-padaria-como-chapa-da-oposicao-em-adustina-ba\/","title":{"rendered":"Conven\u00e7\u00e3o Partid\u00e1ria confirma Loirinha e Z\u00e9 da Padaria como chapa da oposi\u00e7\u00e3o em Adustina-BA"},"content":{"rendered":"\n<p>Uma noite hist\u00f3rica em Adustina-BA, na \u00faltima sexta-feira (02). Uma alian\u00e7a entre os partidos PT e Solidariedade fecharam a chapa majorit\u00e1ria com Loirinha prefeita e Z\u00e9 da Padaria vice prefeito.<\/p>\n\n\n\n<!--more-->\n\n\n<div class=\"wp-block-image\">\n<figure class=\"alignleft size-large is-resized\"><img fetchpriority=\"high\" decoding=\"async\" src=\"https:\/\/www.portalalerta.com.br\/wp-content\/uploads\/2024\/04\/autoescola-emprego-1024x1024.jpg\" alt=\"\" class=\"wp-image-55693\" width=\"448\" height=\"448\" srcset=\"https:\/\/www.portalalerta.com.br\/wp-content\/uploads\/2024\/04\/autoescola-emprego-1024x1024.jpg 1024w, https:\/\/www.portalalerta.com.br\/wp-content\/uploads\/2024\/04\/autoescola-emprego-240x240.jpg 240w, https:\/\/www.portalalerta.com.br\/wp-content\/uploads\/2024\/04\/autoescola-emprego-768x768.jpg 768w, https:\/\/www.portalalerta.com.br\/wp-content\/uploads\/2024\/04\/autoescola-emprego.jpg 1080w\" sizes=\"(max-width: 448px) 100vw, 448px\" \/><\/figure><\/div>\n\n\n<p>O PT e o PC do B fecharam a chapa de candidatos a vereadoras e vereadores, foi a mensagem publicada pela Deputada Estadual F\u00e1tima Nunes (PT).<\/p>\n\n\n\n<p>Loirinha \u00e9 a atual vice-prefeita da cidade, que rompeu com a gest\u00e3o municipal ap\u00f3s o pleito eleitoral de 2022, ap\u00f3s o prefeito Paulo S\u00e9rgio declarar apoio a ACM Neto para o governo do estado. J\u00e1 Z\u00e9 da Padaria, se apresentou como uma terceira op\u00e7\u00e3o na cidade, e na conven\u00e7\u00e3o foi apresentado como vice de Loirinha.<\/p>\n\n\n\n<p><em>Reda\u00e7\u00e3o: Portal Alerta<\/em><\/p>\n","protected":false},"excerpt":{"rendered":"<p>Uma noite hist\u00f3rica em Adustina-BA, na \u00faltima sexta-feira (02). Uma alian\u00e7a entre os partidos PT e Solidariedade fecharam a chapa majorit\u00e1ria com Loirinha prefeita e Z\u00e9 da Padaria vice prefeito.<\/p>\n","protected":false},"author":2,"featured_media":59150,"comment_status":"open","ping_status":"open","sticky":false,"template":"","format":"standard","meta":{"om_disable_all_campaigns":false,"_monsterinsights_skip_tracking":false,"_monsterinsights_sitenote_active":false,"_monsterinsights_sitenote_note":"","_monsterinsights_sitenote_category":0,"footnotes":""},"categories":[40,70,69,21,32],"tags":[100,71,48,75,4178,7149,4180,5695,129,107,4181,132,230,7194,106,203,120,51,304,109,88,47,111,190,7195],"class_list":["post-59149","post","type-post","status-publish","format-standard","has-post-thumbnail","hentry","category-adustina","category-destaques","category-noticias2","category-politica","category-regiao","tag-adustina","tag-antas","tag-araci","tag-cicero-dantas","tag-cipo-2","tag-convencao-partidaria","tag-crisopolis-2","tag-eleicoes-2024","tag-euclides-da-cunha","tag-fatima","tag-heliopolis-2","tag-itapicuru","tag-jeremoabo","tag-loirinha","tag-nova-soure","tag-novo-triunfo","tag-olindina","tag-paripiranga","tag-pt","tag-quijingue","tag-ribeira-do-amparo","tag-ribeira-do-pombal","tag-sitio-do-quinto","tag-tucano","tag-ze-da-padaria"],"aioseo_notices":[],"_links":{"self":[{"href":"https:\/\/www.portalalerta.com.br\/index.php\/wp-json\/wp\/v2\/posts\/59149","targetHints":{"allow":["GET"]}}],"collection":[{"href":"https:\/\/www.portalalerta.com.br\/index.php\/wp-json\/wp\/v2\/posts"}],"about":[{"href":"https:\/\/www.portalalerta.com.br\/index.php\/wp-json\/wp\/v2\/types\/post"}],"author":[{"embeddable":true,"href":"https:\/\/www.portalalerta.com.br\/index.php\/wp-json\/wp\/v2\/users\/2"}],"replies":[{"embeddable":true,"href":"https:\/\/www.portalalerta.com.br\/index.php\/wp-json\/wp\/v2\/comments?post=59149"}],"version-history":[{"count":2,"href":"https:\/\/www.portalalerta.com.br\/index.php\/wp-json\/wp\/v2\/posts\/59149\/revisions"}],"predecessor-version":[{"id":59152,"href":"https:\/\/www.portalalerta.com.br\/index.php\/wp-json\/wp\/v2\/posts\/59149\/revisions\/59152"}],"wp:featuredmedia":[{"embeddable":true,"href":"https:\/\/www.portalalerta.com.br\/index.php\/wp-json\/wp\/v2\/media\/59150"}],"wp:attachment":[{"href":"https:\/\/www.portalalerta.com.br\/index.php\/wp-json\/wp\/v2\/media?parent=59149"}],"wp:term":[{"taxonomy":"category","embeddable":true,"href":"https:\/\/www.portalalerta.com.br\/index.php\/wp-json\/wp\/v2\/categories?post=59149"},{"taxonomy":"post_tag","embeddable":true,"href":"https:\/\/www.portalalerta.com.br\/index.php\/wp-json\/wp\/v2\/tags?post=59149"}],"curies":[{"name":"wp","href":"https:\/\/api.w.org\/{rel}","templated":true}]}}