{"id":59203,"date":"2024-08-04T19:18:34","date_gmt":"2024-08-04T22:18:34","guid":{"rendered":"https:\/\/www.portalalerta.com.br\/?p=59203"},"modified":"2024-08-05T00:44:32","modified_gmt":"2024-08-05T03:44:32","slug":"convencao-partidaria-confirma-ramon-nunes-e-fernandes-do-campo-do-brito-como-candidatos-pela-oposicao-em-banzae-ba","status":"publish","type":"post","link":"https:\/\/www.portalalerta.com.br\/index.php\/2024\/08\/04\/convencao-partidaria-confirma-ramon-nunes-e-fernandes-do-campo-do-brito-como-candidatos-pela-oposicao-em-banzae-ba\/","title":{"rendered":"Conven\u00e7\u00e3o Partid\u00e1ria confirma Ramon Nunes e Fernandes do Campo do Brito como candidatos pela oposi\u00e7\u00e3o em Banza\u00ea-BA"},"content":{"rendered":"\n<p>Na \u00faltima sexta-feira (02) Ramon Nunes (MDB), e Fernandes do Campo do Brito (AGIR), confirmaram suas candidaturas a prefeito e vice respectivamente, no munic\u00edpio de Banza\u00ea-BA<\/p>\n\n\n\n<!--more-->\n\n\n<div class=\"wp-block-image\">\n<figure class=\"alignleft size-large is-resized\"><img fetchpriority=\"high\" decoding=\"async\" src=\"https:\/\/www.portalalerta.com.br\/wp-content\/uploads\/2024\/04\/autoescola-emprego-1024x1024.jpg\" alt=\"\" class=\"wp-image-55693\" width=\"401\" height=\"401\" srcset=\"https:\/\/www.portalalerta.com.br\/wp-content\/uploads\/2024\/04\/autoescola-emprego-1024x1024.jpg 1024w, https:\/\/www.portalalerta.com.br\/wp-content\/uploads\/2024\/04\/autoescola-emprego-240x240.jpg 240w, https:\/\/www.portalalerta.com.br\/wp-content\/uploads\/2024\/04\/autoescola-emprego-768x768.jpg 768w, https:\/\/www.portalalerta.com.br\/wp-content\/uploads\/2024\/04\/autoescola-emprego.jpg 1080w\" sizes=\"(max-width: 401px) 100vw, 401px\" \/><\/figure><\/div>\n\n\n<p>A chapa \u00e9 tida como a principal representa\u00e7\u00e3o da oposi\u00e7\u00e3o na cidade, j\u00e1 que no pleito passado, Ramon perdeu para a atual prefeita Jailma Dantas (PT), por uma diferen\u00e7a de 747 votos. Desta vez, Ramon ter\u00e1 como principal advers\u00e1ria a ex-prefeita Patr\u00edcia.<\/p>\n\n\n\n<p>Ainda no evento da \u00faltima sexta-feira, Ramon e Fernandes lan\u00e7aram os nomes dos candidatos a uma vaga na C\u00e3mara de Vereadores.<\/p>\n\n\n\n<p><em>Reda\u00e7\u00e3o: Portal Alerta<\/em><\/p>\n","protected":false},"excerpt":{"rendered":"<p>Na \u00faltima sexta-feira (02) Ramon Nunes (MDB), e Fernandes do Campo do Brito (AGIR), confirmaram suas candidaturas a prefeito e vice respectivamente, no munic\u00edpio de Banza\u00ea-BA<\/p>\n","protected":false},"author":2,"featured_media":59204,"comment_status":"open","ping_status":"open","sticky":false,"template":"","format":"standard","meta":{"om_disable_all_campaigns":false,"_monsterinsights_skip_tracking":false,"_monsterinsights_sitenote_active":false,"_monsterinsights_sitenote_note":"","_monsterinsights_sitenote_category":0,"footnotes":""},"categories":[39,70,69,21,32],"tags":[7149,5695,6772,3859],"class_list":["post-59203","post","type-post","status-publish","format-standard","has-post-thumbnail","hentry","category-banzae","category-destaques","category-noticias2","category-politica","category-regiao","tag-convencao-partidaria","tag-eleicoes-2024","tag-fernandes-do-campo-do-brito","tag-ramon-nunes"],"aioseo_notices":[],"_links":{"self":[{"href":"https:\/\/www.portalalerta.com.br\/index.php\/wp-json\/wp\/v2\/posts\/59203","targetHints":{"allow":["GET"]}}],"collection":[{"href":"https:\/\/www.portalalerta.com.br\/index.php\/wp-json\/wp\/v2\/posts"}],"about":[{"href":"https:\/\/www.portalalerta.com.br\/index.php\/wp-json\/wp\/v2\/types\/post"}],"author":[{"embeddable":true,"href":"https:\/\/www.portalalerta.com.br\/index.php\/wp-json\/wp\/v2\/users\/2"}],"replies":[{"embeddable":true,"href":"https:\/\/www.portalalerta.com.br\/index.php\/wp-json\/wp\/v2\/comments?post=59203"}],"version-history":[{"count":2,"href":"https:\/\/www.portalalerta.com.br\/index.php\/wp-json\/wp\/v2\/posts\/59203\/revisions"}],"predecessor-version":[{"id":59240,"href":"https:\/\/www.portalalerta.com.br\/index.php\/wp-json\/wp\/v2\/posts\/59203\/revisions\/59240"}],"wp:featuredmedia":[{"embeddable":true,"href":"https:\/\/www.portalalerta.com.br\/index.php\/wp-json\/wp\/v2\/media\/59204"}],"wp:attachment":[{"href":"https:\/\/www.portalalerta.com.br\/index.php\/wp-json\/wp\/v2\/media?parent=59203"}],"wp:term":[{"taxonomy":"category","embeddable":true,"href":"https:\/\/www.portalalerta.com.br\/index.php\/wp-json\/wp\/v2\/categories?post=59203"},{"taxonomy":"post_tag","embeddable":true,"href":"https:\/\/www.portalalerta.com.br\/index.php\/wp-json\/wp\/v2\/tags?post=59203"}],"curies":[{"name":"wp","href":"https:\/\/api.w.org\/{rel}","templated":true}]}}