{"id":59606,"date":"2024-08-13T22:16:31","date_gmt":"2024-08-14T01:16:31","guid":{"rendered":"https:\/\/www.portalalerta.com.br\/?p=59606"},"modified":"2024-08-13T23:03:57","modified_gmt":"2024-08-14T02:03:57","slug":"moraes-manda-bloquear-rede-social-e-r-50-milhoes-do-senador-marcos-do-val","status":"publish","type":"post","link":"https:\/\/www.portalalerta.com.br\/index.php\/2024\/08\/13\/moraes-manda-bloquear-rede-social-e-r-50-milhoes-do-senador-marcos-do-val\/","title":{"rendered":"Moraes manda bloquear rede social e R$ 50 milh\u00f5es do senador Marcos Do Val"},"content":{"rendered":"\n<p>Em julho, ministro deu 48 horas para que o parlamentar explicasse novas postagens com cr\u00edticas ao STF<\/p>\n\n\n\n<!--more-->\n\n\n\n<p>O ministro Alexandre de Moraes, do Supremo Tribunal Federal (STF), determinou, nesta segunda-feira (12), a suspens\u00e3o da conta do senador Marcos do Val (Podemos-ES) no Instagram. A medida ocorre tr\u00eas meses depois de o parlamentar voltar a ter acesso ao perfil.<\/p>\n\n\n<div class=\"wp-block-image\">\n<figure class=\"alignleft size-large is-resized\"><img fetchpriority=\"high\" decoding=\"async\" src=\"https:\/\/www.portalalerta.com.br\/wp-content\/uploads\/2024\/04\/Sabino-Tijolo-576x1024.jpg\" alt=\"\" class=\"wp-image-56164\" width=\"438\" height=\"779\" srcset=\"https:\/\/www.portalalerta.com.br\/wp-content\/uploads\/2024\/04\/Sabino-Tijolo-576x1024.jpg 576w, https:\/\/www.portalalerta.com.br\/wp-content\/uploads\/2024\/04\/Sabino-Tijolo-135x240.jpg 135w, https:\/\/www.portalalerta.com.br\/wp-content\/uploads\/2024\/04\/Sabino-Tijolo.jpg 591w\" sizes=\"(max-width: 438px) 100vw, 438px\" \/><\/figure><\/div>\n\n\n<p>Na decis\u00e3o, o ministro tamb\u00e9m ordenou o bloqueio de at\u00e9 R$ 50 milh\u00f5es de contas banc\u00e1rias do senador. Do Val vinha realizando novos ataques direcionados ao STF e a Alexandre de Moraes. Em um dos v\u00eddeos ele disse que <strong><em>\u201co cerco estava se fechando\u201d contra o ministro e que iria acion\u00e1-lo em \u201ctribunais internacionais\u201d<\/em><\/strong>.<\/p>\n\n\n\n<p>Em junho do ano passado, o STF retirou do ar as redes sociais do parlamentar\u00a0quando ele foi alvo de um mandado de busca e apreens\u00e3o cumprido pela Pol\u00edcia Federal. Na ocasi\u00e3o, era suspeito de obstruir investiga\u00e7\u00f5es sobre os atos criminosos do dia 8 de janeiro de 2023.<\/p>\n\n\n\n<p>Na \u00e9poca, Do Val relatou que teve uma reuni\u00e3o com o ex-deputado Daniel Silveira e o ex-presidente Jair Bolsonaro para discutir um suposto plano de golpe.<\/p>\n\n\n\n<p><a href=\"https:\/\/www.cnnbrasil.com.br\/politica\/pf-investiga-rachadinha-com-desvios-de-mais-de-r-10-milhoes-em-cidade-do-rs\/\"><\/a><a href=\"https:\/\/www.cnnbrasil.com.br\/politica\/pf-investiga-rachadinha-com-desvios-de-mais-de-r-10-milhoes-em-cidade-do-rs\/\"><\/a><a href=\"https:\/\/www.cnnbrasil.com.br\/politica\/pf-investiga-rachadinha-com-desvios-de-mais-de-r-10-milhoes-em-cidade-do-rs\/\"><\/a><\/p>\n\n\n\n<p>O senador teria sido incitado a gravar um encontro com Moraes, a fim de tentar uma declara\u00e7\u00e3o comprometedora que pudesse impedir a posse do presidente Luiz In\u00e1cio Lula da Silva (PT).<\/p>\n\n\n\n<p>O advogado Iggor Dantas Ramos, que atua na defesa do senador, disse que ainda n\u00e3o foi notificado da nova decis\u00e3o de Moraes, mas, considerou o valor a ser bloqueado \u201cexorbitante e completamente at\u00edpico\u201d.<\/p>\n\n\n\n<p><em>Fonte: CNN<\/em><\/p>\n","protected":false},"excerpt":{"rendered":"<p>Em julho, ministro deu 48 horas para que o parlamentar explicasse novas postagens com cr\u00edticas ao STF<\/p>\n","protected":false},"author":2,"featured_media":43597,"comment_status":"open","ping_status":"open","sticky":false,"template":"","format":"standard","meta":{"om_disable_all_campaigns":false,"_monsterinsights_skip_tracking":false,"_monsterinsights_sitenote_active":false,"_monsterinsights_sitenote_note":"","_monsterinsights_sitenote_category":0,"footnotes":""},"categories":[34,70,69,21],"tags":[1173,5891,233,216],"class_list":["post-59606","post","type-post","status-publish","format-standard","has-post-thumbnail","hentry","category-brasil","category-destaques","category-noticias2","category-politica","tag-alexandre-de-moraes","tag-marcos-do-val","tag-senador","tag-stf"],"aioseo_notices":[],"_links":{"self":[{"href":"https:\/\/www.portalalerta.com.br\/index.php\/wp-json\/wp\/v2\/posts\/59606","targetHints":{"allow":["GET"]}}],"collection":[{"href":"https:\/\/www.portalalerta.com.br\/index.php\/wp-json\/wp\/v2\/posts"}],"about":[{"href":"https:\/\/www.portalalerta.com.br\/index.php\/wp-json\/wp\/v2\/types\/post"}],"author":[{"embeddable":true,"href":"https:\/\/www.portalalerta.com.br\/index.php\/wp-json\/wp\/v2\/users\/2"}],"replies":[{"embeddable":true,"href":"https:\/\/www.portalalerta.com.br\/index.php\/wp-json\/wp\/v2\/comments?post=59606"}],"version-history":[{"count":2,"href":"https:\/\/www.portalalerta.com.br\/index.php\/wp-json\/wp\/v2\/posts\/59606\/revisions"}],"predecessor-version":[{"id":59624,"href":"https:\/\/www.portalalerta.com.br\/index.php\/wp-json\/wp\/v2\/posts\/59606\/revisions\/59624"}],"wp:featuredmedia":[{"embeddable":true,"href":"https:\/\/www.portalalerta.com.br\/index.php\/wp-json\/wp\/v2\/media\/43597"}],"wp:attachment":[{"href":"https:\/\/www.portalalerta.com.br\/index.php\/wp-json\/wp\/v2\/media?parent=59606"}],"wp:term":[{"taxonomy":"category","embeddable":true,"href":"https:\/\/www.portalalerta.com.br\/index.php\/wp-json\/wp\/v2\/categories?post=59606"},{"taxonomy":"post_tag","embeddable":true,"href":"https:\/\/www.portalalerta.com.br\/index.php\/wp-json\/wp\/v2\/tags?post=59606"}],"curies":[{"name":"wp","href":"https:\/\/api.w.org\/{rel}","templated":true}]}}