{"id":59614,"date":"2024-08-14T10:01:00","date_gmt":"2024-08-14T13:01:00","guid":{"rendered":"https:\/\/www.portalalerta.com.br\/?p=59614"},"modified":"2024-08-14T08:03:35","modified_gmt":"2024-08-14T11:03:35","slug":"mp-pede-apuracao-de-supostas-irregularidades-em-divulgacao-da-anac-de-informacoes-da-voepass","status":"publish","type":"post","link":"https:\/\/www.portalalerta.com.br\/index.php\/2024\/08\/14\/mp-pede-apuracao-de-supostas-irregularidades-em-divulgacao-da-anac-de-informacoes-da-voepass\/","title":{"rendered":"MP pede apura\u00e7\u00e3o de supostas irregularidades em divulga\u00e7\u00e3o da Anac de informa\u00e7\u00f5es da Voepass"},"content":{"rendered":"\n<p>Segundo o procurador Lucas Furtado, ag\u00eancia decidiu manter como sigiloso processo relativo \u00e0 fiscaliza\u00e7\u00e3o da Voepass<\/p>\n\n\n\n<!--more-->\n\n\n\n<p>Ao todo, 62 pessoas morreram na quedaDivulga\u00e7\u00e3o\/Secretaria de Seguran\u00e7a de SP\/Arquivo<\/p>\n\n\n\n<p>O\u00a0Minist\u00e9rio P\u00fablico junto ao TCU\u00a0(Tribunal de Contas da Uni\u00e3o) pediu para a Corte apurar poss\u00edveis irregularidades na divulga\u00e7\u00e3o de informa\u00e7\u00f5es por parte da Ag\u00eancia Nacional de Avia\u00e7\u00e3o Civil (Anac). O pedido ocorre ap\u00f3s a\u00a0queda do avi\u00e3o da Voepassna \u00faltima sexta-feira (9). O desastre matou 62 pessoas.<\/p>\n\n\n<div class=\"wp-block-image\">\n<figure class=\"aligncenter size-large\"><img fetchpriority=\"high\" decoding=\"async\" width=\"1024\" height=\"348\" src=\"https:\/\/www.portalalerta.com.br\/wp-content\/uploads\/2024\/07\/Real-Diversao-2024-1024x348.jpg\" alt=\"\" class=\"wp-image-58229\" srcset=\"https:\/\/www.portalalerta.com.br\/wp-content\/uploads\/2024\/07\/Real-Diversao-2024-1024x348.jpg 1024w, https:\/\/www.portalalerta.com.br\/wp-content\/uploads\/2024\/07\/Real-Diversao-2024-706x240.jpg 706w, https:\/\/www.portalalerta.com.br\/wp-content\/uploads\/2024\/07\/Real-Diversao-2024-768x261.jpg 768w, https:\/\/www.portalalerta.com.br\/wp-content\/uploads\/2024\/07\/Real-Diversao-2024.jpg 1280w\" sizes=\"(max-width: 1024px) 100vw, 1024px\" \/><\/figure><\/div>\n\n\n<p>A aeronave decolou de Cascavel (PR) \u00e0s 11h50 e deveria pousar em Guarulhos (SP) \u00e0s 13h45. Segundo informa\u00e7\u00f5es da For\u00e7a A\u00e9rea Brasileira, a partir das 13h21, o avi\u00e3o n\u00e3o respondeu \u00e0s chamadas do Controle de Aproxima\u00e7\u00e3o de S\u00e3o Paulo,\u00a0nem declarou emerg\u00eancia\u00a0ou reportou estar sob condi\u00e7\u00f5es meteorol\u00f3gicas adversas. A perda de contato com o radar ocorreu \u00e0s 13h22.<\/p>\n\n\n\n<p>Segundo o procurador Lucas Furtado, a pr\u00f3pria Anac decidiu, por meio da sua Ger\u00eancia T\u00e9cnica de Vigil\u00e2ncia de Aeronavegabilidade Continuada, manter como sigiloso o processo relativo \u00e0 fiscaliza\u00e7\u00e3o realizada na Voepass.<\/p>\n\n\n\n<p>\u201cEntendo que a situa\u00e7\u00e3o relatada merece a aten\u00e7\u00e3o desta Corte de Contas por envolver preju\u00edzos \u00e0 transpar\u00eancia que se exige de \u00f3rg\u00e3os e entidades p\u00fablicas. Al\u00e9m de se tratar de mat\u00e9ria de interesse p\u00fablico, entendo que a divulga\u00e7\u00e3o do processo por parte da Anac visa dar cumprimento ao seu papel prec\u00edpuo de reguladora e fiscalizadora do setor de avia\u00e7\u00e3o civil\u201d, diz.<\/p>\n\n\n\n<p>Para Furtado, na administra\u00e7\u00e3o p\u00fablica, o princ\u00edpio da transpar\u00eancia tem estatura constitucional, al\u00e9m de legisla\u00e7\u00e3o infraconstitucional, e defende que entidades devem agir de maneira aberta e acess\u00edvel, fornecendo informa\u00e7\u00f5es claras e compreens\u00edveis aos cidad\u00e3os sobre suas atividades.<\/p>\n\n\n\n<p>Em meu entendimento, \u00e9 necess\u00e1rio que o TCU se manifeste acerca das poss\u00edveis condutas atentat\u00f3rias \u00e0 transpar\u00eancia e \u00e0 moralidade administrativa nos procedimentos ora relatados a fim de decidir sobre as a\u00e7\u00f5es cab\u00edveis, haja vista tratar-se de mat\u00e9ria inserida no \u00e2mbito da sua compet\u00eancia constitucional de fiscaliza\u00e7\u00e3o\u201d, afirma.<\/p>\n\n\n\n<p><strong>Autoriza\u00e7\u00e3o Tempor\u00e1ria<\/strong><\/p>\n\n\n\n<p>A\u00a0Voepass\u00a0operava com uma autoriza\u00e7\u00e3o tempor\u00e1ria da Anac para n\u00e3o gravar oito informa\u00e7\u00f5es das\u00a0caixas-pretas. A decis\u00e3o \u00e9 de mar\u00e7o de 2023 e abrange dados como as for\u00e7as de comando de volante e pedais, funcionalidade dos\u00a0freios\u00a0e sistemas de press\u00e3o hidr\u00e1ulica. O pr\u00f3prio documento afirma que a isen\u00e7\u00e3o abrange os par\u00e2metros de voo \u201ccujo objetivo prim\u00e1rio \u00e9 auxiliar em um processo de investiga\u00e7\u00e3o de acidentes\/incidentes\u201d.<\/p>\n\n\n\n<p>Segundo a Anac, os par\u00e2metros isentados n\u00e3o configuram preju\u00edzo \u00e0s investiga\u00e7\u00f5es em curso, dispondo o Cenipa de capacidade t\u00e9cnica reconhecida internacionalmente para promover a apura\u00e7\u00e3o precisa com as informa\u00e7\u00f5es dispon\u00edveis.<\/p>\n\n\n\n<p>O relat\u00f3rio tamb\u00e9m aponta que a aus\u00eancia da grava\u00e7\u00e3o n\u00e3o afetaria o desempenho da aeronave. \u201cDo ponto de vista do impacto na seguran\u00e7a, a aus\u00eancia de grava\u00e7\u00e3o desses par\u00e2metros em si n\u00e3o afeta o desempenho da aeronave em termos de aeronavegabilidade e nem potencializa ou atenua qualquer efeito direto na seguran\u00e7a da opera\u00e7\u00e3o, sendo classificado o risco como 1C, aceit\u00e1vel.\u201d<\/p>\n\n\n\n<p><em>Fonte: Noticias R7<\/em><em><\/em><\/p>\n","protected":false},"excerpt":{"rendered":"<p>Segundo o procurador Lucas Furtado, ag\u00eancia decidiu manter como sigiloso processo relativo \u00e0 fiscaliza\u00e7\u00e3o da Voepass<\/p>\n","protected":false},"author":2,"featured_media":59475,"comment_status":"open","ping_status":"open","sticky":false,"template":"","format":"standard","meta":{"om_disable_all_campaigns":false,"_monsterinsights_skip_tracking":false,"_monsterinsights_sitenote_active":false,"_monsterinsights_sitenote_note":"","_monsterinsights_sitenote_category":0,"footnotes":""},"categories":[34,70,69],"tags":[100,824,71,48,93,75,45,46,129,107,44,132,230,352,106,203,120,51,109,88,47,111,190],"class_list":["post-59614","post","type-post","status-publish","format-standard","has-post-thumbnail","hentry","category-brasil","category-destaques","category-noticias2","tag-adustina","tag-anac","tag-antas","tag-araci","tag-brasil","tag-cicero-dantas","tag-cipo","tag-crisopolis","tag-euclides-da-cunha","tag-fatima","tag-heliopolis","tag-itapicuru","tag-jeremoabo","tag-ministerio-publico","tag-nova-soure","tag-novo-triunfo","tag-olindina","tag-paripiranga","tag-quijingue","tag-ribeira-do-amparo","tag-ribeira-do-pombal","tag-sitio-do-quinto","tag-tucano"],"aioseo_notices":[],"_links":{"self":[{"href":"https:\/\/www.portalalerta.com.br\/index.php\/wp-json\/wp\/v2\/posts\/59614","targetHints":{"allow":["GET"]}}],"collection":[{"href":"https:\/\/www.portalalerta.com.br\/index.php\/wp-json\/wp\/v2\/posts"}],"about":[{"href":"https:\/\/www.portalalerta.com.br\/index.php\/wp-json\/wp\/v2\/types\/post"}],"author":[{"embeddable":true,"href":"https:\/\/www.portalalerta.com.br\/index.php\/wp-json\/wp\/v2\/users\/2"}],"replies":[{"embeddable":true,"href":"https:\/\/www.portalalerta.com.br\/index.php\/wp-json\/wp\/v2\/comments?post=59614"}],"version-history":[{"count":2,"href":"https:\/\/www.portalalerta.com.br\/index.php\/wp-json\/wp\/v2\/posts\/59614\/revisions"}],"predecessor-version":[{"id":59653,"href":"https:\/\/www.portalalerta.com.br\/index.php\/wp-json\/wp\/v2\/posts\/59614\/revisions\/59653"}],"wp:featuredmedia":[{"embeddable":true,"href":"https:\/\/www.portalalerta.com.br\/index.php\/wp-json\/wp\/v2\/media\/59475"}],"wp:attachment":[{"href":"https:\/\/www.portalalerta.com.br\/index.php\/wp-json\/wp\/v2\/media?parent=59614"}],"wp:term":[{"taxonomy":"category","embeddable":true,"href":"https:\/\/www.portalalerta.com.br\/index.php\/wp-json\/wp\/v2\/categories?post=59614"},{"taxonomy":"post_tag","embeddable":true,"href":"https:\/\/www.portalalerta.com.br\/index.php\/wp-json\/wp\/v2\/tags?post=59614"}],"curies":[{"name":"wp","href":"https:\/\/api.w.org\/{rel}","templated":true}]}}