{"id":59701,"date":"2024-08-14T19:27:24","date_gmt":"2024-08-14T22:27:24","guid":{"rendered":"https:\/\/www.portalalerta.com.br\/?p=59701"},"modified":"2024-08-14T19:27:26","modified_gmt":"2024-08-14T22:27:26","slug":"oms-declara-mpox-como-emergencia-de-saude-publica-global","status":"publish","type":"post","link":"https:\/\/www.portalalerta.com.br\/index.php\/2024\/08\/14\/oms-declara-mpox-como-emergencia-de-saude-publica-global\/","title":{"rendered":"OMS declara mpox como emerg\u00eancia de sa\u00fade p\u00fablica global"},"content":{"rendered":"\n<p>Comit\u00ea de emerg\u00eancia foi convocado ap\u00f3s aumento nos casos e preocupa\u00e7\u00e3o com nova cepa<\/p>\n\n\n\n<!--more-->\n\n\n\n<p>A Organiza\u00e7\u00e3o Mundial da Sa\u00fade declarou nesta quarta-feira (14) o surto de mpox em curso na \u00c1frica como uma emerg\u00eancia de sa\u00fade global.<\/p>\n\n\n\n<p>A OMS convocou o seu comit\u00ea de emerg\u00eancia sobre mpox devido a preocupa\u00e7\u00f5es de que uma cepa mais mortal do v\u00edrus, o clado Ib, tivesse atingido quatro prov\u00edncias de \u00c1frica anteriormente n\u00e3o afetadas. Esta cepa j\u00e1 havia sido contida na Rep\u00fablica Democr\u00e1tica do Congo.<\/p>\n\n\n<div class=\"wp-block-image\">\n<figure class=\"alignleft size-large is-resized\"><img fetchpriority=\"high\" decoding=\"async\" src=\"https:\/\/www.portalalerta.com.br\/wp-content\/uploads\/2024\/04\/autoescola-emprego-1024x1024.jpg\" alt=\"\" class=\"wp-image-55693\" width=\"363\" height=\"363\" srcset=\"https:\/\/www.portalalerta.com.br\/wp-content\/uploads\/2024\/04\/autoescola-emprego-1024x1024.jpg 1024w, https:\/\/www.portalalerta.com.br\/wp-content\/uploads\/2024\/04\/autoescola-emprego-240x240.jpg 240w, https:\/\/www.portalalerta.com.br\/wp-content\/uploads\/2024\/04\/autoescola-emprego-768x768.jpg 768w, https:\/\/www.portalalerta.com.br\/wp-content\/uploads\/2024\/04\/autoescola-emprego.jpg 1080w\" sizes=\"(max-width: 363px) 100vw, 363px\" \/><\/figure><\/div>\n\n\n<p>Especialistas independentes do comit\u00ea reuniram-se virtualmente nesta quarta-feira para aconselhar o Diretor-Geral da OMS, Tedros Adhanom Ghebreyesus, sobre a gravidade do surto. Ap\u00f3s essa consulta, ele anunciou que tinha declarado uma emerg\u00eancia de sa\u00fade p\u00fablica de preocupa\u00e7\u00e3o internacional \u2013 o mais alto n\u00edvel de alarme ao abrigo do direito internacional de sa\u00fade.<\/p>\n\n\n\n<p>Tamb\u00e9m conhecido como PHEIC, este \u00e9 um estatuto atribu\u00eddo pela OMS a \u201ceventos extraordin\u00e1rios\u201d que representam um risco para a sa\u00fade p\u00fablica de outros pa\u00edses atrav\u00e9s da propaga\u00e7\u00e3o internacional de doen\u00e7as. Estes surtos podem exigir uma resposta internacional coordenada, segundo a organiza\u00e7\u00e3o.<\/p>\n\n\n\n<p>Os Centros Africanos de Controle e Preven\u00e7\u00e3o de Doen\u00e7as declararam o surto uma emerg\u00eancia de sa\u00fade p\u00fablica de seguran\u00e7a continental no dia anterior \u2013 a primeira declara\u00e7\u00e3o deste tipo por parte da ag\u00eancia desde a sua cria\u00e7\u00e3o em 2017.<\/p>\n\n\n\n<p>Desde o in\u00edcio deste ano, foram notificados mais de 17.000 casos e mais de 500 mortes em 13 pa\u00edses de \u00c1frica, de acordo com o Centro Africano de Controle e Preven\u00e7\u00e3o de Doen\u00e7as, que classifica o surto como um \u201cevento de risco muito elevado\u201d. O maior n\u00famero de casos \u2013 mais de 14.000 \u2013 registra-se na Rep\u00fablica Democr\u00e1tica do Congo, que notificou 96% dos casos confirmados este m\u00eas.<\/p>\n\n\n\n<p>A Mpox,\u00a0anteriormente conhecida como var\u00edola dos macacos, \u00e9 uma doen\u00e7a viral que pode se espalhar facilmente entre pessoas e animais infectados. Pode espalhar-se atrav\u00e9s de contato pr\u00f3ximo, como toque, beijo ou sexo, bem como atrav\u00e9s de materiais contaminados como len\u00e7\u00f3is, roupas e agulhas, segundo a OMS. Os sintomas incluem febre, erup\u00e7\u00e3o cut\u00e2nea dolorosa, dor de cabe\u00e7a, dores musculares e nas costas, baixa energia e g\u00e2nglios linf\u00e1ticos aumentados.<\/p>\n\n\n\n<p>Durante d\u00e9cadas, a doen\u00e7a foi detectada principalmente na \u00c1frica Central e Ocidental, mas tamb\u00e9m come\u00e7ou a espalhar-se na Europa e na Am\u00e9rica do Norte em 2022. A OMS declarou anteriormente a propaga\u00e7\u00e3o da mpox uma emerg\u00eancia de sa\u00fade global em julho de 2022 e\u00a0encerrou-a em maio de 2023.<\/p>\n\n\n\n<p>A Mpox \u00e9 caracterizada por dois clados gen\u00e9ticos, I e II. Um clado \u00e9 um amplo agrupamento de v\u00edrus que evoluiu ao longo de d\u00e9cadas e \u00e9 um grupo gen\u00e9tico e clinicamente distinto. O clado Ib \u00e9 mais transmiss\u00edvel e causa doen\u00e7as mais graves.<\/p>\n\n\n\n<p>Autoridades da OMS disseram anteriormente que o v\u00edrus poderia ser contido \u201cde forma bastante simples, se fizermos as coisas certas no momento certo\u201d. As autoridades ainda pediram a coopera\u00e7\u00e3o internacional no financiamento e na organiza\u00e7\u00e3o de esfor\u00e7os para conter o surto.<\/p>\n\n\n\n<p>A organiza\u00e7\u00e3o j\u00e1 assinou o processo de Lista de Uso de Emerg\u00eancia para ambas as vacinas mpox e desenvolveu um plano de resposta regional que requer 15 milh\u00f5es de d\u00f3lares, com 1,45 milh\u00f5es de d\u00f3lares j\u00e1 liberados do Fundo de Conting\u00eancia para Emerg\u00eancias da OMS.<\/p>\n\n\n\n<p><em>Fonte: CNN<\/em><\/p>\n","protected":false},"excerpt":{"rendered":"<p>Comit\u00ea de emerg\u00eancia foi convocado ap\u00f3s aumento nos casos e preocupa\u00e7\u00e3o com nova cepa<\/p>\n","protected":false},"author":2,"featured_media":43001,"comment_status":"open","ping_status":"open","sticky":false,"template":"","format":"standard","meta":{"om_disable_all_campaigns":false,"_monsterinsights_skip_tracking":false,"_monsterinsights_sitenote_active":false,"_monsterinsights_sitenote_note":"","_monsterinsights_sitenote_category":0,"footnotes":""},"categories":[70,35,69,19],"tags":[100,71,48,75,4178,4180,129,107,4181,132,230,7209,339,106,203,120,51,109,88,47,61,111,190,5419],"class_list":["post-59701","post","type-post","status-publish","format-standard","has-post-thumbnail","hentry","category-destaques","category-mundo","category-noticias2","category-saude","tag-adustina","tag-antas","tag-araci","tag-cicero-dantas","tag-cipo-2","tag-crisopolis-2","tag-euclides-da-cunha","tag-fatima","tag-heliopolis-2","tag-itapicuru","tag-jeremoabo","tag-mpox","tag-mundo","tag-nova-soure","tag-novo-triunfo","tag-olindina","tag-paripiranga","tag-quijingue","tag-ribeira-do-amparo","tag-ribeira-do-pombal","tag-saude","tag-sitio-do-quinto","tag-tucano","tag-variola-do-macaco"],"aioseo_notices":[],"_links":{"self":[{"href":"https:\/\/www.portalalerta.com.br\/index.php\/wp-json\/wp\/v2\/posts\/59701","targetHints":{"allow":["GET"]}}],"collection":[{"href":"https:\/\/www.portalalerta.com.br\/index.php\/wp-json\/wp\/v2\/posts"}],"about":[{"href":"https:\/\/www.portalalerta.com.br\/index.php\/wp-json\/wp\/v2\/types\/post"}],"author":[{"embeddable":true,"href":"https:\/\/www.portalalerta.com.br\/index.php\/wp-json\/wp\/v2\/users\/2"}],"replies":[{"embeddable":true,"href":"https:\/\/www.portalalerta.com.br\/index.php\/wp-json\/wp\/v2\/comments?post=59701"}],"version-history":[{"count":1,"href":"https:\/\/www.portalalerta.com.br\/index.php\/wp-json\/wp\/v2\/posts\/59701\/revisions"}],"predecessor-version":[{"id":59702,"href":"https:\/\/www.portalalerta.com.br\/index.php\/wp-json\/wp\/v2\/posts\/59701\/revisions\/59702"}],"wp:featuredmedia":[{"embeddable":true,"href":"https:\/\/www.portalalerta.com.br\/index.php\/wp-json\/wp\/v2\/media\/43001"}],"wp:attachment":[{"href":"https:\/\/www.portalalerta.com.br\/index.php\/wp-json\/wp\/v2\/media?parent=59701"}],"wp:term":[{"taxonomy":"category","embeddable":true,"href":"https:\/\/www.portalalerta.com.br\/index.php\/wp-json\/wp\/v2\/categories?post=59701"},{"taxonomy":"post_tag","embeddable":true,"href":"https:\/\/www.portalalerta.com.br\/index.php\/wp-json\/wp\/v2\/tags?post=59701"}],"curies":[{"name":"wp","href":"https:\/\/api.w.org\/{rel}","templated":true}]}}