{"id":59703,"date":"2024-08-14T19:30:49","date_gmt":"2024-08-14T22:30:49","guid":{"rendered":"https:\/\/www.portalalerta.com.br\/?p=59703"},"modified":"2024-08-14T19:35:38","modified_gmt":"2024-08-14T22:35:38","slug":"acusado-de-assassinar-delegada-teria-atuado-como-falso-medico-em-euclides-da-cunha-ba","status":"publish","type":"post","link":"https:\/\/www.portalalerta.com.br\/index.php\/2024\/08\/14\/acusado-de-assassinar-delegada-teria-atuado-como-falso-medico-em-euclides-da-cunha-ba\/","title":{"rendered":"Acusado de assassinar delegada teria atuado como falso m\u00e9dico em Euclides da Cunha-BA"},"content":{"rendered":"\n<p>O homem&nbsp;suspeito de matar a delegada&nbsp;<strong>Patr\u00edcia Jackes<\/strong>&nbsp;j\u00e1 colecionava boletins de ocorr\u00eancia e processos contra ele.&nbsp;<strong>Tancredo Neves, de 26 anos<\/strong>, \u00e9 alvo de inqu\u00e9ritos por viol\u00eancia dom\u00e9stica e exerc\u00edcio ilegal da Medicina.<\/p>\n\n\n\n<!--more-->\n\n\n\n<p>A ficha criminal dele veio \u00e0 tona ap\u00f3s o assassinato da chefe de pol\u00edcia, com quem o suspeito mantinha um relacionamento. O corpo dela foi encontrado na manh\u00e3 de domingo (11), com sinais de estrangulamento.<\/p>\n\n\n\n<p>Na segunda-feira (12), j\u00e1 detido, Neves confessou o feminic\u00eddio,&nbsp;admitindo que asfixiou Patr\u00edcia. Ele teve a pris\u00e3o em flagrante convertida em preventiva.<\/p>\n\n\n\n<p><strong>Conhe\u00e7a o hist\u00f3rico do suspeito<\/strong><\/p>\n\n\n\n<p>De acordo com o delegado Arthur Gallas, do Departamento de Pol\u00edcia Metropolitana, h\u00e1 pelo menos 26 registros policiais contra Tancredo Neves, tendo quatro deles evolu\u00eddo para inqu\u00e9ritos policiais.<\/p>\n\n\n<div class=\"wp-block-image\">\n<figure class=\"aligncenter size-large\"><img fetchpriority=\"high\" decoding=\"async\" width=\"1024\" height=\"348\" src=\"https:\/\/www.portalalerta.com.br\/wp-content\/uploads\/2024\/07\/Real-Diversao-2024-1024x348.jpg\" alt=\"\" class=\"wp-image-58229\" srcset=\"https:\/\/www.portalalerta.com.br\/wp-content\/uploads\/2024\/07\/Real-Diversao-2024-1024x348.jpg 1024w, https:\/\/www.portalalerta.com.br\/wp-content\/uploads\/2024\/07\/Real-Diversao-2024-706x240.jpg 706w, https:\/\/www.portalalerta.com.br\/wp-content\/uploads\/2024\/07\/Real-Diversao-2024-768x261.jpg 768w, https:\/\/www.portalalerta.com.br\/wp-content\/uploads\/2024\/07\/Real-Diversao-2024.jpg 1280w\" sizes=\"(max-width: 1024px) 100vw, 1024px\" \/><\/figure><\/div>\n\n\n<p>Pol\u00edcia suspeita que delegada tenha sido morta horas antes de corpo ser encontrado<\/p>\n\n\n\n<p><strong><em>&#8220;Desde menor, ele j\u00e1 se envolvia em problemas, o que indicava que era uma pessoa perigosa e que n\u00e3o media esfor\u00e7os para agredir pessoas e tirar a vida, como foi o caso&#8221;<\/em><\/strong>, disse o investigador.<\/p>\n\n\n\n<p>Em janeiro de 2022, uma mulher que se relacionou com Tancredo Neves registrou uma queixa por les\u00e3o corporal dolosa contra ele na cidade de Serrinha. De acordo com o relato do crime, o suspeito deixou marcas no pesco\u00e7o da v\u00edtima.<\/p>\n\n\n\n<p>Durante o interrogat\u00f3rio, na segunda, o suspeito falou sobre o caso. Na vers\u00e3o dele, seu relacionamento com a v\u00edtima se resumiu a um encontro sexual. Ele acusou a mulher de agredi-lo e de interrogar sua noiva, que estava gr\u00e1vida na \u00e9poca. A ent\u00e3o noiva repetiu essa mesma vers\u00e3o em depoimento \u00e0 pol\u00edcia.<\/p>\n\n\n\n<ul class=\"wp-block-list\">\n<li><strong>Medida protetiva ap\u00f3s amea\u00e7a<\/strong><\/li>\n<\/ul>\n\n\n\n<p>Em abril de 2023, a Vara Criminal de Queimadas aceitou o pedido de medida protetiva de urg\u00eancia apresentado por uma ex-companheira de Tancredo Neves. No boletim de ocorr\u00eancia, a v\u00edtima relatou que ele respondia suas mensagens com palavras de baixo cal\u00e3o e fazia amea\u00e7as, <strong><em>&#8220;dizendo que [sic] um carro que passasse por cima dela&#8221;<\/em><\/strong> e que daria um tiro na mo\u00e7a se fosse condenado.<\/p>\n\n\n\n<ul class=\"wp-block-list\">\n<li><strong>Outras ocorr\u00eancias do tipo<\/strong><\/li>\n<\/ul>\n\n\n\n<p>Tamb\u00e9m durante o interrogat\u00f3rio, Tancredo Neves foi questionado sobre a acusa\u00e7\u00e3o de ter jogado uma mulher do quinto andar de um pr\u00e9dio, no Paran\u00e1. O suspeito negou o crime, cujo processo tramitou entre 2018 e 2019. Segundo ele, a mulher em quest\u00e3o era sua namorada e admitiu ter se jogado posteriormente.<\/p>\n\n\n\n<p>Na coletiva de imprensa realizada na ter\u00e7a-feira (13), o diretor de Pol\u00edcia Metropolitana, Andr\u00e9 Gallas, mencionou ainda uma den\u00fancia registrada por uma m\u00e9dica de Feira de Santana. De acordo com o investigador, ela n\u00e3o prosseguiu com a queixa por medo.<\/p>\n\n\n\n<ul class=\"wp-block-list\">\n<li><strong>Exerc\u00edcio ilegal da Medicina e falsidade ideol\u00f3gica<\/strong><\/li>\n<\/ul>\n\n\n\n<p>Al\u00e9m dos casos de viol\u00eancia,&nbsp;Neves \u00e9 alvo de um inqu\u00e9rito por exerc\u00edcio ilegal da Medicina e falsidade ideol\u00f3gica. Ele teria se formado no Paraguai, mas n\u00e3o possui certificado para trabalhar como m\u00e9dico no Brasil.<\/p>\n\n\n\n<p>O suspeito foi denunciado por uma paciente do Hospital Portugu\u00eas de&nbsp;Euclides da Cunha-BA, em outubro de 2022. O homem estaria usando o carimbo com n\u00famero de registro do pai, Arylton Feliciano de Arruda, que \u00e9 m\u00e9dico regular.<\/p>\n\n\n\n<p>O genitor tamb\u00e9m foi investigador e chegou a ser desligado da unidade de sa\u00fade por colocar o filho no est\u00e1gio regular.<\/p>\n\n\n\n<p>O g1 e a TV Bahia tentam contato com a defesa de Arylton Arruda, mas n\u00e3o obteve retorno at\u00e9 o momento. Por meio de nota, a assessoria do Hospital Portugu\u00eas de informou que o m\u00e9dico foi desligado imediatamente ap\u00f3s a unidade tomar conhecimento do ocorrido.<\/p>\n\n\n\n<p><strong>Delegada pode ter sido morta horas antes de corpo ser encontrado<\/strong><\/p>\n\n\n\n<p>Em meio \u00e0s investiga\u00e7\u00f5es sobre a morte da delegada Patr\u00edcia Jackes, a Pol\u00edcia Civil suspeita que ela tenha sido assassinada em&nbsp;Sapea\u00e7u, no rec\u00f4ncavo baiano. O&nbsp;corpo da chefe de pol\u00edcia foi encontrado dentro do carro dela, na manh\u00e3 de domingo (11), em S\u00e3o Sebasti\u00e3o do Pass\u00e9, na Regi\u00e3o Metropolitana de Salvador.<\/p>\n\n\n\n<p>O diretor da Pol\u00edcia Metropolitana (Depom), Arthur Gallas, disse que desconfiou de Neves desde o primeiro contato. O delegado plantonista atendeu a den\u00fancia falsa de sequestro.<\/p>\n\n\n\n<p><strong><em>&#8220;A gente achou que a conversa estava mal contada, de forma muito fria, apresentando uma vers\u00e3o totalmente inapropriada&#8221;<\/em><\/strong>, explicou o delegado em coletiva de imprensa realizada pela Secretaria de Seguran\u00e7a P\u00fablica (SSP-BA) nesta ter\u00e7a (13).<\/p>\n\n\n\n<p><strong>O titular da Depom destacou pelo menos tr\u00eas inconsist\u00eancias:<\/strong><\/p>\n\n\n\n<ol class=\"wp-block-list\" type=\"1\" start=\"1\">\n<li>Durante o primeiro interrogat\u00f3rio, Tancredo Neves disse que os dois pararam o carro em Sapea\u00e7u apenas para urinar, momento em que tr\u00eas indiv\u00edduos em uma motocicleta teriam abordado o casal. Para a pol\u00edcia, a hist\u00f3ria pareceu pouco cr\u00edvel, pois uma moto comporta, no m\u00e1ximo, dois adultos.<\/li>\n\n\n\n<li>Uma segunda lacuna na hist\u00f3ria inventada \u00e9 de que os suspeitos teriam abandonado Neves na estrada, com o celular. Isso n\u00e3o fez sentido para os investigadores, j\u00e1 que os indiv\u00edduos teriam exigido transfer\u00eancias em dinheiro para o casal. A pol\u00edcia tamb\u00e9m questionou por que Neves esperou &#8220;um tempo&#8221; at\u00e9 acionar as for\u00e7as de seguran\u00e7as, e n\u00e3o as procurou imediatamente.<\/li>\n\n\n\n<li>Um outro ponto de destaque foi o confronto entre o relato do suspeito e as imagens registradas no ped\u00e1gio. O suspeito disse que estava sob controle dos supostos sequestradores, que estariam sentados no banco de tr\u00e1s \u2014 Neves dirigia o ve\u00edculo, com Patr\u00edcia no carona. No entanto, as imagens mostram que o banco carona estava arreado, reduzindo o espa\u00e7o ao fundo, e Patr\u00edcia parecia im\u00f3vel, j\u00e1 morta ou desacordada.<\/li>\n<\/ol>\n\n\n\n<p><strong><em>&#8220;Uma coisa meio contradit\u00f3ria e a forma como ele se portou no ped\u00e1gio, [o suspeito estava] sorrindo, brincando&#8221;,<\/em><\/strong> comentou o delegado.<\/p>\n\n\n\n<p><strong>Exerc\u00edcio Ilegal da Medicina em Euclides da Cunha<\/strong><\/p>\n\n\n\n<p>Essa n\u00e3o \u00e9 a primeira vez, que se identifica \u201cfalsos m\u00e9dicos\u201d trabalhando no Hospital ACM\/ Portugu\u00eas, em Euclides da Cunha. Antes mesmo de Tancredo Neves ser flagrado atuando na Unidade, o PORTAL ALERTA j\u00e1 havia denunciado outro caso.<\/p>\n\n\n\n<p>Em junho de 2021, Antonio Marinho Souza Neto, foi flagrado por um acompanhante de um paciente, consultando no Hospital em quest\u00e3o, utilizando o carimbo do Diretor da Unidade, Dr. Igor Moreira Nunes, o que tornava o caso ainda mais grave, j\u00e1 que aparentemente tinha a ci\u00eancia do gestor hospitalar.<\/p>\n\n\n\n<p>Os envolvidos chegaram a ser conduzidos para a Delegacia \u00e0 \u00e9poca, e Dr. Igor, pediu desligamento do Hospital em quest\u00e3o. <strong><a href=\"https:\/\/www.portalalerta.com.br\/index.php\/2021\/07\/06\/apos-episodio-do-hospital-acm-portugues-dr-igor-renuncia-ao-cargo-de-diretor-da-unidade-em-euclides-da-cunha-ba-e-afirma-questao-politica-local\/\">Relembre<\/a><\/strong><\/p>\n\n\n\n<p><em>Fonte: G1<\/em><\/p>\n\n\n\n<p><em>Edi\u00e7\u00e3o: Portal Alerta<\/em><\/p>\n","protected":false},"excerpt":{"rendered":"<p>O homem&nbsp;suspeito de matar a delegada&nbsp;Patr\u00edcia Jackes&nbsp;j\u00e1 colecionava boletins de ocorr\u00eancia e processos contra ele.&nbsp;Tancredo Neves, de 26 anos, \u00e9 alvo de inqu\u00e9ritos por viol\u00eancia dom\u00e9stica e exerc\u00edcio ilegal da Medicina.<\/p>\n","protected":false},"author":2,"featured_media":59557,"comment_status":"open","ping_status":"open","sticky":false,"template":"","format":"standard","meta":{"om_disable_all_campaigns":false,"_monsterinsights_skip_tracking":false,"_monsterinsights_sitenote_active":false,"_monsterinsights_sitenote_note":"","_monsterinsights_sitenote_category":0,"footnotes":""},"categories":[70,17,69,32,19,22],"tags":[100,71,48,75,4178,4180,129,7210,196,1020,107,4181,258,132,230,106,203,120,51,109,88,47,111,190],"class_list":["post-59703","post","type-post","status-publish","format-standard","has-post-thumbnail","hentry","category-destaques","category-euclides-da-cunha","category-noticias2","category-regiao","category-saude","category-seguranca","tag-adustina","tag-antas","tag-araci","tag-cicero-dantas","tag-cipo-2","tag-crisopolis-2","tag-euclides-da-cunha","tag-exercicio-ilegal-da-medicina","tag-exercicio-ilegal-da-profissao","tag-falso-medico","tag-fatima","tag-heliopolis-2","tag-homicida","tag-itapicuru","tag-jeremoabo","tag-nova-soure","tag-novo-triunfo","tag-olindina","tag-paripiranga","tag-quijingue","tag-ribeira-do-amparo","tag-ribeira-do-pombal","tag-sitio-do-quinto","tag-tucano"],"aioseo_notices":[],"_links":{"self":[{"href":"https:\/\/www.portalalerta.com.br\/index.php\/wp-json\/wp\/v2\/posts\/59703","targetHints":{"allow":["GET"]}}],"collection":[{"href":"https:\/\/www.portalalerta.com.br\/index.php\/wp-json\/wp\/v2\/posts"}],"about":[{"href":"https:\/\/www.portalalerta.com.br\/index.php\/wp-json\/wp\/v2\/types\/post"}],"author":[{"embeddable":true,"href":"https:\/\/www.portalalerta.com.br\/index.php\/wp-json\/wp\/v2\/users\/2"}],"replies":[{"embeddable":true,"href":"https:\/\/www.portalalerta.com.br\/index.php\/wp-json\/wp\/v2\/comments?post=59703"}],"version-history":[{"count":2,"href":"https:\/\/www.portalalerta.com.br\/index.php\/wp-json\/wp\/v2\/posts\/59703\/revisions"}],"predecessor-version":[{"id":59707,"href":"https:\/\/www.portalalerta.com.br\/index.php\/wp-json\/wp\/v2\/posts\/59703\/revisions\/59707"}],"wp:featuredmedia":[{"embeddable":true,"href":"https:\/\/www.portalalerta.com.br\/index.php\/wp-json\/wp\/v2\/media\/59557"}],"wp:attachment":[{"href":"https:\/\/www.portalalerta.com.br\/index.php\/wp-json\/wp\/v2\/media?parent=59703"}],"wp:term":[{"taxonomy":"category","embeddable":true,"href":"https:\/\/www.portalalerta.com.br\/index.php\/wp-json\/wp\/v2\/categories?post=59703"},{"taxonomy":"post_tag","embeddable":true,"href":"https:\/\/www.portalalerta.com.br\/index.php\/wp-json\/wp\/v2\/tags?post=59703"}],"curies":[{"name":"wp","href":"https:\/\/api.w.org\/{rel}","templated":true}]}}