{"id":59705,"date":"2024-08-14T19:34:50","date_gmt":"2024-08-14T22:34:50","guid":{"rendered":"https:\/\/www.portalalerta.com.br\/?p=59705"},"modified":"2024-08-14T19:34:51","modified_gmt":"2024-08-14T22:34:51","slug":"governistas-falam-em-ataque-ao-stf-bolsonaristas-criticam-moraes-e-citam-artificios-ilegais","status":"publish","type":"post","link":"https:\/\/www.portalalerta.com.br\/index.php\/2024\/08\/14\/governistas-falam-em-ataque-ao-stf-bolsonaristas-criticam-moraes-e-citam-artificios-ilegais\/","title":{"rendered":"Governistas falam em ataque ao STF; Bolsonaristas criticam Moraes e citam \u201cartif\u00edcios ilegais\u201d"},"content":{"rendered":"\n<p>Reportagem do jornal Folha de S.Paulo aponta suposto uso informal da estrutura do TSE sob a presid\u00eancia de Moraes para subsidiar investiga\u00e7\u00f5es contra bolsonaristas no STF<\/p>\n\n\n\n<!--more-->\n\n\n\n<p>Governistas sa\u00edram em defesa do Supremo Tribunal Federal (STF) ap\u00f3s reportagem do jornal Folha de S.Paulo sobre a atua\u00e7\u00e3o de Alexandre de Moraes contra bolsonaristas, enquanto oposicionistas falaram em uso de \u201cartif\u00edcios ilegais\u201d por parte do ministro.<\/p>\n\n\n<div class=\"wp-block-image\">\n<figure class=\"alignleft size-large is-resized\"><img fetchpriority=\"high\" decoding=\"async\" src=\"https:\/\/www.portalalerta.com.br\/wp-content\/uploads\/2024\/04\/Sabino-Tijolo-576x1024.jpg\" alt=\"\" class=\"wp-image-56164\" width=\"428\" height=\"761\" srcset=\"https:\/\/www.portalalerta.com.br\/wp-content\/uploads\/2024\/04\/Sabino-Tijolo-576x1024.jpg 576w, https:\/\/www.portalalerta.com.br\/wp-content\/uploads\/2024\/04\/Sabino-Tijolo-135x240.jpg 135w, https:\/\/www.portalalerta.com.br\/wp-content\/uploads\/2024\/04\/Sabino-Tijolo.jpg 591w\" sizes=\"(max-width: 428px) 100vw, 428px\" \/><\/figure><\/div>\n\n\n<p>Sob reserva, aliados pol\u00edticos e jur\u00eddicos e ministros do presidente Luiz In\u00e1cio Lula da Silva (PT) ouvidos pela CNN falaram sobre a necessidade de\u00a0proteger a imagem de Moraes como um \u201cdefensor da democracia\u201d.<\/p>\n\n\n\n<p>Para o entorno de Lula, o\u00a0suposto uso informal da estrutura do Tribunal Superior Eleitoral (TSE) sob a presid\u00eancia de Moraes para subsidiar investiga\u00e7\u00f5es contra bolsonaristas no Supremo\u00a0tem pouco impacto jur\u00eddico, mas um potencial pol\u00edtico relevante.<\/p>\n\n\n\n<p>Um amigo de Lula disse que as mensagens trocadas entre subordinados de Moraes reveladas pela reportagem devem servir para alimentar perfis bolsonaristas nas redes sociais, que buscar\u00e3o tachar o caso como uma \u201cVaza Jato da direita\u201d \u2013 em compara\u00e7\u00e3o com as revela\u00e7\u00f5es envolvendo a for\u00e7a-tarefa da Opera\u00e7\u00e3o Lava Jato e o ex-juiz Sergio Moro.<\/p>\n\n\n\n<p>Falando \u00e0\u00a0<strong>CNN<\/strong>\u00a0nesta quarta-feira (14), o ministro do Desenvolvimento Agr\u00e1rio, Paulo Teixeira,\u00a0defendeu o ministro. \u201cMoraes colheu provas l\u00edcitas. Fazer qualquer rela\u00e7\u00e3o desse fato com a \u2018Vaza Jato\u2019 s\u00f3 tem um objetivo: querem usar esse fato para absolver o Jair Bolsonaro\u201d, declarou.<\/p>\n\n\n\n<p>J\u00e1 o vice-presidente e ministro do Desenvolvimento, Ind\u00fastria e Com\u00e9rcio, Geraldo Alckmin (PSB), afirmou, tamb\u00e9m nesta quarta,\u00a0que o Brasil \u201cdeve muito\u201d a Moraes. \u201cGrande jurista, retid\u00e3o e compromisso com a quest\u00e3o \u00e9tica e legal\u201d, declarou.<\/p>\n\n\n\n<p><strong>Oposi\u00e7\u00e3o quer impeachment<\/strong><\/p>\n\n\n\n<p>No lado da oposi\u00e7\u00e3o, parlamentares t\u00eam sugerido a\u00a0abertura de um processo de impeachment contra o ministro do STF e ex-presidente do TSE.<\/p>\n\n\n\n<p><strong><em>\u201cTem que ser exigida a anula\u00e7\u00e3o de todos esses atos do TSE, sobre o presidente [Jair Bolsonaro, do PL, hoje ex-presidente], do Alexandre de Moraes, o impeachment de Alexandre de Moraes e o fim desses inqu\u00e9ritos das fake news\u201d,<\/em><\/strong> afirmou o deputado federal Eduardo Bolsonaro (PL-SP).<\/p>\n\n\n\n<p>Outro filho do ex-presidente, o senador Fl\u00e1vio Bolsonaro (PL-RJ) tamb\u00e9m pediu a extin\u00e7\u00e3o de <strong><em>\u201ctodos os julgamentos\u201d<\/em><\/strong> contra seu pai em que Moraes teve participa\u00e7\u00e3o, dada <strong><em>\u201csua pr\u00e9-disposi\u00e7\u00e3o de conden\u00e1-lo\u201d.<\/em><\/strong> <strong><em>\u201cMoraes deve responder por atentado contra a democracia\u201d<\/em><\/strong>, afirmou.<\/p>\n\n\n\n<p>No Senado, est\u00e3o sendo colhidas assinaturas para a abertura de um processo de impeachment contra Moraes. J\u00e1 na C\u00e2mara, parlamentares t\u00eam articulado pela instaura\u00e7\u00e3o de uma Comiss\u00e3o Parlamentar de Inqu\u00e9rito (CPI) sobre o tema.<\/p>\n\n\n\n<p>Outra a\u00e7\u00e3o da oposi\u00e7\u00e3o veio do partido Novo,\u00a0que apresentou uma queixa-crime \u00e0 Procuradoria-Geral da Rep\u00fablica (PGR)\u00a0contra Moraes por falsidade ideol\u00f3gica e forma\u00e7\u00e3o de quadrilha.<\/p>\n\n\n\n<p><strong>Coleta p\u00fablica por impeachment<\/strong><\/p>\n\n\n\n<p>A oposi\u00e7\u00e3o pretende apresentar o pedido de impeachment contra Moraes\u00a0apenas em setembro, em decis\u00e3o baseada em dois motivos, segundo apurou a CNN: a expectativa por novas revela\u00e7\u00f5es da Folha de S.Paulo e a pretens\u00e3o de angariar for\u00e7a pol\u00edtica ao pedido.<\/p>\n\n\n\n<p>Senadores querem realizar uma coleta p\u00fablica de assinaturas pelo impeachment do ministro at\u00e9 7 de setembro \u2013 dia em que se celebra a Independ\u00eancia do Brasil e que, nos \u00faltimos anos, foi data de protestos de rua da direita -, entregando o documento ao presidente do Senado, Rodrigo Pacheco (PSD-MG), em 9 de setembro.<\/p>\n\n\n\n<p>At\u00e9 o momento, a expectativa \u00e9 que Pacheco n\u00e3o avance com os pedidos no Senado, por entender que\u00a0ainda n\u00e3o h\u00e1 elementos suficientes para dar encaminhamento ao processo, apurou a\u00a0<strong>CNN<\/strong>\u00a0com fontes pr\u00f3ximas ao presidente do Congresso.<\/p>\n\n\n\n<p><strong>Ministros do STF saem em defesa<\/strong><\/p>\n\n\n\n<p>Se no meio jur\u00eddico\u00a0h\u00e1 diverg\u00eancias sobre a conduta de Moraes, no Supremo Tribunal Federal (STF),\u00a0ministros t\u00eam sa\u00eddo em defesa do colega de Corte.<\/p>\n\n\n\n<p>Em evento em Bras\u00edlia, o ministro Fl\u00e1vio Dino disse, nesta quarta,\u00a0que \u201caquele que cumpre seu dever \u00e9 atacado\u201d. \u201cN\u00e3o consegui encontrar em que cap\u00edtulo, que preceito isso (revela\u00e7\u00e3o da Folha de S.Paulo) viola qualquer tipo de determina\u00e7\u00e3o da nossa ordem jur\u00eddica\u201d, afirmou.<\/p>\n\n\n\n<p>J\u00e1 o presidente do STF, Lu\u00eds Roberto Barroso, falou, durante abertura de sess\u00e3o na Corte,\u00a0em \u201ctempestade fict\u00edcia\u201d contra Moraes. \u201cTodas as informa\u00e7\u00f5es que foram solicitadas pelo ministro Alexandre de Moraes referiam-se a pessoas que j\u00e1 estavam sendo investigadas, portanto, inqu\u00e9ritos que j\u00e1 estavam abertos\u201d, declarou.<\/p>\n\n\n\n<p><strong>Posi\u00e7\u00e3o de Moraes<\/strong><\/p>\n\n\n\n<p>Nesta quarta-feira (14), Alexandre de Moraes se manifestou publicamente pela primeira vez sobre a reportagem da Folha de S.Paulo. Moraes afirmou que<strong><em>\u00a0\u201ctodos os procedimentos foram realizados no \u00e2mbitos de investiga\u00e7\u00f5es j\u00e1 existentes\u201c.<\/em><\/strong><\/p>\n\n\n\n<p>O ministro j\u00e1 tinha se manifestado por meio de nota de seu gabinete, em que afirma que, no curso das investiga\u00e7\u00f5es, diversas determina\u00e7\u00f5es, requisi\u00e7\u00f5es e solicita\u00e7\u00f5es foram feitas a in\u00fameros \u00f3rg\u00e3os, inclusive ao TSE.<\/p>\n\n\n\n<p><strong><em>\u201cOs relat\u00f3rios simplesmente descreviam as postagens il\u00edcitas realizadas nas redes sociais, de maneira objetiva, em virtude de estarem diretamente ligadas \u00e0s investiga\u00e7\u00f5es de mil\u00edcias digitais\u201d,<\/em><\/strong> declarou na nota.<\/p>\n\n\n\n<p><strong><em>\u201cTodos os procedimentos foram oficiais, regulares e est\u00e3o devidamente documentados nos inqu\u00e9ritos e investiga\u00e7\u00f5es em curso no STF, com integral participa\u00e7\u00e3o da Procuradoria Geral da Rep\u00fablica\u201d,<\/em><\/strong> acrescentou.<\/p>\n\n\n\n<p><em>Fonte: CNN<\/em><\/p>\n","protected":false},"excerpt":{"rendered":"<p>Reportagem do jornal Folha de S.Paulo aponta suposto uso informal da estrutura do TSE sob a presid\u00eancia de Moraes para subsidiar investiga\u00e7\u00f5es contra bolsonaristas no STF<\/p>\n","protected":false},"author":2,"featured_media":45366,"comment_status":"open","ping_status":"open","sticky":false,"template":"","format":"standard","meta":{"om_disable_all_campaigns":false,"_monsterinsights_skip_tracking":false,"_monsterinsights_sitenote_active":false,"_monsterinsights_sitenote_note":"","_monsterinsights_sitenote_category":0,"footnotes":""},"categories":[34,70,69,21],"tags":[100,1173,71,48,93,75,4178,4180,129,107,4181,132,230,106,203,120,51,199,109,88,47,111,216,190],"class_list":["post-59705","post","type-post","status-publish","format-standard","has-post-thumbnail","hentry","category-brasil","category-destaques","category-noticias2","category-politica","tag-adustina","tag-alexandre-de-moraes","tag-antas","tag-araci","tag-brasil","tag-cicero-dantas","tag-cipo-2","tag-crisopolis-2","tag-euclides-da-cunha","tag-fatima","tag-heliopolis-2","tag-itapicuru","tag-jeremoabo","tag-nova-soure","tag-novo-triunfo","tag-olindina","tag-paripiranga","tag-politica","tag-quijingue","tag-ribeira-do-amparo","tag-ribeira-do-pombal","tag-sitio-do-quinto","tag-stf","tag-tucano"],"aioseo_notices":[],"_links":{"self":[{"href":"https:\/\/www.portalalerta.com.br\/index.php\/wp-json\/wp\/v2\/posts\/59705","targetHints":{"allow":["GET"]}}],"collection":[{"href":"https:\/\/www.portalalerta.com.br\/index.php\/wp-json\/wp\/v2\/posts"}],"about":[{"href":"https:\/\/www.portalalerta.com.br\/index.php\/wp-json\/wp\/v2\/types\/post"}],"author":[{"embeddable":true,"href":"https:\/\/www.portalalerta.com.br\/index.php\/wp-json\/wp\/v2\/users\/2"}],"replies":[{"embeddable":true,"href":"https:\/\/www.portalalerta.com.br\/index.php\/wp-json\/wp\/v2\/comments?post=59705"}],"version-history":[{"count":1,"href":"https:\/\/www.portalalerta.com.br\/index.php\/wp-json\/wp\/v2\/posts\/59705\/revisions"}],"predecessor-version":[{"id":59706,"href":"https:\/\/www.portalalerta.com.br\/index.php\/wp-json\/wp\/v2\/posts\/59705\/revisions\/59706"}],"wp:featuredmedia":[{"embeddable":true,"href":"https:\/\/www.portalalerta.com.br\/index.php\/wp-json\/wp\/v2\/media\/45366"}],"wp:attachment":[{"href":"https:\/\/www.portalalerta.com.br\/index.php\/wp-json\/wp\/v2\/media?parent=59705"}],"wp:term":[{"taxonomy":"category","embeddable":true,"href":"https:\/\/www.portalalerta.com.br\/index.php\/wp-json\/wp\/v2\/categories?post=59705"},{"taxonomy":"post_tag","embeddable":true,"href":"https:\/\/www.portalalerta.com.br\/index.php\/wp-json\/wp\/v2\/tags?post=59705"}],"curies":[{"name":"wp","href":"https:\/\/api.w.org\/{rel}","templated":true}]}}